{"id":1031,"date":"2021-02-18T06:55:00","date_gmt":"2021-02-18T05:55:00","guid":{"rendered":"http:\/\/91.98.205.163:8089\/?p=1031"},"modified":"2021-11-30T13:49:04","modified_gmt":"2021-11-30T12:49:04","slug":"dialog-med-ivar-om-korona-i-norge-og-lockdown","status":"publish","type":"post","link":"https:\/\/laernorsknaa.com\/es\/dialog-med-ivar-om-korona-i-norge-og-lockdown\/","title":{"rendered":"Dialog med Ivar om korona i Norge og lockdown"},"content":{"rendered":"<p>18 februar 2021 | 15 minutes<\/p>\n\n\n\t\t\t<style type=\"text\/css\">#pp-podcast-243 a, .pp-modal-window .modal-243 a, .pp-modal-window .aux-modal-243 a, #pp-podcast-243 .ppjs__more { color: #c8102e; } #pp-podcast-243:not(.modern) .ppjs__audio .ppjs__button.ppjs__playpause-button button *, #pp-podcast-243:not(.modern) .ppjs__audio .ppjs__button.ppjs__playpause-button button:hover *, #pp-podcast-243:not(.modern) .ppjs__audio .ppjs__button.ppjs__playpause-button button:focus *, .pp-modal-window .modal-243 .ppjs__audio .ppjs__button.ppjs__playpause-button button *, .pp-modal-window .modal-243 .ppjs__audio .ppjs__button.ppjs__playpause-button button:hover *, .pp-modal-window .modal-243 .ppjs__audio .ppjs__button.ppjs__playpause-button button:focus *, .pp-modal-window .aux-modal-243 .pod-entry__play *, .pp-modal-window .aux-modal-243 .pod-entry__play:hover * { color: #c8102e !important; } #pp-podcast-243.postview .episode-list__load-more, .pp-modal-window .aux-modal-243 .episode-list__load-more, #pp-podcast-243:not(.modern) .ppjs__time-handle-content, .modal-243 .ppjs__time-handle-content { border-color: #c8102e !important; } #pp-podcast-243:not(.modern) .ppjs__audio-time-rail, #pp-podcast-243.lv3 .pod-entry__play, #pp-podcast-243.lv4 .pod-entry__play, #pp-podcast-243.gv2 .pod-entry__play, #pp-podcast-243.modern.wide-player .ppjs__audio .ppjs__button.ppjs__playpause-button button, #pp-podcast-243.modern.wide-player .ppjs__audio .ppjs__button.ppjs__playpause-button button:hover, #pp-podcast-243.modern.wide-player .ppjs__audio .ppjs__button.ppjs__playpause-button button:focus, .pp-modal-window .modal-243 button.episode-list__load-more, .pp-modal-window .modal-243 .ppjs__audio-time-rail, .pp-modal-window .modal-243 button.pp-modal-close { background-color: #c8102e !important; } #pp-podcast-243 .hasCover .ppjs__audio .ppjs__button.ppjs__playpause-button button { background-color: rgba(0, 0, 0, 0.5) !important; } .pp-modal-window .modal-243 button.episode-list__load-more:hover, .pp-modal-window .modal-243 button.episode-list__load-more:focus, .pp-modal-window .aux-modal-243 button.episode-list__load-more:hover, .pp-modal-window .aux-modal-243 button.episode-list__load-more:focus { background-color: rgba( 200,16,46, 0.7 ) !important; } #pp-podcast-243 .ppjs__button.toggled-on, .pp-modal-window .modal-243 .ppjs__button.toggled-on, #pp-podcast-243.playerview .pod-entry.activeEpisode, .pp-modal-window .modal-243.playerview .pod-entry.activeEpisode { background-color: rgba( 200,16,46, 0.1 ); } #pp-podcast-243.postview .episode-list__load-more { background-color: transparent !important; } #pp-podcast-243.modern:not(.wide-player) .ppjs__audio .ppjs__button.ppjs__playpause-button button *, #pp-podcast-243.modern:not(.wide-player) .ppjs__audio .ppjs__button.ppjs__playpause-button button:hover *, #pp-podcast-243.modern:not(.wide-player) .ppjs__audio .ppjs__button.ppjs__playpause-button button:focus * { color: #c8102e !important; } #pp-podcast-243.modern:not(.wide-player) .ppjs__time-handle-content { border-color: #c8102e !important; } #pp-podcast-243.modern:not(.wide-player) .ppjs__audio-time-rail { background-color: #c8102e !important; } #pp-podcast-243, .modal-243, .aux-modal-243 { --pp-accent-color: #c8102e; }<\/style>\n\t\t\t<div id=\"pp-podcast-243\" class=\"pp-podcast single-episode has-header header-hidden has-featured playerview media-audio\"  data-teaser=\"\" data-elength=\"25\" data-eunit=\"\" data-ppsdata=\"{&quot;ppe-243-1&quot;:{&quot;title&quot;:&quot;Dialog med Ivar om korona i Norge og lockdown&quot;,&quot;description&quot;:&quot;&lt;p&gt;Epost: Laernorsknaa@gmail.com&lt;\\\/p&gt;\\n&lt;p&gt;Teksten til episoden: &lt;a href=\\&quot;https:\\\/\\\/laernorsknaa.com\\\/?p=1031\\&quot; target=\\&quot;_blank\\&quot; rel=\\&quot;external noreferrer noopener\\&quot;&gt;https:\\\/\\\/laernorsknaa.com\\\/&lt;strong&gt;dialog-med-ivar-om-korona-i-norge-og-lockdown&lt;\\\/strong&gt;\\\/&lt;\\\/a&gt;\\u00a0&lt;\\\/p&gt;\\n&lt;p&gt;&lt;\\\/p&gt;\\n&lt;p&gt;YouTube:\\u00a0&lt;a href=\\&quot;https:\\\/\\\/www.youtube.com\\\/channel\\\/UCxdRJ5lW2QlUNRfff-ZoE-A\\\/videos\\&quot;&gt;\\u2060\\u2060\\u2060https:\\\/\\\/www.youtube.com\\\/channel\\\/UCxdRJ5lW2QlUNRfff-ZoE-A\\\/videos\\u2060\\u2060&lt;\\\/a&gt;&lt;\\\/p&gt;\\n&lt;p&gt;&lt;\\\/p&gt;\\n&lt;p&gt;&lt;strong&gt;St\\u00f8tt podkasten: &lt;\\\/strong&gt;&lt;\\\/p&gt;\\n&lt;p&gt;Patreon:\\u00a0&lt;a href=\\&quot;https:\\\/\\\/www.patreon.com\\\/laernorsknaa\\&quot;&gt;\\u2060\\u2060https:\\\/\\\/www.patreon.com\\\/laernorsknaa\\u2060\\u2060&lt;\\\/a&gt;&lt;\\\/p&gt;\\n&lt;p&gt;Donasjon (Paypal):\\u00a0&lt;a href=\\&quot;https:\\\/\\\/www.paypal.com\\\/donate\\\/?hosted_button_id=KG22H9FPVG22N\\&quot;&gt;\\u2060\\u2060Doner (paypal.com)\\u2060&lt;\\\/a&gt;&lt;\\\/p&gt;\\n&lt;p&gt;&lt;\\\/p&gt;\\n&quot;,&quot;author&quot;:&quot;Marius Stangeland&quot;,&quot;date&quot;:&quot;18-02-2021&quot;,&quot;link&quot;:&quot;https:\\\/\\\/podcasters.spotify.com\\\/pod\\\/show\\\/marius-stangeland\\\/episodes\\\/Dialog-med-Ivar-om-korona-i-Norge-og-lockdown-eqdk6s&quot;,&quot;src&quot;:&quot;https:\\\/\\\/anchor.fm\\\/s\\\/19b5cbd8\\\/podcast\\\/play\\\/26709660\\\/https%3A%2F%2Fd3ctxlq1ktw2nl.cloudfront.net%2Fstaging%2F2021-1-14%2F4b642342-ae6f-361a-32de-9d5ca9a92322.mp3&quot;,&quot;featured&quot;:&quot;https:\\\/\\\/laernorsknaa.com\\\/wp-content\\\/uploads\\\/2022\\\/01\\\/4213446-1585566143867-7d01c6beaaa3a.jpg&quot;,&quot;featured_id&quot;:2539,&quot;mediatype&quot;:&quot;audio&quot;,&quot;season&quot;:0,&quot;categories&quot;:[],&quot;duration&quot;:&quot;15:10&quot;,&quot;episodetype&quot;:&quot;full&quot;,&quot;timestamp&quot;:1613628000,&quot;key&quot;:&quot;9d294192ce2afec6b5ac3288670ba8a5&quot;,&quot;fset&quot;:&quot;https:\\\/\\\/laernorsknaa.com\\\/wp-content\\\/uploads\\\/2022\\\/01\\\/4213446-1585566143867-7d01c6beaaa3a.jpg 400w, https:\\\/\\\/laernorsknaa.com\\\/wp-content\\\/uploads\\\/2022\\\/01\\\/4213446-1585566143867-7d01c6beaaa3a-300x300.jpg 300w, https:\\\/\\\/laernorsknaa.com\\\/wp-content\\\/uploads\\\/2022\\\/01\\\/4213446-1585566143867-7d01c6beaaa3a-150x150.jpg 150w, https:\\\/\\\/laernorsknaa.com\\\/wp-content\\\/uploads\\\/2022\\\/01\\\/4213446-1585566143867-7d01c6beaaa3a-100x100.jpg 100w&quot;,&quot;fratio&quot;:1},&quot;load_info&quot;:{&quot;loaded&quot;:1,&quot;displayed&quot;:1,&quot;offset&quot;:0,&quot;maxItems&quot;:1,&quot;src&quot;:&quot;b17db09ac4978c39be4e5d07ad0221d4&quot;,&quot;step&quot;:1,&quot;sortby&quot;:&quot;sort_date_desc&quot;,&quot;filterby&quot;:&quot;Dialog med Ivar om korona i Norge og lockdown&quot;,&quot;fixed&quot;:&quot;&quot;,&quot;args&quot;:{&quot;imgurl&quot;:&quot;https:\\\/\\\/d3t3ozftmdmh3i.cloudfront.net\\\/production\\\/podcast_uploaded\\\/4213446\\\/4213446-1585566145786-524dbdb4bc3cb.jpg&quot;,&quot;imgset&quot;:&quot;&quot;,&quot;display&quot;:&quot;&quot;,&quot;hddesc&quot;:0,&quot;hdfeat&quot;:0,&quot;oricov&quot;:&quot;https:\\\/\\\/d3t3ozftmdmh3i.cloudfront.net\\\/production\\\/podcast_uploaded\\\/4213446\\\/4213446-1585566145786-524dbdb4bc3cb.jpg&quot;,&quot;elength&quot;:25}},&quot;rdata&quot;:{&quot;permalink&quot;:&quot;https:\\\/\\\/laernorsknaa.com\\\/es\\\/wp-json\\\/wp\\\/v2\\\/posts\\\/1031&quot;,&quot;fprint&quot;:&quot;b17db09ac4978c39be4e5d07ad0221d4&quot;,&quot;from&quot;:&quot;feedurl&quot;,&quot;elen&quot;:25,&quot;eunit&quot;:&quot;&quot;,&quot;teaser&quot;:&quot;&quot;,&quot;title&quot;:&quot;L\\u00e6r norsk n\\u00e5!&quot;,&quot;autoplay&quot;:&quot;&quot;}}\"><div class=\"pp-podcast__wrapper\"><div class=\"pp-podcast__info pod-info\"><div class=\"pod-info__header pod-header\"><div class=\"pod-header__image\"><div class=\"pod-header__image-wrapper\"><img decoding=\"async\" class=\"podcast-cover-image\" src=\"https:\/\/d3t3ozftmdmh3i.cloudfront.net\/production\/podcast_uploaded\/4213446\/4213446-1585566145786-524dbdb4bc3cb.jpg\" srcset=\"\" sizes=\"(max-width: 640px) 100vw, 25vw\" alt=\"L\u00e6r norsk n\u00e5!\"><\/div><span class=\"pod-header__image-style\" style=\"display: block; width: 100%; padding-top: 100%\"><\/div><div class=\"pod-header__items pod-items\"><div class=\"pod-items__title\">L\u00e6r norsk n\u00e5!<\/div><div class=\"pod-items__desc\"><p>\u201cL\u00e6r Norsk N\u00e5!\u201d is a podcast for the intermediate Norwegian learner (B1-B2) who wants to listen to authentic Norwegian spoken in a clear and slow manner. Transcriptions for the episodes are easily available at the website for the podcast, providing textual support for the spoken material. The podcast deals with many different topics including history, culture, science, literature, the Norwegian language and more; this provides the learner with a range of different topics in Norwegian, leading to ample opportunity to improve one\u2019s Norwegian. It is also a fun and engaging way of learning!<\/p>\n<\/div><div class=\"pod-items__navi-menu\"><a href=\"https:\/\/podcasts.apple.com\/us\/podcast\/l%C3%A6r-norsk-n%C3%A5\/id1509716748\" class=\"subscribe-item pp-badge apple-sub\" target=\"_blank\"><svg class=\"icon icon-pp-apple\" aria-hidden=\"true\" role=\"img\" focusable=\"false\"><use href=\"#icon-pp-apple\" xlink:href=\"#icon-pp-apple\"><\/use><\/svg><span class=\"sub-text\"><span class=\"sub-listen-text\">Esc\u00fachalo en:<\/span><span class=\"sub-item-text\">Apple Podcasts<\/span><\/span><\/a><a href=\"https:\/\/podcasts.google.com\/feed\/aHR0cHM6Ly9hbmNob3IuZm0vcy8xOWI1Y2JkOC9wb2RjYXN0L3Jzcw==\" class=\"subscribe-item pp-badge google-sub\" target=\"_blank\"><svg class=\"icon icon-pp-google\" aria-hidden=\"true\" role=\"img\" focusable=\"false\"><use href=\"#icon-pp-google\" xlink:href=\"#icon-pp-google\"><\/use><\/svg><span class=\"sub-text\"><span class=\"sub-listen-text\">Esc\u00fachalo en:<\/span><span class=\"sub-item-text\"><span>Google <\/span><span style=\"font-weight: normal;\">P\u00f3dcast<\/span><\/span><\/span><\/a><a href=\"https:\/\/open.spotify.com\/show\/6GWf9sFwRSFcGZMAeFPyvY\" class=\"subscribe-item pp-badge spotify-sub\" target=\"_blank\"><span class=\"sub-text\"><span class=\"sub-listen-text\">Esc\u00fachalo en:<\/span><\/span><svg class=\"icon icon-pp-spotify\" aria-hidden=\"true\" role=\"img\" focusable=\"false\"><use href=\"#icon-pp-spotify\" xlink:href=\"#icon-pp-spotify\"><\/use><\/svg><span class=\"sub-text\"><span class=\"sub-item-text\">Spotify<\/span><\/span><\/a><\/div><\/div><\/div><\/div><div class=\"pp-podcast__content pod-content\"><div class=\"pp-podcast__single\"><div class=\"pp-podcast__player\"><div class=\"pp-player-episode\"><audio id=\"pp-podcast-243-player\" preload=\"none\" class=\"pp-podcast-episode\" style=\"width: 100%;\" controls=\"controls\"><source type=\"audio\/mpeg\" src=\"https:\/\/anchor.fm\/s\/19b5cbd8\/podcast\/play\/26709660\/https%3A%2F%2Fd3ctxlq1ktw2nl.cloudfront.net%2Fstaging%2F2021-1-14%2F4b642342-ae6f-361a-32de-9d5ca9a92322.mp3\" \/><\/audio><\/div><\/div><div class=\"pod-content__episode episode-single\"><button class=\"episode-single__close\" aria-expanded=\"false\" aria-label=\"Cerrar el episodio individual\"><span class=\"btn-icon-wrap\"><svg class=\"icon icon-pp-x\" aria-hidden=\"true\" role=\"img\" focusable=\"false\"><use href=\"#icon-pp-x\" xlink:href=\"#icon-pp-x\"><\/use><\/svg><\/span><\/button><div class=\"episode-single__wrapper\"><div class=\"episode-single__header\"><div class=\"episode-single__title\">Dialog med Ivar om korona i Norge og lockdown<\/div><div class=\"episode-single__author\"><span class=\"byname\">por<\/span><span class=\"single-author\">Marius Stangeland<\/span><\/div><\/div><div class=\"episode-single__description\"><p>Epost: Laernorsknaa@gmail.com<\/p><p>Teksten til episoden: <a href=\"https:\/\/laernorsknaa.com\/es\/?p=1031\" target=\"_blank\" rel=\"external noreferrer noopener\">https:\/\/laernorsknaa.com\/<strong>dialog-med-ivar-om-korona-i-norge-og-lockdown<\/strong>\/<\/a>\u00a0<\/p><p><\/p><p>YouTube:\u00a0<a href=\"https:\/\/www.youtube.com\/channel\/UCxdRJ5lW2QlUNRfff-ZoE-A\/videos\">\u2060\u2060\u2060https:\/\/www.youtube.com\/channel\/UCxdRJ5lW2QlUNRfff-ZoE-A\/videos\u2060\u2060<\/a><\/p><p><\/p><p><strong>St\u00f8tt podkasten: <\/strong><\/p><p>Patreon:\u00a0<a href=\"https:\/\/www.patreon.com\/laernorsknaa\">\u2060\u2060https:\/\/www.patreon.com\/laernorsknaa\u2060\u2060<\/a><\/p><p>Donasjon (Paypal):\u00a0<a href=\"https:\/\/www.paypal.com\/donate\/?hosted_button_id=KG22H9FPVG22N\">\u2060\u2060Doner (paypal.com)\u2060<\/a><\/p><p><\/p><\/div><\/div><div class=\"ppjs__img-wrapper\"><div class=\"ppjs__img-btn-cover\"><img decoding=\"async\" class=\"ppjs__img-btn\" src=\"https:\/\/laernorsknaa.com\/wp-content\/uploads\/2022\/01\/4213446-1585566143867-7d01c6beaaa3a.jpg\" srcset=\"https:\/\/laernorsknaa.com\/wp-content\/uploads\/2022\/01\/4213446-1585566143867-7d01c6beaaa3a.jpg 400w, https:\/\/laernorsknaa.com\/wp-content\/uploads\/2022\/01\/4213446-1585566143867-7d01c6beaaa3a-300x300.jpg 300w, https:\/\/laernorsknaa.com\/wp-content\/uploads\/2022\/01\/4213446-1585566143867-7d01c6beaaa3a-150x150.jpg 150w, https:\/\/laernorsknaa.com\/wp-content\/uploads\/2022\/01\/4213446-1585566143867-7d01c6beaaa3a-100x100.jpg 100w\" sizes=\"(max-width: 640px) 100vw, 300px\" alt=\"Dialog med Ivar om korona i Norge og lockdown\"><\/div><span class=\"ppjs__img-btn-style\" style=\"display: block; width: 100%; padding-top: 100%\"><\/div><\/div><\/div><\/div><\/div><div class=\"pod-content__launcher pod-launch\"><button class=\"pod-launch__button pod-launch__info pod-button\" aria-expanded=\"false\"><span class=\"ppjs__offscreen\">Mostrar la informaci\u00f3n del p\u00f3dcast<\/span><span class=\"btn-icon-wrap\"><svg class=\"icon icon-pp-podcast\" aria-hidden=\"true\" role=\"img\" focusable=\"false\"><use href=\"#icon-pp-podcast\" xlink:href=\"#icon-pp-podcast\"><\/use><\/svg><svg class=\"icon icon-pp-x\" aria-hidden=\"true\" role=\"img\" focusable=\"false\"><use href=\"#icon-pp-x\" xlink:href=\"#icon-pp-x\"><\/use><\/svg><\/span><\/button><\/div><\/div>\n\n\n<h2 class=\"wp-block-heading\"><strong>Transcripci\u00f3n<\/strong><\/h2>\n\n\n\n<div class=\"wp-block-group transcript has-background\" style=\"background-color:#eff8ff\"><div class=\"wp-block-group__inner-container is-layout-flow wp-block-group-is-layout-flow\">\n<p>Hei! Dette er en dialog med Ivar om korona i Norge og spesielt lockdownen i mars 2020. Dere kan finne transkripsjonen, alts\u00e5 teksten, til episoden p\u00e5 nettstedet til podkasten. Jeg har skrevet det p\u00e5 b\u00e5de norsk og engelsk. I tillegg kan dere se hele intervjuet med undertekster p\u00e5 YouTube.  P\u00e5 YouTube er planen \u00e5 legge ut flere slike teksta videoer i framtida der jeg vil legge ut intervjuer og lignende. S\u00e5 sjekk ut det ogs\u00e5. La oss g\u00e5 til intervjuet.<\/p>\n\n\n\n<p><strong>Transkripsjon p\u00e5 norsk<\/strong><\/p>\n\n\n\n<p>Hei Ivar, kjekt \u00e5 at du vil vera med p\u00e5 eit intervju.<\/p>\n\n\n\n<p>Takk, Marius .<\/p>\n\n\n\n<p>For dei som ikkje kjenner Ivar, s\u00e5 har han vore gjest tidelgare p\u00e5 podkasten.<\/p>\n\n\n\n<p>S\u00e5 dette blir b\u00e5de lagt ut p\u00e5 podkasten og p\u00e5 YouTube-kanalen.<\/p>\n\n\n\n<p>Men I dag Ivar s\u00e5 skal me snakka om korona og lockdowned s\u00e5 kom I mars.<\/p>\n\n\n\n<p>Ja<\/p>\n\n\n\n<p>Det husker du sikkert godt.<\/p>\n\n\n\n<p>Husker du kor du var? Det var vel 13. Mars, var det det?<\/p>\n\n\n\n<p>Eg syns \u00e5 huska at det var 12. Mars<\/p>\n\n\n\n<p>Ja, det var nok 12. Mars ja.<\/p>\n\n\n\n<p>Det var jaffal ein torsdag trur eg.<\/p>\n\n\n\n<p>Det dagen hugsar eg veldig godt fordi<\/p>\n\n\n\n<p>Eg er jo student,<\/p>\n\n\n\n<p>&nbsp;og s\u00e5 er det jo naturleg at eg hadde vert p\u00e5 uniersitetet for&nbsp; studerea.<\/p>\n\n\n\n<p>Men den dagen s\u00e5 tenkte at<\/p>\n\n\n\n<p>eg gidder ikkje \u00e5 dra p\u00e5 universitet fordi det er s\u00e5 typisk at n\u00e5,<\/p>\n\n\n\n<p>n\u00e5 stenger de ned &nbsp;NTNU som me g\u00e5r p\u00e5<\/p>\n\n\n\n<p>Og det gjorde dei, haha!<\/p>\n\n\n\n<p><\/p>\n\n\n\n<p>S\u00e5 er hugsar veldig godt at eg satt heima rundt stuebordet.<\/p>\n\n\n\n<p>\u00abChatta\u00bb med, snakka med dei kollektivkameratane vore, hehe.<\/p>\n\n\n\n<p>Ogs\u00e5 var det jo sagt<\/p>\n\n\n\n<p>Regjeringa hadde g\u00e5tt ut og sagt at dei skulle ha ein pressekonferanse.<\/p>\n\n\n\n<p>S\u00e5 me tenkte dette m\u00e5tte m\u00e5 f\u00e5 med oss.<\/p>\n\n\n\n<p>Og der sa dei jo at n\u00e5, n\u00e5 stenger Noreg ned.<\/p>\n\n\n\n<p>S\u00e5 me satt I sofaen ute I stua og tenkte berre: Kva skjer n\u00e5?<\/p>\n\n\n\n<p>Ja, eg hugsar at det var veldig dramatisk<\/p>\n\n\n\n<p><\/p>\n\n\n\n<p>F\u00f8ltes ut som om heile samfunnet berre skulle liksom g\u00e5 i dvalemodus d\u00e5.<\/p>\n\n\n\n<p>Men hugsar litt kva reaksjonar de hadde n\u00e5r de s\u00e5t liksom rundt og s\u00e5g dette her p\u00e5 TV?<\/p>\n\n\n\n<p>Ja, eg hugsar Ganske godt at alle var<\/p>\n\n\n\n<p><\/p>\n\n\n\n<p>Det me kaller for lammesl\u00e5tte. At me ikkje visste heilt kva me skulle gjera.<\/p>\n\n\n\n<p>Ingen av oss klarte liksom \u00e5 jobba noko meir med skule.<\/p>\n\n\n\n<p>S\u00e5 me satte oss ned ogs\u00e5 spilte me [dataspill], haha.<\/p>\n\n\n\n<p>Fordi, det var s\u00e5, s\u00e5 vanskeleg \u00e5 forst\u00e5 kva som skjedde.<\/p>\n\n\n\n<p>Vanskeleg \u00e5 forst\u00e5 at no blei kvardagen heilt forskjellig i forhold til det den hadde vore f\u00f8r d\u00e5.<\/p>\n\n\n\n<p>M\u00e5ten me takla det p\u00e5 var rett og slett \u00e5 fjerna oss fr\u00e5 det og spela litt, haha.<\/p>\n\n\n\n<p>Ogs\u00e5 gjekk me i tillegg p\u00e5 butikken<\/p>\n\n\n\n<p>&nbsp;som sikkert 80% av resten folket ogs\u00e5 gjorde.<\/p>\n\n\n\n<p>Fordi, me tenkte at me skulle ikkje hamstra.<\/p>\n\n\n\n<p><\/p>\n\n\n\n<p>Det var eit ord som blei brukt veldig mykje I forbinding med lockdownen d\u00e5.<\/p>\n\n\n\n<p>Hamstra tyder d\u00e5 at me kj\u00f8per sjukt mykje av ein og same ting.<\/p>\n\n\n\n<p>Som gjer at det ikkje er noko igjen til andre som har lyst p\u00e5<\/p>\n\n\n\n<p>Me tenkte likevel at me m\u00e5tte ha litt toalettpapir.<\/p>\n\n\n\n<p>&nbsp;Og me m\u00e5tt ha noko mat I tilfelle butikkane blei stengt.<\/p>\n\n\n\n<p>Det som det viste seg var at n\u00e5r me kom der<\/p>\n\n\n\n<p>Det var omtrent ikkje toalettpapir igjen.<\/p>\n\n\n\n<p><\/p>\n\n\n\n<p>Eg har aldri vert med p\u00e5 at det har vore s\u00e5 lange k\u00f8ar p\u00e5 den Kiwien som me handlar p\u00e5.<\/p>\n\n\n\n<p>Ja, Kiwi er ein matbutikk.<\/p>\n\n\n\n<p>Ja, veldig bra.<\/p>\n\n\n\n<p>Det var k\u00f8 halvvegs ut i butikken.<\/p>\n\n\n\n<p>Det var utruleg lang k\u00f8.<\/p>\n\n\n\n<p>Folk gjekk med to handlekorger, Hahaha!<\/p>\n\n\n\n<p><\/p>\n\n\n\n<p>Stappfulle med, ja, kjips og toalettpapir og alt, alt ein trudde ein trengde.<\/p>\n\n\n\n<p>Det var utruleg rar kjensle, rett og slett.<\/p>\n\n\n\n<p>Ja, eg hugsar det sj\u00f8lv ogs\u00e5.<\/p>\n\n\n\n<p>N\u00e5r eg skulle handla<\/p>\n\n\n\n<p>Ja du handla ogs\u00e5?<\/p>\n\n\n\n<p>Ja, nei, eg handla ikkje same dagen. Og det va litt av problemet.<\/p>\n\n\n\n<p>For eg tenkte eg gidder ikkje \u00e5 handla i dag.<\/p>\n\n\n\n<p>&nbsp;Alt stenger ned. Det kjem til \u00e5 vera heil enorme k\u00f8ar.<\/p>\n\n\n\n<p>S\u00e5 eg tek helde \u00e5 ventar eit par dagar. Utruleg d\u00e5rleg id\u00e9, hahaha.<\/p>\n\n\n\n<p>Det var heilt tomt i butikken. Og eg har aldri sett butikken s\u00e5 tom p\u00e5 ein m\u00e5te.<\/p>\n\n\n\n<p>S\u00e5 det var jo p\u00e5 ein m\u00e5te litt skremmande ogs\u00e5, hugsar eg.<\/p>\n\n\n\n<p>Det var jo panikk p\u00e5 ein m\u00e5te blant folk som gjorde at folk kj\u00f8pte og kj\u00f8pt og kj\u00f8pte.<\/p>\n\n\n\n<p>Noko som eigentleg ikkje var naudsynt.<\/p>\n\n\n\n<p>Eg hugsar eg kj\u00f8pte det som heitar lapskaus, ein s\u00e5nn grytetrett, p\u00e5 boks.<\/p>\n\n\n\n<p><\/p>\n\n\n\n<p>S\u00e5nn aluminiums boks som skal halda seg veldig lenge, s\u00e5nn I tilfelle, haha.<\/p>\n\n\n\n<p>Eg trur eg enda med \u00e5 eta det eit halv\u00e5r seinare, hahaha.<\/p>\n\n\n\n<p>Eg trengte den ikkje, men det var ein tanke liksom at eg m\u00e5 ha noko mat I tilefelle liksom.<\/p>\n\n\n\n<p>S\u00e5, ja det var skikkeleg skikkeleg spesielt.<\/p>\n\n\n\n<p><br>Det er det n\u00e6rmaste eg har opplev&nbsp; panikk I det norske samfunnet d\u00e5.<\/p>\n\n\n\n<p>Kor folk visste rett og slett ikkje kva dei skulle gjera<\/p>\n\n\n\n<p>Dei tenkte: Me m\u00e5 ha nok mat til \u00e5 klara oss sj\u00f8lve.<\/p>\n\n\n\n<p>Det var utruleg merkeleg \u00e5 fulla med p\u00e5.<\/p>\n\n\n\n<p><\/p>\n\n\n\n<p>Absolutt, det var nesten surrealistisk.<\/p>\n\n\n\n<p>Alts\u00e5 at du ikkje heilt klarar \u00e5 tru at dette er ekte p\u00e5 ein mate, at dette faktisk skjer.<\/p>\n\n\n\n<p>Det var utruleg.<\/p>\n\n\n\n<p>Ja, det var heilt uturleg.<\/p>\n\n\n\n<p>Ja, det var nok p\u00e5 ein mate det mest<\/p>\n\n\n\n<p>&nbsp;Kva skal eg sei. Det mest innhaldsrike,<\/p>\n\n\n\n<p>alts\u00e5 det meste som skjedde i denne to vekers lockdowned d\u00e5, i mars.<\/p>\n\n\n\n<p>For etterp\u00e5 s\u00e5, s\u00e5, s\u00e5 var det jo ingenitng som skjedde.<\/p>\n\n\n\n<p>Ja, akkurat, hahaha. Det varl litt av problemet.<\/p>\n\n\n\n<p>Det var to veker der me ikkje hadde lov utforbi huset utan for \u00e5 lufta seg og g\u00e5 p\u00e5 matbutikken.<\/p>\n\n\n\n<p>Det gjorde jo at det var spesiell greia det ogs\u00e5.<\/p>\n\n\n\n<p>For d\u00e5 var det jo nokon som framleis var interesserte i \u00e5 finna p\u00e5 ting.<\/p>\n\n\n\n<p>S\u00e5 dei byrja jo \u00e5 arrangera netquizer og rett og slett ting over nettet som ein kunne gjera medan ein satt heima.<\/p>\n\n\n\n<p><\/p>\n\n\n\n<p>Veldig mange bra initiativ.<\/p>\n\n\n\n<p>Ja, de var ganske p\u00e5.<\/p>\n\n\n\n<p>Ja, for, p\u00e5 dette tidspunktet budde ikkje meg og Ivar saman.<\/p>\n\n\n\n<p>Eg flytta i sommar , s\u00e5 no bur me saman.<\/p>\n\n\n\n<p>Men d\u00e5, dei eg budde med d\u00e5, me hadde quiz d\u00e5.<\/p>\n\n\n\n<p>Som var, som hadde fleire p\u00e5 d\u00e5.<\/p>\n\n\n\n<p>Kor mange var me? Me var kanskje 50?<\/p>\n\n\n\n<p>Det var mange.<\/p>\n\n\n\n<p><\/p>\n\n\n\n<p>Det var mange med s\u00e5 det var god stemning.<\/p>\n\n\n\n<p>&nbsp;Og eg trur aldri eg har vert med p\u00e5 s\u00e5 mange quizar, oinline-quizzar, haha!<\/p>\n\n\n\n<p>Ikkje eg heller.<\/p>\n\n\n\n<p>Ny oppleving.<\/p>\n\n\n\n<p>Men noko av det eg hugsar veldig godt i byrjinga<\/p>\n\n\n\n<p>alts\u00e5 akkurat fr\u00e5 februar n\u00e5r ryktet byrja \u00e5 spreie seg<\/p>\n\n\n\n<p>N\u00e5r det kom til Noreg.<\/p>\n\n\n\n<p><\/p>\n\n\n\n<p>Ja, og det var s\u00e5 mange rykter p\u00e5 ein m\u00e5te<\/p>\n\n\n\n<p>Kva var dette her? Kor gale kom det til \u00e5 bli? Kva kom til \u00e5 skje med samfunnet? Kor farleg var det? Kor lenge kom dette til \u00e5 vara?<\/p>\n\n\n\n<p>Eg hugsar at nokon sa at det kunne vara heilt til 2023.<\/p>\n\n\n\n<p>Ja siden det ikkje kom vaksiner liksom<\/p>\n\n\n\n<p>Ja, stemmer, stemmer, stemmer.<\/p>\n\n\n\n<p>Korleis vaksina kom til \u00e5 bli<\/p>\n\n\n\n<p>Og ja, veldig mykje usikkerheit d\u00e5.<\/p>\n\n\n\n<p>Hugsar du noko av denne usikkerheita og kva du sj\u00f8lv tenkte og erfarte?<\/p>\n\n\n\n<p>Det som eg hugsar fr\u00e5 det var at det var veldig mykje knyta opp til det \u00e5 g\u00e5 p\u00e5 universitetet.<\/p>\n\n\n\n<p>Veldig mykje om universitet m\u00e5tte stenga.<\/p>\n\n\n\n<p><\/p>\n\n\n\n<p>Det gjekk ganske lenge f\u00f8r NTNU [university] fekk p\u00e5vist smitte<\/p>\n\n\n\n<p>Alts\u00e5 at det var nokon p\u00e5 NTNU som hadde korona.<\/p>\n\n\n\n<p>Og det gjorde at NTNU lenge kunne halda seg oppe som vanleg.<\/p>\n\n\n\n<p>Men n\u00e5r den f\u00f8rste personen p\u00e5 NTNU byrja \u00e5 f\u00e5 korona.<\/p>\n\n\n\n<p>Det var f\u00f8rst d\u00e5 at eg byrja \u00e5 tenka: \u00c5\u00e5\u00e5\u00e5\u00e5 \u00e5h\u00e5h, no er det komt HER!<\/p>\n\n\n\n<p>No, no dette, dette er skikkelege greier.<\/p>\n\n\n\n<p><\/p>\n\n\n\n<p>Det var jo litt eigentleg sp\u00f8rsm\u00e5l om tid ogs\u00e5.<\/p>\n\n\n\n<p>Me snakka mykje om det rundt omkring i studentmilj\u00f8et at dette kjem til \u00e5 koma til Noreg.<\/p>\n\n\n\n<p>Og dette kjem til \u00e5 koma Trondheim.<\/p>\n\n\n\n<p>Det var liksom at n\u00e5r me s\u00e5g at det spreidde seg fr\u00e5 Italia, og til forskjellige europeiske land.<\/p>\n\n\n\n<p>Det som eg hugsar var at Noreg har jevnt over heile korona vert noks\u00e5 seine i forhold til andre land.<\/p>\n\n\n\n<p><\/p>\n\n\n\n<p>Alts\u00e5 at me fekk korona seinare enn for eksempel Italia og Austerrike.<\/p>\n\n\n\n<p>S\u00e5 eg s\u00e5g&nbsp; jo at det var veldig gale der.<\/p>\n\n\n\n<p>D\u00e5 inns\u00e5g eg at, okei dette her, dette er ikkje tull.<\/p>\n\n\n\n<p>Eg var aldri der at dette var tull.<\/p>\n\n\n\n<p>Ja, s\u00e5, s\u00e5, rett og slett tenkte eg at okei, dette her kan g\u00e5 gale.<\/p>\n\n\n\n<p>Eg h\u00e5par berre at ein klarer \u00e5 gjera det minst mogleg gale d\u00e5 rett og slett.<\/p>\n\n\n\n<p>Det som var morosamt det var jo at \u2026 Uff, feil \u00e5 seie morosamt. Ingenting med dette er morosamt.<\/p>\n\n\n\n<p>Det som var litt spesielt d\u00e5<\/p>\n\n\n\n<p><\/p>\n\n\n\n<p>Der me kjem fr\u00e5, Rogaland [region] i Sandnes [city]<\/p>\n\n\n\n<p>Nei, i Noreg, i Noreg.<\/p>\n\n\n\n<p>S\u00e5 s\u00f8rvest I Noreg.<\/p>\n\n\n\n<p>Der var jo der dei f\u00f8rst fekk den store smittebobla d\u00e5.<\/p>\n\n\n\n<p>Det var veldig mange av dei som bur der som hadde vert p\u00e5 skiferie i Austerrike.<\/p>\n\n\n\n<p>Det var vel ein bar in Austerrike som hadde smitta s\u00e5nn 100 stykk eller eit eller anna.<\/p>\n\n\n\n<p>100 nordmenn som kjem f\u00e5r akkurat same plass.<\/p>\n\n\n\n<p><\/p>\n\n\n\n<p>S\u00e5, det kom til Noreg mykje f\u00f8r det kom til Trondheim<\/p>\n\n\n\n<p>S\u00e5 er forstod at dette er ganske gale.<\/p>\n\n\n\n<p>Og eg snakka jo med mine foreldre som bur heima [Rogaland]<\/p>\n\n\n\n<p>Det sa jo at me merker jo at det noko rundt oss.<\/p>\n\n\n\n<p>S\u00e5 eg, eg var jo innstilt p\u00e5 at no g\u00e5r det mot lockdown.<\/p>\n\n\n\n<p><\/p>\n\n\n\n<p>Spesielt n\u00e5r dei andre landa i Europa hadde lockdown f\u00f8r oss.<\/p>\n\n\n\n<p>D\u00e5 var det naturleg at me ogs\u00e5 skulle ha.<\/p>\n\n\n\n<p>Det var spesielt.<\/p>\n\n\n\n<p>Men eg tenker jo eigentleg at me var litt heldige d\u00e5, i Noreg med at munnbind blei aldri p\u00e5budt eigentleg f\u00f8r utp\u00e5 hausten.<\/p>\n\n\n\n<p>S\u00e5 det var veldig f\u00e5 i Noreg som gjekk med munnbind for eksempel no p\u00e5 v\u00e5ren.<\/p>\n\n\n\n<p>Det var eigentleg mykje som framleis var lov. Me kunne g\u00e5 ut, me kunne ta joggeturar, turar.<\/p>\n\n\n\n<p><\/p>\n\n\n\n<p>Generelt har Noreg sluppet veldig billig unna med dette med korona.<\/p>\n\n\n\n<p>Me kan ikkje seie noko anna n\u00e5r me ser p\u00e5 andre land.<\/p>\n\n\n\n<p>S\u00e5 klart har me vert veldig heldige.<\/p>\n\n\n\n<p>Det var likevel spesielt. Det var det.<\/p>\n\n\n\n<p>Absolutt me har veldig heldige, og sommaren fekk me omtrent som normalt.<\/p>\n\n\n\n<p>Med mindre du budde i Oslo.<\/p>\n\n\n\n<p><\/p>\n\n\n\n<p>Der har det nesten heilt sidan mars vert fullstendig lockdown.<\/p>\n\n\n\n<p>S\u00e5, s\u00e5 me har eigentleg sluppet noks\u00e5 billig unna ville eg p\u00e5st\u00e5.<\/p>\n\n\n\n<p>Og kanskje spesielt i Trondheim.<\/p>\n\n\n\n<p>Ja, d\u00e5 Trondheim fekk ein smittetopp, alts\u00e5 mange som blei smitta<\/p>\n\n\n\n<p>Rundt nytt\u00e5r, men det var ikkje v\u00e5r feil for d\u00e5 var me heima [Rogaland]<\/p>\n\n\n\n<p>D\u00e5 var ikkje me her.<\/p>\n\n\n\n<p><\/p>\n\n\n\n<p>Me, meg og deg, har alltid vert ganske heldige for me har som regel dratt til ein stad med lite smitte.<\/p>\n\n\n\n<p>Og akkurat n\u00e5r me har dratt fr\u00e5 ein stad s\u00e5 har den f\u00e5tt ganske mykje smitte.<\/p>\n\n\n\n<p>Me har sluppet billig unna.<\/p>\n\n\n\n<p>Det har me, absolutt.<\/p>\n\n\n\n<p>S\u00e5 f\u00e5r me berre h\u00e5pa at vaksineringa g\u00e5r fint no, at me kanskje n\u00e6rmar oss slutten.<\/p>\n\n\n\n<p>Kva trur du at du kjem til \u00e5 ta mest med deg f\u00e5r korona?<\/p>\n\n\n\n<p>Oi, godt Sp\u00f8rsm\u00e5l!<\/p>\n\n\n\n<p><\/p>\n\n\n\n<p>Det er vel kanskje berre denne her innsikta at noko s\u00e5 dramatisk plutseleg kan skje,<\/p>\n\n\n\n<p>&nbsp;og at det ikkje var noko som s\u00e5g at dette kom til \u00e5 skje. Alle trudde jo at 2020 kom til \u00e5 bli eit heilt normal \u00e5r.<\/p>\n\n\n\n<p>Og at noko s\u00e5 dramatisk berre plutseleg kan skje.<\/p>\n\n\n\n<p>Kanskje det er det eg kjem til \u00e5 ta md meg fr\u00e5 dette.<\/p>\n\n\n\n<p>For eg f\u00f8lar kanskje at me har levd i ein roleg periode d\u00e5.<\/p>\n\n\n\n<p>Eg tenkte p\u00e5 det mens eg stod og dusja i dag<\/p>\n\n\n\n<p>At eg har utruleg respekt for<\/p>\n\n\n\n<p><\/p>\n\n\n\n<p>Eller f\u00f8lar eg fekk litt meir innsikt i korleis det m\u00e5tte vera \u00e5 leve under andre verdskrig.<\/p>\n\n\n\n<p>For det er det, det er det nylegaste utanom korona som &nbsp;har vert unntakstilstand.<\/p>\n\n\n\n<p>At ting ikkje er som normal.<\/p>\n\n\n\n<p>Og der kunne ein ikkje heller gjera som ein ville rett og slett.<\/p>\n\n\n\n<p>S\u00e5 eg trur eg kjem til \u00e5 a med meg den der<\/p>\n\n\n\n<p>At eg m\u00e5 sette pris p\u00e5 det me har, ret tog slett.<\/p>\n\n\n\n<p>Den fridomen som me normal sett ikkje tenker p\u00e5.<\/p>\n\n\n\n<p>Setta pris p\u00e5 kvardagen p\u00e5 ein mate.<\/p>\n\n\n\n<p>At me kan helsa p\u00e5 kvarandre.<\/p>\n\n\n\n<p><\/p>\n\n\n\n<p>Me har lov sidan me bur saman.<\/p>\n\n\n\n<p>S\u00e5 skal me vaska hendene etterp\u00e5, haha.<\/p>\n\n\n\n<p>Ja, men det var kjekt \u00e5 snakka, Ivar.<\/p>\n\n\n\n<p>S\u00e5 h\u00e5par eg at du tek turen igjen ei gong.<\/p>\n\n\n\n<p>Det skal eg. Du veit kor du finn meg, hahah!<\/p>\n\n\n\n<p>Ha det bra.<\/p>\n\n\n\n<p>Ha det bra.<\/p>\n\n\n\n<h1 class=\"wp-block-heading\">Transcript in English<\/h1>\n\n\n\n<p>Hi Ivar! It was so nice that you wanted to do an interview.<\/p>\n\n\n\n<p>Thank you, Marius!<\/p>\n\n\n\n<p>For those of you who don\u2019t know Ivar, he has been a guest on the podcast.<\/p>\n\n\n\n<p>So, this will be published both on the podcast and on the YouTube channel.<\/p>\n\n\n\n<p>But today Ivar, we will talk about corona and the lockdown in March.<\/p>\n\n\n\n<p>Yes<\/p>\n\n\n\n<p><\/p>\n\n\n\n<p>You probably remember that quite well.<\/p>\n\n\n\n<p>Do you remember where you were? It was the 13 of March?<\/p>\n\n\n\n<p>I seem to remember that it was the twelfth of March.<\/p>\n\n\n\n<p>Yes, it was probaby the twelfth of March.<\/p>\n\n\n\n<p>It was at least a thursday, I think.<\/p>\n\n\n\n<p>I remember that day really well because<\/p>\n\n\n\n<p>I am a student<\/p>\n\n\n\n<p><\/p>\n\n\n\n<p>so, it was natural for me to have been on the university to study.<\/p>\n\n\n\n<p>But that day I though that<\/p>\n\n\n\n<p>I am not going to the university because it is so typical that now,<\/p>\n\n\n\n<p>now it will close, NTNU in which we are enrolled.<\/p>\n\n\n\n<p>And that they did, haha!<\/p>\n\n\n\n<p>I remember really well that I sat around the table at home.<\/p>\n\n\n\n<p>\u00abChatted\u00bb with,&nbsp; talked with our roomies, hehe.<\/p>\n\n\n\n<p><\/p>\n\n\n\n<p>And it was said<\/p>\n\n\n\n<p>The government had said that they were going to have a press conferance.<\/p>\n\n\n\n<p>So we thought that we had to see it.<\/p>\n\n\n\n<p>And they said that now, now Norway will close.<\/p>\n\n\n\n<p>So we sat in the sofa in the living room and just thought: What happens now?<\/p>\n\n\n\n<p>Yes, I remember that it was very dramatic<\/p>\n\n\n\n<p>Felt like the whole society would go into sleep now.<\/p>\n\n\n\n<p>Do you remember your reaction when you sat around the TV and saw this?<\/p>\n\n\n\n<p>Yes, I remember that everyone was<\/p>\n\n\n\n<p><\/p>\n\n\n\n<p>What we call stunned. That we did not know what we should do.<\/p>\n\n\n\n<p>None of us managed to do any more school.<\/p>\n\n\n\n<p>So we sat down and started to play, haha.<\/p>\n\n\n\n<p>Because, it was so, so difficult to understand what happened.<\/p>\n\n\n\n<p>Difficult to understand that every day life would be so different compared to before.<\/p>\n\n\n\n<p><\/p>\n\n\n\n<p>Our way of dealing with it was to remove ourself from it and play a little, haha.<\/p>\n\n\n\n<p>And we also went to buy groceries<\/p>\n\n\n\n<p>As probably 80% of the population also did.<\/p>\n\n\n\n<p>Because we thought that we would not hoard.<\/p>\n\n\n\n<p>That was a word that was used a lot in relation to the lockdown.<\/p>\n\n\n\n<p>\u00abhamstra\u00bb means that we buy a lot of one and the same thing.<\/p>\n\n\n\n<p>Which means that there is nothing left for other people.<\/p>\n\n\n\n<p>But we thought that we needed some toiled paper.<\/p>\n\n\n\n<p>And we needed some food in case the stores closed.<\/p>\n\n\n\n<p>The fact was that when we came there<\/p>\n\n\n\n<p><\/p>\n\n\n\n<p>There was more or less no toilet paper left.<\/p>\n\n\n\n<p>I have never experienced so long lines before on that Kiwi [grocery store].<\/p>\n\n\n\n<p>Yes, Kiwi is a gorcery store.<\/p>\n\n\n\n<p>Yes, very good.<\/p>\n\n\n\n<p>There was a line through half the store.<\/p>\n\n\n\n<p>It was a very long line.&nbsp;<\/p>\n\n\n\n<p>People used two shopping carts, hahaha!<\/p>\n\n\n\n<p>Filled with, well, chips and toilet paper and everything, everything that people thought they needed.<\/p>\n\n\n\n<p><\/p>\n\n\n\n<p>It was an extremley weird feeling.<\/p>\n\n\n\n<p>I remember it myself too.<\/p>\n\n\n\n<p>When I was to go buy some groceries.<\/p>\n\n\n\n<p>Yeah, you also went shopping?<\/p>\n\n\n\n<p>Well, no, I did not go to the store that same day. That was the problem.<\/p>\n\n\n\n<p>Because I thought that I didn\u2019t want to go today.<\/p>\n\n\n\n<p>Everything will close down. The lines will be huge.<\/p>\n\n\n\n<p>So I thought that I would wait a couple of days. Very bad idea, hahaha.<\/p>\n\n\n\n<p>The store was completely empty. I have never seen the store that empty.<\/p>\n\n\n\n<p>It was a bit scary too, I remember.<\/p>\n\n\n\n<p><\/p>\n\n\n\n<p>People panicked which madet hem buy and buy and buy.<\/p>\n\n\n\n<p>Something which wasn\u2019t really necessary.<\/p>\n\n\n\n<p>I remember that I bought something called \u00ablapskaus\u00bb, a casserole of sorts, canned.<\/p>\n\n\n\n<p>An aliminium package that is supposed to last for a long time, just in case, haha.<\/p>\n\n\n\n<p>I think I ate it half a year later, hahaha.<\/p>\n\n\n\n<p>I didn\u2019t need it, but I thought that I could need some food just in case.<\/p>\n\n\n\n<p>So it was really, really special.<\/p>\n\n\n\n<p>It is the closest I have come to experience panic in the Norwegian society.<\/p>\n\n\n\n<p>Where poeple didn\u2019t know what to do<\/p>\n\n\n\n<p><\/p>\n\n\n\n<p>They thought: We need enough food to get by.<\/p>\n\n\n\n<p>It was very unreal to follow.<\/p>\n\n\n\n<p>Absolutely, it was almost surrealistic.<\/p>\n\n\n\n<p>You can\u2019t quite understand that this is real, that this is actually happening.<\/p>\n\n\n\n<p>It was unbelievable.<\/p>\n\n\n\n<p>Yes, it was so unbelievable.<\/p>\n\n\n\n<p>Yes, it was in a way the most<\/p>\n\n\n\n<p>What shall I say. The most exiting period,<\/p>\n\n\n\n<p>the most that happened in this two weeks period in lockdown in March.<\/p>\n\n\n\n<p>For afterwards, nothing happened at all.<\/p>\n\n\n\n<p>Yes, exactly, hahaha! That was part of the problem.<\/p>\n\n\n\n<p><\/p>\n\n\n\n<p>That was two weeks where we couldn\u2019t leave the house for other than getting som air or going to the grocery store.<\/p>\n\n\n\n<p>It made it somewhat special, too.<\/p>\n\n\n\n<p>People were still interested in doing something.<\/p>\n\n\n\n<p>So they [people] started to arrange online-quizzes and onther online activities.<\/p>\n\n\n\n<p>A lot of good initatives.<\/p>\n\n\n\n<p>Yeah, you were quite active.<\/p>\n\n\n\n<p>Yes, at this moment, Ivar and I did not live together.<\/p>\n\n\n\n<p>I moved in summer, so now we live together.<\/p>\n\n\n\n<p>But then, those I lived with then, we arranged a quiz, which many took part in.<\/p>\n\n\n\n<p>How many were there? Maybe 50?<\/p>\n\n\n\n<p><\/p>\n\n\n\n<p>There were many people.<\/p>\n\n\n\n<p>There were a lot, and a fun time it was!<\/p>\n\n\n\n<p>And I don\u2019t think I have ever attended so many quizzes, so many online quizzes, haha!<\/p>\n\n\n\n<p>Me neither.<\/p>\n\n\n\n<p>A new experience.<\/p>\n\n\n\n<p>But something I remember really well at the start, in February when rumours started to spread<\/p>\n\n\n\n<p>When it came to Norway<\/p>\n\n\n\n<p>Yes, there were so many rumours going around.<\/p>\n\n\n\n<p>What was this? How bad would this become? &nbsp;What would happen to the society? How dangerous was this? How long would this last?<\/p>\n\n\n\n<p>I remember someone said that this could last until 2023.<\/p>\n\n\n\n<p><\/p>\n\n\n\n<p>Yes, if vaccines wouldn\u2019t come.<\/p>\n\n\n\n<p>Yes, excatly.<\/p>\n\n\n\n<p>How the vaccine would be<\/p>\n\n\n\n<p>A lot of uncertainy.<\/p>\n\n\n\n<p>Do you remember anything of this uncertainty and your own thoughts and experiences?<\/p>\n\n\n\n<p>What I remember was that a lot of it was linked to studies and the university.<\/p>\n\n\n\n<p>Whether the university would have to close.<\/p>\n\n\n\n<p>It took a long time before there war infection at NTNU [university in Norway]<\/p>\n\n\n\n<p>That someone at NTNU were infected by corona.<\/p>\n\n\n\n<p><\/p>\n\n\n\n<p>Which made it possible for NTNU for a long time to keep open as usual<\/p>\n\n\n\n<p>But when the first person at NTNU got corona<\/p>\n\n\n\n<p>That was when I started to think: \u00c5\u00e5\u00e5\u00e5\u00e5 \u00e5h\u00e5h, now it has come HERE!<\/p>\n\n\n\n<p>This is serious stuff.<\/p>\n\n\n\n<p>It was a question of time, really.<\/p>\n\n\n\n<p>We students talked a lot among ourselves that this would come to Norway.<\/p>\n\n\n\n<p>And this will come to Trondheim.<\/p>\n\n\n\n<p><\/p>\n\n\n\n<p>We saw that it spread from Italy and from other European countries.<\/p>\n\n\n\n<p>What I remember is that Norway has generally been quite during corona compared to other countries.<\/p>\n\n\n\n<p>We got corona later than for example Italy and Austria<\/p>\n\n\n\n<p>I saw that the situation was very serious there<\/p>\n\n\n\n<p>I realized that, alright, this is not a joke<\/p>\n\n\n\n<p>I never saw this as nonsense.<\/p>\n\n\n\n<p>So I thought, this right here, this can be bad.<\/p>\n\n\n\n<p><\/p>\n\n\n\n<p>I just hoped that one would manage to control it as well as possible.<\/p>\n\n\n\n<p>The funny thing was that \u2026 Or, wrong to say funny. Nothing about this is funny. What was a bit peculiar<\/p>\n\n\n\n<p>Where we come from, Rogaland [region] in Sandnes [city]. No, in Norway.<\/p>\n\n\n\n<p>Southwest in Norway.<\/p>\n\n\n\n<p>That was where the first great case of infection started.<\/p>\n\n\n\n<p>Many of them had been on skiing vacation at Austria.<\/p>\n\n\n\n<p>There was a bar in Austria that infected a hundred or something.<\/p>\n\n\n\n<p>100 Norwegians from the exact same place.<\/p>\n\n\n\n<p><\/p>\n\n\n\n<p>It came to Norway long before it came to Trondheim.<\/p>\n\n\n\n<p>So I understood that this was pretty bad.<\/p>\n\n\n\n<p>I spoke with my parents who live at home [Rogaland]<\/p>\n\n\n\n<p>They said that they noticed something in the area.<\/p>\n\n\n\n<p>So, I was prepared for the lockdown.<\/p>\n\n\n\n<p>Especially when other countries in Europe had lockdown before us.<\/p>\n\n\n\n<p>It was natural that it would come here too.<\/p>\n\n\n\n<p>It was a special period.<\/p>\n\n\n\n<p><\/p>\n\n\n\n<p>But I think that we were quite fortunate in Norway. Face mask wasn\u2019t mandatory before late autumn.<\/p>\n\n\n\n<p>Very few in Norway used face masks last spring.<\/p>\n\n\n\n<p>A lot was still allowed. We could go outside, we could go for a run, go for a walk.<\/p>\n\n\n\n<p>In general, Norway has been fortunate when it comes to corona.<\/p>\n\n\n\n<p>We can\u2019t say anything else when looking at other countries.<\/p>\n\n\n\n<p>Of course, we have been very fortunate.<\/p>\n\n\n\n<p>It was still a very special time.<\/p>\n\n\n\n<p><\/p>\n\n\n\n<p>We have been very fortunate, and the summer was almost normal.<\/p>\n\n\n\n<p>Except if you lived in Oslo.<\/p>\n\n\n\n<p>It has been completely locked down almost since March.<\/p>\n\n\n\n<p>We have been very fortunate I would say.<\/p>\n\n\n\n<p>And maybe especially in Trondheim.<\/p>\n\n\n\n<p>Yes, when Trondheim reached a top in numbers of infected<\/p>\n\n\n\n<p>Around New Year, but that wasn\u2019t our fault as we were at home [Rogaland]<\/p>\n\n\n\n<p>We weren\u2019t here.<\/p>\n\n\n\n<p><\/p>\n\n\n\n<p>We, you and me, have been very fortunate as we have tended to go to places with little infection.<\/p>\n\n\n\n<p>And when we have left a place, it has tended to get a lof of infection.<\/p>\n\n\n\n<p>We have been fortunate.<\/p>\n\n\n\n<p>We have, absolutely.<\/p>\n\n\n\n<p>And we must hope that the vaccination will go smoothly, and that we are approaching the end What do you think you will bring with you from the corona period?<\/p>\n\n\n\n<p>Good question!<\/p>\n\n\n\n<p>It has to be the insight that something so dramatic suddenly can happen,<\/p>\n\n\n\n<p>And that no one could foresee it. Everyone thought that 2020 would be a completely normal year.<\/p>\n\n\n\n<p><\/p>\n\n\n\n<p>And that something so dramatic can just suddenly happen.<\/p>\n\n\n\n<p>That is probably what I will bring with me from this.<\/p>\n\n\n\n<p>I feel that we have lived in a peaceful\/undramatic period. I thought about it when showering today<\/p>\n\n\n\n<p>That I really respect. Or, I feel like I got some insight into how it must have been to live under World War II.<\/p>\n\n\n\n<p>That is the most recent, except for corona, that we have had a state of emergency.<\/p>\n\n\n\n<p>That things aren\u2019t normal.<\/p>\n\n\n\n<p>And then at that time, one couldn\u2019t do as one pleased.<\/p>\n\n\n\n<p>I think I will remember that one<\/p>\n\n\n\n<p><\/p>\n\n\n\n<p>That I have to treasure what I already have.<\/p>\n\n\n\n<p>That freedom which we normally don\u2019t think about.<\/p>\n\n\n\n<p>Treasure normality.<\/p>\n\n\n\n<p>That we can greet each other.<\/p>\n\n\n\n<p>We can do so since we live together.<\/p>\n\n\n\n<p>And we will wash our hands afterwards, haha.<\/p>\n\n\n\n<p>It was fun to talk to you, Ivar.<\/p>\n\n\n\n<p>And I hope that you will come back again. I will.<\/p>\n\n\n\n<p>I will. You know where to find me, haha!<\/p>\n<\/div><\/div>","protected":false},"excerpt":{"rendered":"<p> Dette er en dialog med Ivar om korona i Norge og spesielt lockdownen i mars 2020. Dere kan finne transkripsjonen, alts\u00e5 teksten, til episoden p\u00e5 nettstedet til podkasten. Jeg har skrevet det p\u00e5 b\u00e5de norsk og engelsk. I tillegg kan dere se hele intervjuet med undertekster p\u00e5 YouTube<\/p>","protected":false},"author":2,"featured_media":77,"comment_status":"open","ping_status":"closed","sticky":false,"template":"","format":"standard","meta":{"_monsterinsights_skip_tracking":false,"_monsterinsights_sitenote_active":false,"_monsterinsights_sitenote_note":"","_monsterinsights_sitenote_category":0,"footnotes":""},"categories":[5],"tags":[],"class_list":["post-1031","post","type-post","status-publish","format-standard","has-post-thumbnail","hentry","category-podcast"],"yoast_head":"<!-- This site is optimized with the Yoast SEO plugin v26.4 - https:\/\/yoast.com\/wordpress\/plugins\/seo\/ -->\n<title>Dialog med Ivar om korona i Norge og lockdown &#8211; L\u00e6r norsk n\u00e5<\/title>\n<meta name=\"robots\" content=\"index, follow, max-snippet:-1, max-image-preview:large, max-video-preview:-1\" \/>\n<link rel=\"canonical\" href=\"http:\/\/91.98.205.163:8089\/dialog-med-ivar-om-korona-i-norge-og-lockdown\/\" \/>\n<meta property=\"og:locale\" content=\"es_ES\" \/>\n<meta property=\"og:type\" content=\"article\" \/>\n<meta property=\"og:title\" content=\"Dialog med Ivar om korona i Norge og lockdown &#8211; L\u00e6r norsk n\u00e5\" \/>\n<meta property=\"og:description\" content=\"Dette er en dialog med Ivar om korona i Norge og spesielt lockdownen i mars 2020. Dere kan finne transkripsjonen, alts\u00e5 teksten, til episoden p\u00e5 nettstedet til podkasten. Jeg har skrevet det p\u00e5 b\u00e5de norsk og engelsk. I tillegg kan dere se hele intervjuet med undertekster p\u00e5 YouTube\" \/>\n<meta property=\"og:url\" content=\"http:\/\/91.98.205.163:8089\/dialog-med-ivar-om-korona-i-norge-og-lockdown\/\" \/>\n<meta property=\"og:site_name\" content=\"L\u00e6r norsk n\u00e5\" \/>\n<meta property=\"article:published_time\" content=\"2021-02-18T05:55:00+00:00\" \/>\n<meta property=\"article:modified_time\" content=\"2021-11-30T12:49:04+00:00\" \/>\n<meta property=\"og:image\" content=\"http:\/\/91.98.205.163:8089\/wp-content\/uploads\/2020\/11\/4213446-1585566145734-5d58cfc51b26d-scaled.jpg\" \/>\n\t<meta property=\"og:image:width\" content=\"2560\" \/>\n\t<meta property=\"og:image:height\" content=\"2560\" \/>\n\t<meta property=\"og:image:type\" content=\"image\/jpeg\" \/>\n<meta name=\"author\" content=\"Marius Stangeland\" \/>\n<meta name=\"twitter:card\" content=\"summary_large_image\" \/>\n<meta name=\"twitter:label1\" content=\"Escrito por\" \/>\n\t<meta name=\"twitter:data1\" content=\"Marius Stangeland\" \/>\n\t<meta name=\"twitter:label2\" content=\"Tiempo de lectura\" \/>\n\t<meta name=\"twitter:data2\" content=\"17 minutos\" \/>\n<script type=\"application\/ld+json\" class=\"yoast-schema-graph\">{\"@context\":\"https:\/\/schema.org\",\"@graph\":[{\"@type\":\"Article\",\"@id\":\"http:\/\/91.98.205.163:8089\/dialog-med-ivar-om-korona-i-norge-og-lockdown\/#article\",\"isPartOf\":{\"@id\":\"http:\/\/91.98.205.163:8089\/dialog-med-ivar-om-korona-i-norge-og-lockdown\/\"},\"author\":{\"name\":\"Marius Stangeland\",\"@id\":\"http:\/\/91.98.205.163:8089\/#\/schema\/person\/372f7f766a136344430614732659b5f2\"},\"headline\":\"Dialog med Ivar om korona i Norge og lockdown\",\"datePublished\":\"2021-02-18T05:55:00+00:00\",\"dateModified\":\"2021-11-30T12:49:04+00:00\",\"mainEntityOfPage\":{\"@id\":\"http:\/\/91.98.205.163:8089\/dialog-med-ivar-om-korona-i-norge-og-lockdown\/\"},\"wordCount\":3980,\"commentCount\":4,\"publisher\":{\"@id\":\"http:\/\/91.98.205.163:8089\/#\/schema\/person\/372f7f766a136344430614732659b5f2\"},\"image\":{\"@id\":\"http:\/\/91.98.205.163:8089\/dialog-med-ivar-om-korona-i-norge-og-lockdown\/#primaryimage\"},\"thumbnailUrl\":\"https:\/\/laernorsknaa.com\/wp-content\/uploads\/2020\/11\/4213446-1585566145734-5d58cfc51b26d-scaled.jpg\",\"articleSection\":[\"Podcast\"],\"inLanguage\":\"es\",\"potentialAction\":[{\"@type\":\"CommentAction\",\"name\":\"Comment\",\"target\":[\"http:\/\/91.98.205.163:8089\/dialog-med-ivar-om-korona-i-norge-og-lockdown\/#respond\"]}]},{\"@type\":\"WebPage\",\"@id\":\"http:\/\/91.98.205.163:8089\/dialog-med-ivar-om-korona-i-norge-og-lockdown\/\",\"url\":\"http:\/\/91.98.205.163:8089\/dialog-med-ivar-om-korona-i-norge-og-lockdown\/\",\"name\":\"Dialog med Ivar om korona i Norge og lockdown &#8211; L\u00e6r norsk n\u00e5\",\"isPartOf\":{\"@id\":\"http:\/\/91.98.205.163:8089\/#website\"},\"primaryImageOfPage\":{\"@id\":\"http:\/\/91.98.205.163:8089\/dialog-med-ivar-om-korona-i-norge-og-lockdown\/#primaryimage\"},\"image\":{\"@id\":\"http:\/\/91.98.205.163:8089\/dialog-med-ivar-om-korona-i-norge-og-lockdown\/#primaryimage\"},\"thumbnailUrl\":\"https:\/\/laernorsknaa.com\/wp-content\/uploads\/2020\/11\/4213446-1585566145734-5d58cfc51b26d-scaled.jpg\",\"datePublished\":\"2021-02-18T05:55:00+00:00\",\"dateModified\":\"2021-11-30T12:49:04+00:00\",\"breadcrumb\":{\"@id\":\"http:\/\/91.98.205.163:8089\/dialog-med-ivar-om-korona-i-norge-og-lockdown\/#breadcrumb\"},\"inLanguage\":\"es\",\"potentialAction\":[{\"@type\":\"ReadAction\",\"target\":[\"http:\/\/91.98.205.163:8089\/dialog-med-ivar-om-korona-i-norge-og-lockdown\/\"]}]},{\"@type\":\"ImageObject\",\"inLanguage\":\"es\",\"@id\":\"http:\/\/91.98.205.163:8089\/dialog-med-ivar-om-korona-i-norge-og-lockdown\/#primaryimage\",\"url\":\"https:\/\/laernorsknaa.com\/wp-content\/uploads\/2020\/11\/4213446-1585566145734-5d58cfc51b26d-scaled.jpg\",\"contentUrl\":\"https:\/\/laernorsknaa.com\/wp-content\/uploads\/2020\/11\/4213446-1585566145734-5d58cfc51b26d-scaled.jpg\",\"width\":2560,\"height\":2560},{\"@type\":\"BreadcrumbList\",\"@id\":\"http:\/\/91.98.205.163:8089\/dialog-med-ivar-om-korona-i-norge-og-lockdown\/#breadcrumb\",\"itemListElement\":[{\"@type\":\"ListItem\",\"position\":1,\"name\":\"Home\",\"item\":\"http:\/\/91.98.205.163:8089\/\"},{\"@type\":\"ListItem\",\"position\":2,\"name\":\"Dialog med Ivar om korona i Norge og lockdown\"}]},{\"@type\":\"WebSite\",\"@id\":\"http:\/\/91.98.205.163:8089\/#website\",\"url\":\"http:\/\/91.98.205.163:8089\/\",\"name\":\"L\u00e6r norsk n\u00e5!\",\"description\":\"Resources and podcasts to learn Norwegian\",\"publisher\":{\"@id\":\"http:\/\/91.98.205.163:8089\/#\/schema\/person\/372f7f766a136344430614732659b5f2\"},\"potentialAction\":[{\"@type\":\"SearchAction\",\"target\":{\"@type\":\"EntryPoint\",\"urlTemplate\":\"http:\/\/91.98.205.163:8089\/?s={search_term_string}\"},\"query-input\":{\"@type\":\"PropertyValueSpecification\",\"valueRequired\":true,\"valueName\":\"search_term_string\"}}],\"inLanguage\":\"es\"},{\"@type\":[\"Person\",\"Organization\"],\"@id\":\"http:\/\/91.98.205.163:8089\/#\/schema\/person\/372f7f766a136344430614732659b5f2\",\"name\":\"Marius Stangeland\",\"image\":{\"@type\":\"ImageObject\",\"inLanguage\":\"es\",\"@id\":\"http:\/\/91.98.205.163:8089\/#\/schema\/person\/image\/\",\"url\":\"https:\/\/secure.gravatar.com\/avatar\/3ed6f06da2edefcae6cf6bb78721e567c1d9117b6b5b9b98efa5ff3b8d0de5c0?s=96&d=retro&r=g\",\"contentUrl\":\"https:\/\/secure.gravatar.com\/avatar\/3ed6f06da2edefcae6cf6bb78721e567c1d9117b6b5b9b98efa5ff3b8d0de5c0?s=96&d=retro&r=g\",\"caption\":\"Marius Stangeland\"},\"logo\":{\"@id\":\"http:\/\/91.98.205.163:8089\/#\/schema\/person\/image\/\"}}]}<\/script>\n<!-- \/ Yoast SEO plugin. -->","yoast_head_json":{"title":"Dialog med Ivar om korona i Norge og lockdown &#8211; L\u00e6r norsk n\u00e5","robots":{"index":"index","follow":"follow","max-snippet":"max-snippet:-1","max-image-preview":"max-image-preview:large","max-video-preview":"max-video-preview:-1"},"canonical":"http:\/\/91.98.205.163:8089\/dialog-med-ivar-om-korona-i-norge-og-lockdown\/","og_locale":"es_ES","og_type":"article","og_title":"Dialog med Ivar om korona i Norge og lockdown &#8211; L\u00e6r norsk n\u00e5","og_description":"Dette er en dialog med Ivar om korona i Norge og spesielt lockdownen i mars 2020. Dere kan finne transkripsjonen, alts\u00e5 teksten, til episoden p\u00e5 nettstedet til podkasten. Jeg har skrevet det p\u00e5 b\u00e5de norsk og engelsk. I tillegg kan dere se hele intervjuet med undertekster p\u00e5 YouTube","og_url":"http:\/\/91.98.205.163:8089\/dialog-med-ivar-om-korona-i-norge-og-lockdown\/","og_site_name":"L\u00e6r norsk n\u00e5","article_published_time":"2021-02-18T05:55:00+00:00","article_modified_time":"2021-11-30T12:49:04+00:00","og_image":[{"width":2560,"height":2560,"url":"http:\/\/91.98.205.163:8089\/wp-content\/uploads\/2020\/11\/4213446-1585566145734-5d58cfc51b26d-scaled.jpg","type":"image\/jpeg"}],"author":"Marius Stangeland","twitter_card":"summary_large_image","twitter_misc":{"Escrito por":"Marius Stangeland","Tiempo de lectura":"17 minutos"},"schema":{"@context":"https:\/\/schema.org","@graph":[{"@type":"Article","@id":"http:\/\/91.98.205.163:8089\/dialog-med-ivar-om-korona-i-norge-og-lockdown\/#article","isPartOf":{"@id":"http:\/\/91.98.205.163:8089\/dialog-med-ivar-om-korona-i-norge-og-lockdown\/"},"author":{"name":"Marius Stangeland","@id":"http:\/\/91.98.205.163:8089\/#\/schema\/person\/372f7f766a136344430614732659b5f2"},"headline":"Dialog med Ivar om korona i Norge og lockdown","datePublished":"2021-02-18T05:55:00+00:00","dateModified":"2021-11-30T12:49:04+00:00","mainEntityOfPage":{"@id":"http:\/\/91.98.205.163:8089\/dialog-med-ivar-om-korona-i-norge-og-lockdown\/"},"wordCount":3980,"commentCount":4,"publisher":{"@id":"http:\/\/91.98.205.163:8089\/#\/schema\/person\/372f7f766a136344430614732659b5f2"},"image":{"@id":"http:\/\/91.98.205.163:8089\/dialog-med-ivar-om-korona-i-norge-og-lockdown\/#primaryimage"},"thumbnailUrl":"https:\/\/laernorsknaa.com\/wp-content\/uploads\/2020\/11\/4213446-1585566145734-5d58cfc51b26d-scaled.jpg","articleSection":["Podcast"],"inLanguage":"es","potentialAction":[{"@type":"CommentAction","name":"Comment","target":["http:\/\/91.98.205.163:8089\/dialog-med-ivar-om-korona-i-norge-og-lockdown\/#respond"]}]},{"@type":"WebPage","@id":"http:\/\/91.98.205.163:8089\/dialog-med-ivar-om-korona-i-norge-og-lockdown\/","url":"http:\/\/91.98.205.163:8089\/dialog-med-ivar-om-korona-i-norge-og-lockdown\/","name":"Dialog med Ivar om korona i Norge og lockdown &#8211; L\u00e6r norsk n\u00e5","isPartOf":{"@id":"http:\/\/91.98.205.163:8089\/#website"},"primaryImageOfPage":{"@id":"http:\/\/91.98.205.163:8089\/dialog-med-ivar-om-korona-i-norge-og-lockdown\/#primaryimage"},"image":{"@id":"http:\/\/91.98.205.163:8089\/dialog-med-ivar-om-korona-i-norge-og-lockdown\/#primaryimage"},"thumbnailUrl":"https:\/\/laernorsknaa.com\/wp-content\/uploads\/2020\/11\/4213446-1585566145734-5d58cfc51b26d-scaled.jpg","datePublished":"2021-02-18T05:55:00+00:00","dateModified":"2021-11-30T12:49:04+00:00","breadcrumb":{"@id":"http:\/\/91.98.205.163:8089\/dialog-med-ivar-om-korona-i-norge-og-lockdown\/#breadcrumb"},"inLanguage":"es","potentialAction":[{"@type":"ReadAction","target":["http:\/\/91.98.205.163:8089\/dialog-med-ivar-om-korona-i-norge-og-lockdown\/"]}]},{"@type":"ImageObject","inLanguage":"es","@id":"http:\/\/91.98.205.163:8089\/dialog-med-ivar-om-korona-i-norge-og-lockdown\/#primaryimage","url":"https:\/\/laernorsknaa.com\/wp-content\/uploads\/2020\/11\/4213446-1585566145734-5d58cfc51b26d-scaled.jpg","contentUrl":"https:\/\/laernorsknaa.com\/wp-content\/uploads\/2020\/11\/4213446-1585566145734-5d58cfc51b26d-scaled.jpg","width":2560,"height":2560},{"@type":"BreadcrumbList","@id":"http:\/\/91.98.205.163:8089\/dialog-med-ivar-om-korona-i-norge-og-lockdown\/#breadcrumb","itemListElement":[{"@type":"ListItem","position":1,"name":"Home","item":"http:\/\/91.98.205.163:8089\/"},{"@type":"ListItem","position":2,"name":"Dialog med Ivar om korona i Norge og lockdown"}]},{"@type":"WebSite","@id":"http:\/\/91.98.205.163:8089\/#website","url":"http:\/\/91.98.205.163:8089\/","name":"L\u00e6r norsk n\u00e5!","description":"Recursos y podcasts para aprender noruego","publisher":{"@id":"http:\/\/91.98.205.163:8089\/#\/schema\/person\/372f7f766a136344430614732659b5f2"},"potentialAction":[{"@type":"SearchAction","target":{"@type":"EntryPoint","urlTemplate":"http:\/\/91.98.205.163:8089\/?s={search_term_string}"},"query-input":{"@type":"PropertyValueSpecification","valueRequired":true,"valueName":"search_term_string"}}],"inLanguage":"es"},{"@type":["Person","Organization"],"@id":"http:\/\/91.98.205.163:8089\/#\/schema\/person\/372f7f766a136344430614732659b5f2","name":"Marius Stangeland","image":{"@type":"ImageObject","inLanguage":"es","@id":"http:\/\/91.98.205.163:8089\/#\/schema\/person\/image\/","url":"https:\/\/secure.gravatar.com\/avatar\/3ed6f06da2edefcae6cf6bb78721e567c1d9117b6b5b9b98efa5ff3b8d0de5c0?s=96&d=retro&r=g","contentUrl":"https:\/\/secure.gravatar.com\/avatar\/3ed6f06da2edefcae6cf6bb78721e567c1d9117b6b5b9b98efa5ff3b8d0de5c0?s=96&d=retro&r=g","caption":"Marius Stangeland"},"logo":{"@id":"http:\/\/91.98.205.163:8089\/#\/schema\/person\/image\/"}}]}},"_links":{"self":[{"href":"https:\/\/laernorsknaa.com\/es\/wp-json\/wp\/v2\/posts\/1031","targetHints":{"allow":["GET"]}}],"collection":[{"href":"https:\/\/laernorsknaa.com\/es\/wp-json\/wp\/v2\/posts"}],"about":[{"href":"https:\/\/laernorsknaa.com\/es\/wp-json\/wp\/v2\/types\/post"}],"author":[{"embeddable":true,"href":"https:\/\/laernorsknaa.com\/es\/wp-json\/wp\/v2\/users\/2"}],"replies":[{"embeddable":true,"href":"https:\/\/laernorsknaa.com\/es\/wp-json\/wp\/v2\/comments?post=1031"}],"version-history":[{"count":4,"href":"https:\/\/laernorsknaa.com\/es\/wp-json\/wp\/v2\/posts\/1031\/revisions"}],"predecessor-version":[{"id":2307,"href":"https:\/\/laernorsknaa.com\/es\/wp-json\/wp\/v2\/posts\/1031\/revisions\/2307"}],"wp:featuredmedia":[{"embeddable":true,"href":"https:\/\/laernorsknaa.com\/es\/wp-json\/wp\/v2\/media\/77"}],"wp:attachment":[{"href":"https:\/\/laernorsknaa.com\/es\/wp-json\/wp\/v2\/media?parent=1031"}],"wp:term":[{"taxonomy":"category","embeddable":true,"href":"https:\/\/laernorsknaa.com\/es\/wp-json\/wp\/v2\/categories?post=1031"},{"taxonomy":"post_tag","embeddable":true,"href":"https:\/\/laernorsknaa.com\/es\/wp-json\/wp\/v2\/tags?post=1031"}],"curies":[{"name":"wp","href":"https:\/\/api.w.org\/{rel}","templated":true}]}}