{"id":1677,"date":"2021-07-05T05:58:00","date_gmt":"2021-07-05T04:58:00","guid":{"rendered":"http:\/\/91.98.205.163:8089\/?p=1677"},"modified":"2021-07-04T23:08:50","modified_gmt":"2021-07-04T22:08:50","slug":"73-ivar-aasen","status":"publish","type":"post","link":"https:\/\/laernorsknaa.com\/es\/73-ivar-aasen\/","title":{"rendered":"73 &#8211; Ivar Aasen"},"content":{"rendered":"<p>5 juni 2021 | 20 minutes<\/p>\n\n\n\t\t\t<style type=\"text\/css\">#pp-podcast-2430 a, .pp-modal-window .modal-2430 a, .pp-modal-window .aux-modal-2430 a, #pp-podcast-2430 .ppjs__more { color: #c8102e; } #pp-podcast-2430:not(.modern) .ppjs__audio .ppjs__button.ppjs__playpause-button button *, #pp-podcast-2430:not(.modern) .ppjs__audio .ppjs__button.ppjs__playpause-button button:hover *, #pp-podcast-2430:not(.modern) .ppjs__audio .ppjs__button.ppjs__playpause-button button:focus *, .pp-modal-window .modal-2430 .ppjs__audio .ppjs__button.ppjs__playpause-button button *, .pp-modal-window .modal-2430 .ppjs__audio .ppjs__button.ppjs__playpause-button button:hover *, .pp-modal-window .modal-2430 .ppjs__audio .ppjs__button.ppjs__playpause-button button:focus *, .pp-modal-window .aux-modal-2430 .pod-entry__play *, .pp-modal-window .aux-modal-2430 .pod-entry__play:hover * { color: #c8102e !important; } #pp-podcast-2430.postview .episode-list__load-more, .pp-modal-window .aux-modal-2430 .episode-list__load-more, #pp-podcast-2430:not(.modern) .ppjs__time-handle-content, .modal-2430 .ppjs__time-handle-content { border-color: #c8102e !important; } #pp-podcast-2430:not(.modern) .ppjs__audio-time-rail, #pp-podcast-2430.lv3 .pod-entry__play, #pp-podcast-2430.lv4 .pod-entry__play, #pp-podcast-2430.gv2 .pod-entry__play, #pp-podcast-2430.modern.wide-player .ppjs__audio .ppjs__button.ppjs__playpause-button button, #pp-podcast-2430.modern.wide-player .ppjs__audio .ppjs__button.ppjs__playpause-button button:hover, #pp-podcast-2430.modern.wide-player .ppjs__audio .ppjs__button.ppjs__playpause-button button:focus, .pp-modal-window .modal-2430 button.episode-list__load-more, .pp-modal-window .modal-2430 .ppjs__audio-time-rail, .pp-modal-window .modal-2430 button.pp-modal-close { background-color: #c8102e !important; } #pp-podcast-2430 .hasCover .ppjs__audio .ppjs__button.ppjs__playpause-button button { background-color: rgba(0, 0, 0, 0.5) !important; } .pp-modal-window .modal-2430 button.episode-list__load-more:hover, .pp-modal-window .modal-2430 button.episode-list__load-more:focus, .pp-modal-window .aux-modal-2430 button.episode-list__load-more:hover, .pp-modal-window .aux-modal-2430 button.episode-list__load-more:focus { background-color: rgba( 200,16,46, 0.7 ) !important; } #pp-podcast-2430 .ppjs__button.toggled-on, .pp-modal-window .modal-2430 .ppjs__button.toggled-on, #pp-podcast-2430.playerview .pod-entry.activeEpisode, .pp-modal-window .modal-2430.playerview .pod-entry.activeEpisode { background-color: rgba( 200,16,46, 0.1 ); } #pp-podcast-2430.postview .episode-list__load-more { background-color: transparent !important; } #pp-podcast-2430.modern:not(.wide-player) .ppjs__audio .ppjs__button.ppjs__playpause-button button *, #pp-podcast-2430.modern:not(.wide-player) .ppjs__audio .ppjs__button.ppjs__playpause-button button:hover *, #pp-podcast-2430.modern:not(.wide-player) .ppjs__audio .ppjs__button.ppjs__playpause-button button:focus * { color: #c8102e !important; } #pp-podcast-2430.modern:not(.wide-player) .ppjs__time-handle-content { border-color: #c8102e !important; } #pp-podcast-2430.modern:not(.wide-player) .ppjs__audio-time-rail { background-color: #c8102e !important; } #pp-podcast-2430, .modal-2430, .aux-modal-2430 { --pp-accent-color: #c8102e; }<\/style>\n\t\t\t<div id=\"pp-podcast-2430\" class=\"pp-podcast single-episode has-header header-hidden has-featured playerview media-audio\"  data-teaser=\"\" data-elength=\"25\" data-eunit=\"\" data-ppsdata=\"{&quot;ppe-2430-1&quot;:{&quot;title&quot;:&quot;73 &#8211; Ivar Aasen&quot;,&quot;description&quot;:&quot;&lt;p&gt;Epost: Laernorsknaa@gmail.com&lt;\\\/p&gt;\\n&lt;p&gt;Teksten til episoden: \\u00a0&lt;a href=\\&quot;https:\\\/\\\/laernorsknaa.com\\\/73-ivar-aasen\\&quot;&gt;https:\\\/\\\/laernorsknaa.com\\\/&lt;strong&gt;73-ivar-aasen&lt;\\\/strong&gt;&lt;\\\/a&gt;\\n&lt;\\\/p&gt;\\n&lt;p&gt;YouTube:\\u00a0&lt;a href=\\&quot;https:\\\/\\\/www.youtube.com\\\/channel\\\/UCxdRJ5lW2QlUNRfff-ZoE-A\\\/videos\\&quot;&gt;\\u2060\\u2060\\u2060https:\\\/\\\/www.youtube.com\\\/channel\\\/UCxdRJ5lW2QlUNRfff-ZoE-A\\\/videos\\u2060\\u2060&lt;\\\/a&gt;&lt;\\\/p&gt;\\n&lt;p&gt;&lt;\\\/p&gt;\\n&lt;p&gt;&lt;strong&gt;St\\u00f8tt podkasten: &lt;\\\/strong&gt;&lt;\\\/p&gt;\\n&lt;p&gt;Patreon:\\u00a0&lt;a href=\\&quot;https:\\\/\\\/www.patreon.com\\\/laernorsknaa\\&quot;&gt;\\u2060\\u2060https:\\\/\\\/www.patreon.com\\\/laernorsknaa\\u2060\\u2060&lt;\\\/a&gt;&lt;\\\/p&gt;\\n&lt;p&gt;Donasjon (Paypal):\\u00a0&lt;a href=\\&quot;https:\\\/\\\/www.paypal.com\\\/donate\\\/?hosted_button_id=KG22H9FPVG22N\\&quot;&gt;\\u2060\\u2060Doner (paypal.com)\\u2060&lt;\\\/a&gt;&lt;\\\/p&gt;\\n&lt;p&gt;&lt;\\\/p&gt;\\n&lt;p&gt;Ivar Aasen er nok den mest kjende norske spr\\u00e5kforskaren i Noreg. Han levde fr\\u00e5 1813 til 1896 og kom fr\\u00e5 \\u00d8rsta som ligg i fylket M\\u00f8re og Romsdal, nord p\\u00e5 Vestlandet. Han er kjend for \\u00e5 ha laga fundamentet for det som skulle bli nynorsk. Han reiste rundt i Noreg, samla inn trekk fr\\u00e5 ulike dialekter og laga eit nytt norsk skriftspr\\u00e5k ut av det, nynorsk. I denne episoden skal me sj\\u00e5 litt meir p\\u00e5 Ivar Aasen og det arbeidet han gjorde, men f\\u00f8rst m\\u00e5 me veta litt meir om konteksten bak. Me m\\u00e5 veta korleis spr\\u00e5ksituasjonen i Noreg var p\\u00e5 1800-talet.&lt;\\\/p&gt;\\n&lt;p&gt;Det skjedde mykje i Noreg p\\u00e5 1800-talet. I 1814 fekk Noreg sitt sj\\u00f8lvstende fr\\u00e5 Danmark etter ein 400\\u00e5r lang union. Noreg hadde vert i union med Danmark i 400\\u00e5r f\\u00f8r dei fekk sitt sj\\u00f8lvstende i 1814. Sj\\u00f8lvstende tyder at eit land kan bestemma over seg sj\\u00f8lv. I 1814 fekk Noreg ogs\\u00e5 sin eigen grunnlov. Likevel varte ikkje sj\\u00f8lvstendigheita veldig lenge. I 1814, same \\u00e5ret, blei Noreg tvungen inn i ein union med Sverige. Men nordmenn blei likevel mykje meir medvitne p\\u00e5 at dei var nordmenn og ikkje danskar eller svenskar. Me var eit eige land med ein eigen kultur, og veldig sentralt for denne episoden, v\\u00e5rt eige spr\\u00e5k.&lt;\\\/p&gt;\\n&lt;p&gt;Men hadde Noreg eit eige spr\\u00e5k i denne perioden? Vel, om me snakkar om talespr\\u00e5ket s\\u00e5 er det ikkje tvil; nordmenn snakka framleis sine norske dialekter. Norsk levde i talespr\\u00e5ket. Det s\\u00e5g verre ut for skriftspr\\u00e5ket. Medan Noreg var i ein union med Danmark s\\u00e5 skreiv ein dansk i Noreg. Skriftspr\\u00e5ket i Noreg var alts\\u00e5 dansk i denne perioden. Norske forfattarar skreiv p\\u00e5 dansk. Eit sj\\u00f8lvstendig land kunne d\\u00e5 ikkje bruka skriftspr\\u00e5ket til eit anna land? Nei, me snakka norsk i Noreg og no var det fleire som \\u00f8nska \\u00e5 ogs\\u00e5 skriva norsk.&lt;\\\/p&gt;\\n&lt;p&gt;Dette var ei tid for nasjonalromantikk generelt i Europa. Det var mange land i Europa som fekk ein nasjonal oppblomstring i denne perioden. Folk i Europa blei generelt meir medvitne p\\u00e5 kor dei kom fr\\u00e5. Folk \\u00f8nskte \\u00e5 trekka fram kva som gjorde deira land spesielt. Noreg var ikkje noko unntak. Norske folkeeventyr blei samla i denne perioden. Me fekk v\\u00e5rt eige flag. Og snart skulle me ogs\\u00e5 f\\u00e5 v\\u00e5rt eige skriftspr\\u00e5k.&lt;\\\/p&gt;\\n&quot;,&quot;author&quot;:&quot;Marius Stangeland&quot;,&quot;date&quot;:&quot;05-07-2021&quot;,&quot;link&quot;:&quot;https:\\\/\\\/podcasters.spotify.com\\\/pod\\\/show\\\/marius-stangeland\\\/episodes\\\/73---Ivar-Aasen-e13u28n&quot;,&quot;src&quot;:&quot;https:\\\/\\\/anchor.fm\\\/s\\\/19b5cbd8\\\/podcast\\\/play\\\/36685527\\\/https%3A%2F%2Fd3ctxlq1ktw2nl.cloudfront.net%2Fstaging%2F2021-6-4%2Fffe20cf2-cc60-70cc-6f23-3aa2d7122511.mp3&quot;,&quot;featured&quot;:&quot;https:\\\/\\\/laernorsknaa.com\\\/wp-content\\\/uploads\\\/2022\\\/06\\\/4213446-1625436509476-b881747aa00fd.jpg&quot;,&quot;featured_id&quot;:2854,&quot;mediatype&quot;:&quot;audio&quot;,&quot;season&quot;:0,&quot;categories&quot;:[],&quot;duration&quot;:&quot;19:51&quot;,&quot;episodetype&quot;:&quot;full&quot;,&quot;timestamp&quot;:1625461200,&quot;key&quot;:&quot;542886374eecc0c9bdeb6104a648b719&quot;,&quot;fset&quot;:&quot;https:\\\/\\\/laernorsknaa.com\\\/wp-content\\\/uploads\\\/2022\\\/06\\\/4213446-1625436509476-b881747aa00fd.jpg 400w, https:\\\/\\\/laernorsknaa.com\\\/wp-content\\\/uploads\\\/2022\\\/06\\\/4213446-1625436509476-b881747aa00fd-300x300.jpg 300w, https:\\\/\\\/laernorsknaa.com\\\/wp-content\\\/uploads\\\/2022\\\/06\\\/4213446-1625436509476-b881747aa00fd-150x150.jpg 150w, https:\\\/\\\/laernorsknaa.com\\\/wp-content\\\/uploads\\\/2022\\\/06\\\/4213446-1625436509476-b881747aa00fd-100x100.jpg 100w&quot;,&quot;fratio&quot;:1},&quot;load_info&quot;:{&quot;loaded&quot;:1,&quot;displayed&quot;:1,&quot;offset&quot;:0,&quot;maxItems&quot;:1,&quot;src&quot;:&quot;b17db09ac4978c39be4e5d07ad0221d4&quot;,&quot;step&quot;:1,&quot;sortby&quot;:&quot;sort_date_desc&quot;,&quot;filterby&quot;:&quot;73 - Ivar Aasen&quot;,&quot;fixed&quot;:&quot;&quot;,&quot;args&quot;:{&quot;imgurl&quot;:&quot;https:\\\/\\\/d3t3ozftmdmh3i.cloudfront.net\\\/production\\\/podcast_uploaded\\\/4213446\\\/4213446-1585566145786-524dbdb4bc3cb.jpg&quot;,&quot;imgset&quot;:&quot;&quot;,&quot;display&quot;:&quot;&quot;,&quot;hddesc&quot;:0,&quot;hdfeat&quot;:0,&quot;oricov&quot;:&quot;https:\\\/\\\/d3t3ozftmdmh3i.cloudfront.net\\\/production\\\/podcast_uploaded\\\/4213446\\\/4213446-1585566145786-524dbdb4bc3cb.jpg&quot;,&quot;elength&quot;:25}},&quot;rdata&quot;:{&quot;permalink&quot;:&quot;https:\\\/\\\/laernorsknaa.com\\\/es\\\/wp-json\\\/wp\\\/v2\\\/posts\\\/1677&quot;,&quot;fprint&quot;:&quot;b17db09ac4978c39be4e5d07ad0221d4&quot;,&quot;from&quot;:&quot;feedurl&quot;,&quot;elen&quot;:25,&quot;eunit&quot;:&quot;&quot;,&quot;teaser&quot;:&quot;&quot;,&quot;title&quot;:&quot;L\\u00e6r norsk n\\u00e5!&quot;,&quot;autoplay&quot;:&quot;&quot;}}\"><div class=\"pp-podcast__wrapper\"><div class=\"pp-podcast__info pod-info\"><div class=\"pod-info__header pod-header\"><div class=\"pod-header__image\"><div class=\"pod-header__image-wrapper\"><img decoding=\"async\" class=\"podcast-cover-image\" src=\"https:\/\/d3t3ozftmdmh3i.cloudfront.net\/production\/podcast_uploaded\/4213446\/4213446-1585566145786-524dbdb4bc3cb.jpg\" srcset=\"\" sizes=\"(max-width: 640px) 100vw, 25vw\" alt=\"L\u00e6r norsk n\u00e5!\"><\/div><span class=\"pod-header__image-style\" style=\"display: block; width: 100%; padding-top: 100%\"><\/div><div class=\"pod-header__items pod-items\"><div class=\"pod-items__title\">L\u00e6r norsk n\u00e5!<\/div><div class=\"pod-items__desc\"><p>\u201cL\u00e6r Norsk N\u00e5!\u201d is a podcast for the intermediate Norwegian learner (B1-B2) who wants to listen to authentic Norwegian spoken in a clear and slow manner. Transcriptions for the episodes are easily available at the website for the podcast, providing textual support for the spoken material. The podcast deals with many different topics including history, culture, science, literature, the Norwegian language and more; this provides the learner with a range of different topics in Norwegian, leading to ample opportunity to improve one\u2019s Norwegian. It is also a fun and engaging way of learning!<\/p>\n<\/div><div class=\"pod-items__navi-menu\"><a href=\"https:\/\/podcasts.apple.com\/us\/podcast\/l%C3%A6r-norsk-n%C3%A5\/id1509716748\" class=\"subscribe-item pp-badge apple-sub\" target=\"_blank\"><svg class=\"icon icon-pp-apple\" aria-hidden=\"true\" role=\"img\" focusable=\"false\"><use href=\"#icon-pp-apple\" xlink:href=\"#icon-pp-apple\"><\/use><\/svg><span class=\"sub-text\"><span class=\"sub-listen-text\">Esc\u00fachalo en:<\/span><span class=\"sub-item-text\">Apple Podcasts<\/span><\/span><\/a><a href=\"https:\/\/podcasts.google.com\/feed\/aHR0cHM6Ly9hbmNob3IuZm0vcy8xOWI1Y2JkOC9wb2RjYXN0L3Jzcw==\" class=\"subscribe-item pp-badge google-sub\" target=\"_blank\"><svg class=\"icon icon-pp-google\" aria-hidden=\"true\" role=\"img\" focusable=\"false\"><use href=\"#icon-pp-google\" xlink:href=\"#icon-pp-google\"><\/use><\/svg><span class=\"sub-text\"><span class=\"sub-listen-text\">Esc\u00fachalo en:<\/span><span class=\"sub-item-text\"><span>Google <\/span><span style=\"font-weight: normal;\">P\u00f3dcast<\/span><\/span><\/span><\/a><a href=\"https:\/\/open.spotify.com\/show\/6GWf9sFwRSFcGZMAeFPyvY\" class=\"subscribe-item pp-badge spotify-sub\" target=\"_blank\"><span class=\"sub-text\"><span class=\"sub-listen-text\">Esc\u00fachalo en:<\/span><\/span><svg class=\"icon icon-pp-spotify\" aria-hidden=\"true\" role=\"img\" focusable=\"false\"><use href=\"#icon-pp-spotify\" xlink:href=\"#icon-pp-spotify\"><\/use><\/svg><span class=\"sub-text\"><span class=\"sub-item-text\">Spotify<\/span><\/span><\/a><\/div><\/div><\/div><\/div><div class=\"pp-podcast__content pod-content\"><div class=\"pp-podcast__single\"><div class=\"pp-podcast__player\"><div class=\"pp-player-episode\"><audio id=\"pp-podcast-2430-player\" preload=\"none\" class=\"pp-podcast-episode\" style=\"width: 100%;\" controls=\"controls\"><source type=\"audio\/mpeg\" src=\"https:\/\/anchor.fm\/s\/19b5cbd8\/podcast\/play\/36685527\/https%3A%2F%2Fd3ctxlq1ktw2nl.cloudfront.net%2Fstaging%2F2021-6-4%2Fffe20cf2-cc60-70cc-6f23-3aa2d7122511.mp3\" \/><\/audio><\/div><\/div><div class=\"pod-content__episode episode-single\"><button class=\"episode-single__close\" aria-expanded=\"false\" aria-label=\"Cerrar el episodio individual\"><span class=\"btn-icon-wrap\"><svg class=\"icon icon-pp-x\" aria-hidden=\"true\" role=\"img\" focusable=\"false\"><use href=\"#icon-pp-x\" xlink:href=\"#icon-pp-x\"><\/use><\/svg><\/span><\/button><div class=\"episode-single__wrapper\"><div class=\"episode-single__header\"><div class=\"episode-single__title\">73 &#8211; Ivar Aasen<\/div><div class=\"episode-single__author\"><span class=\"byname\">por<\/span><span class=\"single-author\">Marius Stangeland<\/span><\/div><\/div><div class=\"episode-single__description\"><p>Epost: Laernorsknaa@gmail.com<\/p><p>Teksten til episoden: \u00a0<a href=\"https:\/\/laernorsknaa.com\/es\/73-ivar-aasen\/\">https:\/\/laernorsknaa.com\/<strong>73-ivar-aasen<\/strong><\/a><\/p><p>YouTube:\u00a0<a href=\"https:\/\/www.youtube.com\/channel\/UCxdRJ5lW2QlUNRfff-ZoE-A\/videos\">\u2060\u2060\u2060https:\/\/www.youtube.com\/channel\/UCxdRJ5lW2QlUNRfff-ZoE-A\/videos\u2060\u2060<\/a><\/p><p><\/p><p><strong>St\u00f8tt podkasten: <\/strong><\/p><p>Patreon:\u00a0<a href=\"https:\/\/www.patreon.com\/laernorsknaa\">\u2060\u2060https:\/\/www.patreon.com\/laernorsknaa\u2060\u2060<\/a><\/p><p>Donasjon (Paypal):\u00a0<a href=\"https:\/\/www.paypal.com\/donate\/?hosted_button_id=KG22H9FPVG22N\">\u2060\u2060Doner (paypal.com)\u2060<\/a><\/p><p><\/p><p>Ivar Aasen er nok den mest kjende norske spr\u00e5kforskaren i Noreg. Han levde fr\u00e5 1813 til 1896 og kom fr\u00e5 \u00d8rsta som ligg i fylket M\u00f8re og Romsdal, nord p\u00e5 Vestlandet. Han er kjend for \u00e5 ha laga fundamentet for det som skulle bli nynorsk. Han reiste rundt i Noreg, samla inn trekk fr\u00e5 ulike dialekter og laga eit nytt norsk skriftspr\u00e5k ut av det, nynorsk. I denne episoden skal me sj\u00e5 litt meir p\u00e5 Ivar Aasen og det arbeidet han gjorde, men f\u00f8rst m\u00e5 me veta litt meir om konteksten bak. Me m\u00e5 veta korleis spr\u00e5ksituasjonen i Noreg var p\u00e5 1800-talet.<\/p><p>Det skjedde mykje i Noreg p\u00e5 1800-talet. I 1814 fekk Noreg sitt sj\u00f8lvstende fr\u00e5 Danmark etter ein 400\u00e5r lang union. Noreg hadde vert i union med Danmark i 400\u00e5r f\u00f8r dei fekk sitt sj\u00f8lvstende i 1814. Sj\u00f8lvstende tyder at eit land kan bestemma over seg sj\u00f8lv. I 1814 fekk Noreg ogs\u00e5 sin eigen grunnlov. Likevel varte ikkje sj\u00f8lvstendigheita veldig lenge. I 1814, same \u00e5ret, blei Noreg tvungen inn i ein union med Sverige. Men nordmenn blei likevel mykje meir medvitne p\u00e5 at dei var nordmenn og ikkje danskar eller svenskar. Me var eit eige land med ein eigen kultur, og veldig sentralt for denne episoden, v\u00e5rt eige spr\u00e5k.<\/p><p>Men hadde Noreg eit eige spr\u00e5k i denne perioden? Vel, om me snakkar om talespr\u00e5ket s\u00e5 er det ikkje tvil; nordmenn snakka framleis sine norske dialekter. Norsk levde i talespr\u00e5ket. Det s\u00e5g verre ut for skriftspr\u00e5ket. Medan Noreg var i ein union med Danmark s\u00e5 skreiv ein dansk i Noreg. Skriftspr\u00e5ket i Noreg var alts\u00e5 dansk i denne perioden. Norske forfattarar skreiv p\u00e5 dansk. Eit sj\u00f8lvstendig land kunne d\u00e5 ikkje bruka skriftspr\u00e5ket til eit anna land? Nei, me snakka norsk i Noreg og no var det fleire som \u00f8nska \u00e5 ogs\u00e5 skriva norsk.<\/p><p>Dette var ei tid for nasjonalromantikk generelt i Europa. Det var mange land i Europa som fekk ein nasjonal oppblomstring i denne perioden. Folk i Europa blei generelt meir medvitne p\u00e5 kor dei kom fr\u00e5. Folk \u00f8nskte \u00e5 trekka fram kva som gjorde deira land spesielt. Noreg var ikkje noko unntak. Norske folkeeventyr blei samla i denne perioden. Me fekk v\u00e5rt eige flag. Og snart skulle me ogs\u00e5 f\u00e5 v\u00e5rt eige skriftspr\u00e5k.<\/p><\/div><\/div><div class=\"ppjs__img-wrapper\"><div class=\"ppjs__img-btn-cover\"><img decoding=\"async\" class=\"ppjs__img-btn\" src=\"https:\/\/laernorsknaa.com\/wp-content\/uploads\/2022\/06\/4213446-1625436509476-b881747aa00fd.jpg\" srcset=\"https:\/\/laernorsknaa.com\/wp-content\/uploads\/2022\/06\/4213446-1625436509476-b881747aa00fd.jpg 400w, https:\/\/laernorsknaa.com\/wp-content\/uploads\/2022\/06\/4213446-1625436509476-b881747aa00fd-300x300.jpg 300w, https:\/\/laernorsknaa.com\/wp-content\/uploads\/2022\/06\/4213446-1625436509476-b881747aa00fd-150x150.jpg 150w, https:\/\/laernorsknaa.com\/wp-content\/uploads\/2022\/06\/4213446-1625436509476-b881747aa00fd-100x100.jpg 100w\" sizes=\"(max-width: 640px) 100vw, 300px\" alt=\"73 &#8211; Ivar Aasen\"><\/div><span class=\"ppjs__img-btn-style\" style=\"display: block; width: 100%; padding-top: 100%\"><\/div><\/div><\/div><\/div><\/div><div class=\"pod-content__launcher pod-launch\"><button class=\"pod-launch__button pod-launch__info pod-button\" aria-expanded=\"false\"><span class=\"ppjs__offscreen\">Mostrar la informaci\u00f3n del p\u00f3dcast<\/span><span class=\"btn-icon-wrap\"><svg class=\"icon icon-pp-podcast\" aria-hidden=\"true\" role=\"img\" focusable=\"false\"><use href=\"#icon-pp-podcast\" xlink:href=\"#icon-pp-podcast\"><\/use><\/svg><svg class=\"icon icon-pp-x\" aria-hidden=\"true\" role=\"img\" focusable=\"false\"><use href=\"#icon-pp-x\" xlink:href=\"#icon-pp-x\"><\/use><\/svg><\/span><\/button><\/div><\/div>\n\n\n<h2 class=\"wp-block-heading\"><strong>Transcripci\u00f3n<\/strong><\/h2>\n\n\n\n<div class=\"wp-block-group transcript has-background\" style=\"background-color:#eff8ff\"><div class=\"wp-block-group__inner-container is-layout-flow wp-block-group-is-layout-flow\">\n<p id=\"viewer-ah1pe\">Ivar Aasen er tidenes legende. F\u00f8r me snakkar om han s\u00e5 vil eg berre kjapt nemna Patreon. Der kan de st\u00f8tta podkasten.. Det sett eg veldig pris p\u00e5. Teksten til episoden finn de p\u00e5 nettstaden. De kan kontakta meg via epost. All informasjon finn de i deskripsjonen. No, lat oss byrja!<\/p>\n\n\n\n<p>Ivar Aasen er nok den mest kjende norske spr\u00e5kforskaren i Noreg. Han levde fr\u00e5 1813 til 1896 og kom fr\u00e5 \u00d8rsta som ligg i fylket M\u00f8re og Romsdal, nord p\u00e5 Vestlandet. Han er kjend for \u00e5 ha laga fundamentet for det som skulle bli nynorsk. Han reiste rundt i Noreg, samla inn trekk fr\u00e5 ulike dialekter og laga eit nytt norsk skriftspr\u00e5k ut av det, nynorsk. I denne episoden skal me sj\u00e5 litt meir p\u00e5 Ivar Aasen og det arbeidet han gjorde, men f\u00f8rst m\u00e5 me veta litt meir om konteksten bak. Me m\u00e5 veta korleis spr\u00e5ksituasjonen i Noreg var p\u00e5 1800-talet.<\/p>\n\n\n\n<p>Det skjedde mykje i Noreg p\u00e5 1800-talet. I 1814 fekk Noreg sitt sj\u00f8lvstende fr\u00e5 Danmark etter ein 400\u00e5r lang union. Noreg hadde vert i union med Danmark i 400\u00e5r f\u00f8r dei fekk sitt sj\u00f8lvstende i 1814. Sj\u00f8lvstende tyder at eit land kan bestemma over seg sj\u00f8lv. I 1814 fekk Noreg ogs\u00e5 sin eigen grunnlov. Likevel varte ikkje sj\u00f8lvstendigheita veldig lenge. I 1814, same \u00e5ret, blei Noreg tvungen inn i ein union med Sverige. Men nordmenn blei likevel mykje meir medvitne p\u00e5 at dei var nordmenn og ikkje danskar eller svenskar. Me var eit eige land med ein eigen kultur, og veldig sentralt for denne episoden, v\u00e5rt eige spr\u00e5k.<\/p>\n\n\n\n<p>Men hadde Noreg eit eige spr\u00e5k i denne perioden? Vel, om me snakkar om talespr\u00e5ket s\u00e5 er det ikkje tvil; nordmenn snakka framleis sine norske dialekter. Norsk levde i talespr\u00e5ket. Det s\u00e5g verre ut for skriftspr\u00e5ket. Medan Noreg var i ein union med Danmark s\u00e5 skreiv ein dansk i Noreg. Skriftspr\u00e5ket i Noreg var alts\u00e5 dansk i denne perioden. Norske forfattarar skreiv p\u00e5 dansk. Eit sj\u00f8lvstendig land kunne d\u00e5 ikkje bruka skriftspr\u00e5ket til eit anna land? Nei, me snakka norsk i Noreg og no var det fleire som \u00f8nska \u00e5 ogs\u00e5 skriva norsk.<\/p>\n\n\n\n<p>Dette var ei tid for nasjonalromantikk generelt i Europa. Det var mange land i Europa som fekk ein nasjonal oppblomstring i denne perioden. Folk i Europa blei generelt meir medvitne p\u00e5 kor dei kom fr\u00e5. Folk \u00f8nskte \u00e5 trekka fram kva som gjorde deira land spesielt. Noreg var ikkje noko unntak. Norske folkeeventyr blei samla i denne perioden. Me fekk v\u00e5rt eige flag. Og snart skulle me ogs\u00e5 f\u00e5 v\u00e5rt eige skriftspr\u00e5k.<\/p>\n\n\n\n<p>Ivar Aasen vaks opp p\u00e5 ein gard&nbsp; i \u00d8rsta som ligg i Sunnm\u00f8re. Han vaks opp p\u00e5 bygda p\u00e5 Nord-Vestlandet. Heilt fr\u00e5 tidleg alder var Aasen interessert i b\u00f8ker og \u00e5 lesa. Som yrke var Aasen l\u00e6rar.<\/p>\n\n\n\n<p>I 1830-\u00e5ra var det ein stor spr\u00e5kpolitisk debatt i Noreg. Mange i Noreg ville ha eit eige norsk skriftspr\u00e5k medan andre berre ville halda fram med dansken. Ivar Aasen var klokkeklar p\u00e5 at han ville ha eit eige norsk skriftspr\u00e5k. I 1836 skreiv han ein artikkel med overskrifta \u00abOm vort skriftsprog\u00bb. Litt morosamt skreiv han dette p\u00e5 dansk ettersom det enn\u00e5 ikkje fantes eit norsk skriftspr\u00e5k. Uansett, her skreiv Aasen at han \u00f8nska eit eige norsk skriftspr\u00e5k og kvifor dette var viktig. Eg skal lesa eit lite utdrag fr\u00e5 denne artikkelen:<\/p>\n\n\n\n<p class=\"has-text-align-left\"><em>Efterat vort F\u00e6dreneland atter er blevet hvad det engang var, nemlig frit og selvst\u00e6ndigt, maa det v\u00e6re os magtpaaliggende at bruge et selvst\u00e6ndigt og nationalt Sprog, eftersom dette er en Nations fornemste Kjendem\u00e6rke. Saal\u00e6nge Norge ansaaes som en dansk Provinds, og Landets Embeder for en stor Deel besattes af Danske, ja endog alle Norske,som n\u00f8d videnskabelig Opdragelse, opl\u00e6rtes i Danmark og paa Dansk, og f\u00f8lgelig Dansk eller Kj\u00f8benhavnsk Tale og Skrift omsider blev herskende hosos, var det naturligt, at vort Sprogs Nationalitet maatte gaae under. Hiin Umyndighedstid er svunden,og vi burde vise Verden, at vi ogsaa i denne,vistnok ikke uvigtige Sag &#8211; attraaede at v\u00e6re selvst\u00e6ndige.<\/em><\/p>\n\n\n\n<p>Her skriv Aasen at Noreg treng eit eige nasjonalt spr\u00e5k for \u00e5 bli skikkeleg fritt og sj\u00f8lvstendig. Han skriv at det var naturleg at Noreg skreiv dansk d\u00e5 dei var i union med Danmark, men at no som Noreg er fritt, er det naudsynleg med eit eige skriftspr\u00e5k. Det er veldig lett \u00e5 sj\u00e5 den nasjonalistiske retorikken i Aasen sin artikkel her. Heile artikkelen ligg gratis ute p\u00e5 nettet om nokon er interessert i \u00e5 lese heile. D\u00e5 Aasen skreiv dette var han berre 23\u00e5r gammal. Dette visar at han tidleg var opptatt av spr\u00e5k.<\/p>\n\n\n\n<p>Aasen var ikkje berre opptatt av norsk. Han las l\u00e6reb\u00f8ker og grammatikkar for tysk, fransk og engelsk. I tillegg hadde han latin d\u00e5 han gjekk p\u00e5 skulen. Han var ogs\u00e5 kjend med kva den kjende danske lingvisten Rasmus Rask hadde gjort for islandsk. Aasen lurte p\u00e5 kvifor det ikkje fantes nokre slike grammatikkar for norsk spr\u00e5k n\u00e5r andre spr\u00e5k hadde det. Dette gjorde at Aasen laga Sunnm\u00f8rs-grammatikken, alts\u00e5 ein grammatikk for sunnm\u00f8rsdialekta, den dialekta Aasen snakka sj\u00f8lv. Denne grammatikken blei det f\u00f8rste vitskaplege verket til Aasen.<\/p>\n\n\n\n<p>Aasen l\u00e6rte seg gammalnorsk, alts\u00e5 norsk fr\u00e5 byrjinga av vikingtida til 1300-talet. Han skaffa seg ogs\u00e5 solide kunnskapar i eldre norsk spr\u00e5khistorie. Dette skulle han seinare bruka i arbeidet sitt med \u00e5 byggja eit eige norsk skriftspr\u00e5k. Han ville ha eit vitskapleg grunnlag for sitt eige norske skriftspr\u00e5k: eit skriftspr\u00e5k bygd p\u00e5 norske dialekter. Men f\u00f8rst m\u00e5tte han finna ut av kva for nokre dialekter han skulle byggja skriftspr\u00e5ket sitt p\u00e5. P\u00e5 mange andre spr\u00e5k vel ein gjerne \u00e5 byggja skriftspr\u00e5ket sitt p\u00e5 ei einskild dialekt, ofte hovudstadsdialekta. Aasen ville byggja skriftspr\u00e5ket sitt p\u00e5 fleire norske dialekter. Dette innebar at han m\u00e5tte velja former og b\u00f8yingsm\u00f8nster fr\u00e5 ei stor variasjon av dialekter.<\/p>\n\n\n\n<p>Det var her det vitskapelege grunnlaget m\u00e5tte inn. Aasen \u00f8nskte ikkje \u00e5 berre velja tilfeldig kva trekk han skulle ta med fr\u00e5 dei ulike dialektene. Aasen valte \u00e5 ta i bruk gammalnorsk som ei rettesnor for dei formene han skulle velje. Dette valet var bygd p\u00e5 Aasen sitt \u00f8nske om \u00e5 visa at norsk hadde gamle r\u00f8ter fr\u00e5 f\u00f8r dansketida. Norsk og norske dialekter har r\u00f8ter til lenge f\u00f8r unionen med Danmark, og dette var viktig for Aasen \u00e5 visa i sitt nye skriftspr\u00e5k. Det var ogs\u00e5 ein m\u00e5te \u00e5 ta litt avstand fr\u00e5 den danske p\u00e5verknaden i Noreg. Det var ein m\u00e5te \u00e5 visa at Noreg var sj\u00f8lvstendig og no skulle me sj\u00e5 tilbake til v\u00e5r eiga historie for \u00e5 finna v\u00e5rt eige spr\u00e5k. Dette var ein del av den norske nasjonale ideologien i perioden. Aasen sitt arbeid var absolutt bygd p\u00e5 ein ideologi: At Noreg skulle vera ein eigen nasjon med eit eige spr\u00e5k.<\/p>\n\n\n\n<p>Mellom 1842 og 1846 reiste Aasen rundt omkring i Noreg for \u00e5 granska norske dialekter. Han skulle finna ord og b\u00f8yingar som han skulle bruka til den nye skriftspr\u00e5ket sitt. Han var f\u00f8rst og fremst p\u00e5 stader p\u00e5 Vestlandet og i fjellbygdene p\u00e5 Austlandet. Han samla dette til to b\u00f8ker som handla om ulike norske dialekter og deira grammatikkar. I 1853 pr\u00f8var han for f\u00f8rste gong \u00e5 laga eit eige norsk skriftspr\u00e5k. Har pr\u00f8vde han \u00e5 skriva p\u00e5 ulike norske dialekter fr\u00e5 rundt omkring i landet. Han skreiv fleire sm\u00e5tekster p\u00e5 eit standardskriftspr\u00e5k bygd p\u00e5 desse dialektene.<\/p>\n\n\n\n<p>Sj\u00f8lv om Aasen brukte ein vitskapleg metode for \u00e5 laga skriftspr\u00e5ket sitt, s\u00e5 var ikkje dette eit n\u00f8ytralt arbeid. Aasen hadde ikkje noko imot \u00e5 bruka skildringar som \u00abdei beste dialektene\u00bb og \u00abfullkomne former\u00bb. I tillegg styrte han bort fr\u00e5 bydialektene ettersom han meinte dei hadde for stor dansk p\u00e5verknad. Det kan ogs\u00e5 sj\u00e5 ut som om han ofte f\u00f8retrakk dei vestnorske dialektene, kanskje fordi han kom fr\u00e5 Vestlandet sj\u00f8lv. Det skriftspr\u00e5ket Aasen laga var difor f\u00f8rst og fremst bygd p\u00e5 vestnorske dialekter og midlandsm\u00e5l.<\/p>\n\n\n\n<p>Aasen kalla det nye skriftspr\u00e5ket sitt for \u00ablandsm\u00e5l\u00bb. Namnet \u00ablandsm\u00e5l\u00bb blei brukt sidan Aasen \u00f8nskte at skriftspr\u00e5ket skulle brukast i heile Noreg, alts\u00e5 vera eit skriftspr\u00e5k for heile landet. Men kva synes nordmenn om det nye skriftspr\u00e5ket? Det var det stor usemje om. Folk var ueinige med kvarandre om \u00ablandsm\u00e5l\u00bb. Nokon meinte at det var for konservativt og for likt norr\u00f8nt. Andre meinte at det ikkje var konservativt nok; dei \u00f8nskte eit norsk skriftspr\u00e5k som var end\u00e5 n\u00e6rmare norr\u00f8nt. I eit moderne perspektiv s\u00e5 er Aasen sitt originale skriftspr\u00e5k veldig konservativt. Ettersom Aasen som regel brukte dei dialektsformene som var n\u00e6rmast gammalnorsk, s\u00e5 vart spr\u00e5ket n\u00e6rmare norr\u00f8nt. Seinare blei Aasen sitt \u00ablandsm\u00e5l\u00bb modernisert og forma grunnlaget for det som er nynorsk i dag.<\/p>\n\n\n\n<p>Aasen er derimot ikkje berre kjend for sitt arbeid med \u00e5 laga landsm\u00e5l. Han er ogs\u00e5 kjend for bruken sin av det nye skriftspr\u00e5ket. Ein av grunnane til at landsm\u00e5let til Aasen blei s\u00e5 stort som det blei var at Aasen var veldig flink til \u00e5 ta i bruk det nye skriftspr\u00e5ket. Han viste korleis ein kunne bruka det nye spr\u00e5ket til \u00e5 skriva litteratur. Aasen er framfor alt kjend for sin lyrikk. Det mest kjende verket hans er nok truleg \u00abNordmannen\u00bb fr\u00e5 1863. Dette er eit sv\u00e6rt kjent dikt i Noreg i dag som ogs\u00e5 har blitt ein song. Dei aller fleste i Noreg kan den f\u00f8rste strofa:<\/p>\n\n\n\n<p class=\"has-text-align-center\"><em>Millom Bakkar og Berg ut med Havet<\/em><\/p>\n\n\n\n<p class=\"has-text-align-center\"><em>heve Nordmannen fenget sin Heim,<\/em><\/p>\n\n\n\n<p class=\"has-text-align-center\"><em>der han sj\u00f8lv heve Tufterna gravet<\/em><\/p>\n\n\n\n<p class=\"has-text-align-center\"><em>og sett sj\u00f8lv sin Hus uppaa deim.<\/em><\/p>\n\n\n\n<p>Aasen sine dikt er inspirert av folkediktinga. Det vil seie at han ofte bruker folkelege talem\u00e5tar. Han uttrykker seg p\u00e5 ein knapp og klar m\u00e5te i dikta sine. I \u00abNordmannen\u00bb feirar Aasen det norske og Noreg, men p\u00e5 ein ganske dempa m\u00e5te. Diktet f\u00e5r fram det r\u00f8ffe og t\u00f8ffe med \u00e5 bu i Noreg. Det er ikkje alltid like lett \u00e5 bu i Noreg, men nordmannen fant sin heim der. Det er eit land med bakkar og berg. I seinare strofer f\u00e5r ein ogs\u00e5 eit innblikk i kor v\u00earhardt Noreg kan vera. Noreg kan vera eit land med mykje forskjellig v\u00ear. V\u00ear og vind. Men nordmannen er framleis glad i dette landet.<\/p>\n\n\n\n<p>I eit internasjonalt perspektiv var Aasen sitt arbeid ganske eksepsjonelt. Det var nok derimot ikkje tilfeldig at Aasen gjorde dette arbeidet i akkurat denne perioden. Det var ein internasjonal trend p\u00e5 midten av 1800-talet at fleire land systematiserte spr\u00e5ka sine og laga skriftspr\u00e5k for dei dersom det ikkje fantes fr\u00e5 f\u00f8r. For eksempel skjedde dette med f\u00e6r\u00f8ysk og kroatisk. Dette var ein del av trenden om at spr\u00e5kforskarar st\u00f8tta nasjonsbygginga i ulike nasjonar rundt omkring i Europa.<\/p>\n\n\n\n<p>Det som var spesielt med Aasen sitt landsm\u00e5l var at det ikkje var bydt p\u00e5 talem\u00e5let til ein sosial og \u00f8konomisk elite som i mange andre land. Landsm\u00e5let var bygd p\u00e5 talem\u00e5let til heilt vanlege folk rundt omkring i Noreg. Dette var ikkje baronar, keisarar eller kongar. Nei, det var norske b\u00f8nder og arbeidsfolk. Aasen gjorde mesteparten av arbeidet sitt p\u00e5 den norske landsbygda. Det er ganske unikt i eit internasjonalt perspektiv.<\/p>\n\n\n\n<p>Likevel skal me ikkje overdriva kor unik Aasen var. Han har mykje til felles med andre personar som gjorde liknande reiser som han i andre land. Samstundes som landsm\u00e5let blei nedskriven og forma var det fleire enkeltpersonar som vitskapleg reiste rundt og studerte sine nasjonale spr\u00e5k i Tsjekkia, Slovakia, Slovenia og Ukraina, til d\u00f8mes.<\/p>\n\n\n\n<p>I Noreg er Ivar Aasen i dag b\u00e5e ein helt og ein bitter fiende, alt etter kven eit sp\u00f8r. Nokon elskar han, andre hatar han, alt etter kva ein synes om nynorsk. Landsm\u00e5let til Aasen blei til nynorsken i dag, eit av dei to skriftspr\u00e5ka i Noreg. Hans arbeid la grunnlaget for v\u00e5rt eige norske skriftspr\u00e5k, men det gjorde ogs\u00e5 at me i Noreg i dag har to skriftspr\u00e5k for same spr\u00e5k, noko som er ganske unikt. Landsm\u00e5let til Aasen har nok ogs\u00e5 vert med \u00e5 p\u00e5verka utviklinga til det som skulle bli riksm\u00e5l og seinare bokm\u00e5l, det st\u00f8rste skriftspr\u00e5ket i Noreg i dag. Uansett kva ein synes om nynorsk, s\u00e5 er det utan tvil veldig imponerande det arbeidet Aasen gjorde d\u00e5 han reiste rundt for \u00e5 samla dialekter og seinare bygde sitt norske skriftspr\u00e5k p\u00e5 desse.<\/p>\n\n\n\n<p>Det var alt for denne episoden. Om de har nokre tilbakemeldingar eller sp\u00f8rsm\u00e5l kan de senda dei til meg via epost. Epostadressa finn de i deskripsjonen. Elles h\u00e5par eg \u00e5 sj\u00e5 dykk i neste episode. Ha det bra!<\/p>\n<\/div><\/div>","protected":false},"excerpt":{"rendered":"<p>Ivar Aasen er nok den mest kjende norske spr\u00e5kforskaren i Noreg. Han levde fr\u00e5 1813 til 1896 og kom fr\u00e5 \u00d8rsta som ligg i fylket M\u00f8re og Romsdal, nord p\u00e5 Vestlandet. Han er kjend for \u00e5 ha laga fundamentet for det som skulle bli nynorsk. Han reiste rundt i Noreg, samla inn trekk fr\u00e5 ulike dialekter og laga eit nytt norsk skriftspr\u00e5k ut av det, nynorsk. I denne episoden skal me sj\u00e5 litt meir p\u00e5 Ivar Aasen og det arbeidet han gjorde, men f\u00f8rst m\u00e5 me veta litt meir om konteksten bak. Me m\u00e5 veta korleis spr\u00e5ksituasjonen i Noreg var p\u00e5 1800-talet. <\/p>","protected":false},"author":2,"featured_media":1680,"comment_status":"open","ping_status":"closed","sticky":false,"template":"","format":"standard","meta":{"_monsterinsights_skip_tracking":false,"_monsterinsights_sitenote_active":false,"_monsterinsights_sitenote_note":"","_monsterinsights_sitenote_category":0,"footnotes":""},"categories":[5],"tags":[570,566,567,228,15,569,568,221],"class_list":["post-1677","post","type-post","status-publish","format-standard","has-post-thumbnail","hentry","category-podcast","tag-1800-talet","tag-ivar-aasen","tag-landsmal","tag-nasjonalisme","tag-nynorsk","tag-skriftsprak","tag-sprakideologi","tag-sprakpolitikk"],"yoast_head":"<!-- This site is optimized with the Yoast SEO plugin v26.4 - https:\/\/yoast.com\/wordpress\/plugins\/seo\/ -->\n<title>73 - Ivar Aasen &#8211; L\u00e6r norsk n\u00e5<\/title>\n<meta name=\"robots\" content=\"index, follow, max-snippet:-1, max-image-preview:large, max-video-preview:-1\" \/>\n<link rel=\"canonical\" href=\"http:\/\/91.98.205.163:8089\/73-ivar-aasen\/\" \/>\n<meta property=\"og:locale\" content=\"es_ES\" \/>\n<meta property=\"og:type\" content=\"article\" \/>\n<meta property=\"og:title\" content=\"73 - Ivar Aasen &#8211; L\u00e6r norsk n\u00e5\" \/>\n<meta property=\"og:description\" content=\"Ivar Aasen er nok den mest kjende norske spr\u00e5kforskaren i Noreg. Han levde fr\u00e5 1813 til 1896 og kom fr\u00e5 \u00d8rsta som ligg i fylket M\u00f8re og Romsdal, nord p\u00e5 Vestlandet. Han er kjend for \u00e5 ha laga fundamentet for det som skulle bli nynorsk. Han reiste rundt i Noreg, samla inn trekk fr\u00e5 ulike dialekter og laga eit nytt norsk skriftspr\u00e5k ut av det, nynorsk. I denne episoden skal me sj\u00e5 litt meir p\u00e5 Ivar Aasen og det arbeidet han gjorde, men f\u00f8rst m\u00e5 me veta litt meir om konteksten bak. Me m\u00e5 veta korleis spr\u00e5ksituasjonen i Noreg var p\u00e5 1800-talet.\" \/>\n<meta property=\"og:url\" content=\"http:\/\/91.98.205.163:8089\/73-ivar-aasen\/\" \/>\n<meta property=\"og:site_name\" content=\"L\u00e6r norsk n\u00e5\" \/>\n<meta property=\"article:published_time\" content=\"2021-07-05T04:58:00+00:00\" \/>\n<meta property=\"og:image\" content=\"http:\/\/91.98.205.163:8089\/wp-content\/uploads\/2021\/07\/standard_ivar-aasen.jpg\" \/>\n\t<meta property=\"og:image:width\" content=\"1004\" \/>\n\t<meta property=\"og:image:height\" content=\"1200\" \/>\n\t<meta property=\"og:image:type\" content=\"image\/jpeg\" \/>\n<meta name=\"author\" content=\"Marius Stangeland\" \/>\n<meta name=\"twitter:card\" content=\"summary_large_image\" \/>\n<meta name=\"twitter:label1\" content=\"Escrito por\" \/>\n\t<meta name=\"twitter:data1\" content=\"Marius Stangeland\" \/>\n\t<meta name=\"twitter:label2\" content=\"Tiempo de lectura\" \/>\n\t<meta name=\"twitter:data2\" content=\"10 minutos\" \/>\n<script type=\"application\/ld+json\" class=\"yoast-schema-graph\">{\"@context\":\"https:\/\/schema.org\",\"@graph\":[{\"@type\":\"Article\",\"@id\":\"http:\/\/91.98.205.163:8089\/73-ivar-aasen\/#article\",\"isPartOf\":{\"@id\":\"http:\/\/91.98.205.163:8089\/73-ivar-aasen\/\"},\"author\":{\"name\":\"Marius Stangeland\",\"@id\":\"http:\/\/91.98.205.163:8089\/#\/schema\/person\/372f7f766a136344430614732659b5f2\"},\"headline\":\"73 &#8211; Ivar Aasen\",\"datePublished\":\"2021-07-05T04:58:00+00:00\",\"mainEntityOfPage\":{\"@id\":\"http:\/\/91.98.205.163:8089\/73-ivar-aasen\/\"},\"wordCount\":2257,\"commentCount\":2,\"publisher\":{\"@id\":\"http:\/\/91.98.205.163:8089\/#\/schema\/person\/372f7f766a136344430614732659b5f2\"},\"image\":{\"@id\":\"http:\/\/91.98.205.163:8089\/73-ivar-aasen\/#primaryimage\"},\"thumbnailUrl\":\"https:\/\/laernorsknaa.com\/wp-content\/uploads\/2021\/07\/standard_ivar-aasen.jpg\",\"keywords\":[\"1800-talet\",\"Ivar Aasen\",\"Landsm\u00e5l\",\"Nasjonalisme\",\"nynorsk\",\"Skriftspr\u00e5k\",\"Spr\u00e5kideologi\",\"spr\u00e5kpolitikk\"],\"articleSection\":[\"Podcast\"],\"inLanguage\":\"es\",\"potentialAction\":[{\"@type\":\"CommentAction\",\"name\":\"Comment\",\"target\":[\"http:\/\/91.98.205.163:8089\/73-ivar-aasen\/#respond\"]}]},{\"@type\":\"WebPage\",\"@id\":\"http:\/\/91.98.205.163:8089\/73-ivar-aasen\/\",\"url\":\"http:\/\/91.98.205.163:8089\/73-ivar-aasen\/\",\"name\":\"73 - Ivar Aasen &#8211; L\u00e6r norsk n\u00e5\",\"isPartOf\":{\"@id\":\"http:\/\/91.98.205.163:8089\/#website\"},\"primaryImageOfPage\":{\"@id\":\"http:\/\/91.98.205.163:8089\/73-ivar-aasen\/#primaryimage\"},\"image\":{\"@id\":\"http:\/\/91.98.205.163:8089\/73-ivar-aasen\/#primaryimage\"},\"thumbnailUrl\":\"https:\/\/laernorsknaa.com\/wp-content\/uploads\/2021\/07\/standard_ivar-aasen.jpg\",\"datePublished\":\"2021-07-05T04:58:00+00:00\",\"breadcrumb\":{\"@id\":\"http:\/\/91.98.205.163:8089\/73-ivar-aasen\/#breadcrumb\"},\"inLanguage\":\"es\",\"potentialAction\":[{\"@type\":\"ReadAction\",\"target\":[\"http:\/\/91.98.205.163:8089\/73-ivar-aasen\/\"]}]},{\"@type\":\"ImageObject\",\"inLanguage\":\"es\",\"@id\":\"http:\/\/91.98.205.163:8089\/73-ivar-aasen\/#primaryimage\",\"url\":\"https:\/\/laernorsknaa.com\/wp-content\/uploads\/2021\/07\/standard_ivar-aasen.jpg\",\"contentUrl\":\"https:\/\/laernorsknaa.com\/wp-content\/uploads\/2021\/07\/standard_ivar-aasen.jpg\",\"width\":1004,\"height\":1200},{\"@type\":\"BreadcrumbList\",\"@id\":\"http:\/\/91.98.205.163:8089\/73-ivar-aasen\/#breadcrumb\",\"itemListElement\":[{\"@type\":\"ListItem\",\"position\":1,\"name\":\"Home\",\"item\":\"http:\/\/91.98.205.163:8089\/\"},{\"@type\":\"ListItem\",\"position\":2,\"name\":\"73 &#8211; Ivar Aasen\"}]},{\"@type\":\"WebSite\",\"@id\":\"http:\/\/91.98.205.163:8089\/#website\",\"url\":\"http:\/\/91.98.205.163:8089\/\",\"name\":\"L\u00e6r norsk n\u00e5!\",\"description\":\"Resources and podcasts to learn Norwegian\",\"publisher\":{\"@id\":\"http:\/\/91.98.205.163:8089\/#\/schema\/person\/372f7f766a136344430614732659b5f2\"},\"potentialAction\":[{\"@type\":\"SearchAction\",\"target\":{\"@type\":\"EntryPoint\",\"urlTemplate\":\"http:\/\/91.98.205.163:8089\/?s={search_term_string}\"},\"query-input\":{\"@type\":\"PropertyValueSpecification\",\"valueRequired\":true,\"valueName\":\"search_term_string\"}}],\"inLanguage\":\"es\"},{\"@type\":[\"Person\",\"Organization\"],\"@id\":\"http:\/\/91.98.205.163:8089\/#\/schema\/person\/372f7f766a136344430614732659b5f2\",\"name\":\"Marius Stangeland\",\"image\":{\"@type\":\"ImageObject\",\"inLanguage\":\"es\",\"@id\":\"http:\/\/91.98.205.163:8089\/#\/schema\/person\/image\/\",\"url\":\"https:\/\/secure.gravatar.com\/avatar\/3ed6f06da2edefcae6cf6bb78721e567c1d9117b6b5b9b98efa5ff3b8d0de5c0?s=96&d=retro&r=g\",\"contentUrl\":\"https:\/\/secure.gravatar.com\/avatar\/3ed6f06da2edefcae6cf6bb78721e567c1d9117b6b5b9b98efa5ff3b8d0de5c0?s=96&d=retro&r=g\",\"caption\":\"Marius Stangeland\"},\"logo\":{\"@id\":\"http:\/\/91.98.205.163:8089\/#\/schema\/person\/image\/\"}}]}<\/script>\n<!-- \/ Yoast SEO plugin. -->","yoast_head_json":{"title":"73 - Ivar Aasen &#8211; L\u00e6r norsk n\u00e5","robots":{"index":"index","follow":"follow","max-snippet":"max-snippet:-1","max-image-preview":"max-image-preview:large","max-video-preview":"max-video-preview:-1"},"canonical":"http:\/\/91.98.205.163:8089\/73-ivar-aasen\/","og_locale":"es_ES","og_type":"article","og_title":"73 - Ivar Aasen &#8211; L\u00e6r norsk n\u00e5","og_description":"Ivar Aasen er nok den mest kjende norske spr\u00e5kforskaren i Noreg. Han levde fr\u00e5 1813 til 1896 og kom fr\u00e5 \u00d8rsta som ligg i fylket M\u00f8re og Romsdal, nord p\u00e5 Vestlandet. Han er kjend for \u00e5 ha laga fundamentet for det som skulle bli nynorsk. Han reiste rundt i Noreg, samla inn trekk fr\u00e5 ulike dialekter og laga eit nytt norsk skriftspr\u00e5k ut av det, nynorsk. I denne episoden skal me sj\u00e5 litt meir p\u00e5 Ivar Aasen og det arbeidet han gjorde, men f\u00f8rst m\u00e5 me veta litt meir om konteksten bak. Me m\u00e5 veta korleis spr\u00e5ksituasjonen i Noreg var p\u00e5 1800-talet.","og_url":"http:\/\/91.98.205.163:8089\/73-ivar-aasen\/","og_site_name":"L\u00e6r norsk n\u00e5","article_published_time":"2021-07-05T04:58:00+00:00","og_image":[{"width":1004,"height":1200,"url":"http:\/\/91.98.205.163:8089\/wp-content\/uploads\/2021\/07\/standard_ivar-aasen.jpg","type":"image\/jpeg"}],"author":"Marius Stangeland","twitter_card":"summary_large_image","twitter_misc":{"Escrito por":"Marius Stangeland","Tiempo de lectura":"10 minutos"},"schema":{"@context":"https:\/\/schema.org","@graph":[{"@type":"Article","@id":"http:\/\/91.98.205.163:8089\/73-ivar-aasen\/#article","isPartOf":{"@id":"http:\/\/91.98.205.163:8089\/73-ivar-aasen\/"},"author":{"name":"Marius Stangeland","@id":"http:\/\/91.98.205.163:8089\/#\/schema\/person\/372f7f766a136344430614732659b5f2"},"headline":"73 &#8211; Ivar Aasen","datePublished":"2021-07-05T04:58:00+00:00","mainEntityOfPage":{"@id":"http:\/\/91.98.205.163:8089\/73-ivar-aasen\/"},"wordCount":2257,"commentCount":2,"publisher":{"@id":"http:\/\/91.98.205.163:8089\/#\/schema\/person\/372f7f766a136344430614732659b5f2"},"image":{"@id":"http:\/\/91.98.205.163:8089\/73-ivar-aasen\/#primaryimage"},"thumbnailUrl":"https:\/\/laernorsknaa.com\/wp-content\/uploads\/2021\/07\/standard_ivar-aasen.jpg","keywords":["1800-talet","Ivar Aasen","Landsm\u00e5l","Nasjonalisme","nynorsk","Skriftspr\u00e5k","Spr\u00e5kideologi","spr\u00e5kpolitikk"],"articleSection":["Podcast"],"inLanguage":"es","potentialAction":[{"@type":"CommentAction","name":"Comment","target":["http:\/\/91.98.205.163:8089\/73-ivar-aasen\/#respond"]}]},{"@type":"WebPage","@id":"http:\/\/91.98.205.163:8089\/73-ivar-aasen\/","url":"http:\/\/91.98.205.163:8089\/73-ivar-aasen\/","name":"73 - Ivar Aasen &#8211; L\u00e6r norsk n\u00e5","isPartOf":{"@id":"http:\/\/91.98.205.163:8089\/#website"},"primaryImageOfPage":{"@id":"http:\/\/91.98.205.163:8089\/73-ivar-aasen\/#primaryimage"},"image":{"@id":"http:\/\/91.98.205.163:8089\/73-ivar-aasen\/#primaryimage"},"thumbnailUrl":"https:\/\/laernorsknaa.com\/wp-content\/uploads\/2021\/07\/standard_ivar-aasen.jpg","datePublished":"2021-07-05T04:58:00+00:00","breadcrumb":{"@id":"http:\/\/91.98.205.163:8089\/73-ivar-aasen\/#breadcrumb"},"inLanguage":"es","potentialAction":[{"@type":"ReadAction","target":["http:\/\/91.98.205.163:8089\/73-ivar-aasen\/"]}]},{"@type":"ImageObject","inLanguage":"es","@id":"http:\/\/91.98.205.163:8089\/73-ivar-aasen\/#primaryimage","url":"https:\/\/laernorsknaa.com\/wp-content\/uploads\/2021\/07\/standard_ivar-aasen.jpg","contentUrl":"https:\/\/laernorsknaa.com\/wp-content\/uploads\/2021\/07\/standard_ivar-aasen.jpg","width":1004,"height":1200},{"@type":"BreadcrumbList","@id":"http:\/\/91.98.205.163:8089\/73-ivar-aasen\/#breadcrumb","itemListElement":[{"@type":"ListItem","position":1,"name":"Home","item":"http:\/\/91.98.205.163:8089\/"},{"@type":"ListItem","position":2,"name":"73 &#8211; Ivar Aasen"}]},{"@type":"WebSite","@id":"http:\/\/91.98.205.163:8089\/#website","url":"http:\/\/91.98.205.163:8089\/","name":"L\u00e6r norsk n\u00e5!","description":"Recursos y podcasts para aprender noruego","publisher":{"@id":"http:\/\/91.98.205.163:8089\/#\/schema\/person\/372f7f766a136344430614732659b5f2"},"potentialAction":[{"@type":"SearchAction","target":{"@type":"EntryPoint","urlTemplate":"http:\/\/91.98.205.163:8089\/?s={search_term_string}"},"query-input":{"@type":"PropertyValueSpecification","valueRequired":true,"valueName":"search_term_string"}}],"inLanguage":"es"},{"@type":["Person","Organization"],"@id":"http:\/\/91.98.205.163:8089\/#\/schema\/person\/372f7f766a136344430614732659b5f2","name":"Marius Stangeland","image":{"@type":"ImageObject","inLanguage":"es","@id":"http:\/\/91.98.205.163:8089\/#\/schema\/person\/image\/","url":"https:\/\/secure.gravatar.com\/avatar\/3ed6f06da2edefcae6cf6bb78721e567c1d9117b6b5b9b98efa5ff3b8d0de5c0?s=96&d=retro&r=g","contentUrl":"https:\/\/secure.gravatar.com\/avatar\/3ed6f06da2edefcae6cf6bb78721e567c1d9117b6b5b9b98efa5ff3b8d0de5c0?s=96&d=retro&r=g","caption":"Marius Stangeland"},"logo":{"@id":"http:\/\/91.98.205.163:8089\/#\/schema\/person\/image\/"}}]}},"_links":{"self":[{"href":"https:\/\/laernorsknaa.com\/es\/wp-json\/wp\/v2\/posts\/1677","targetHints":{"allow":["GET"]}}],"collection":[{"href":"https:\/\/laernorsknaa.com\/es\/wp-json\/wp\/v2\/posts"}],"about":[{"href":"https:\/\/laernorsknaa.com\/es\/wp-json\/wp\/v2\/types\/post"}],"author":[{"embeddable":true,"href":"https:\/\/laernorsknaa.com\/es\/wp-json\/wp\/v2\/users\/2"}],"replies":[{"embeddable":true,"href":"https:\/\/laernorsknaa.com\/es\/wp-json\/wp\/v2\/comments?post=1677"}],"version-history":[{"count":2,"href":"https:\/\/laernorsknaa.com\/es\/wp-json\/wp\/v2\/posts\/1677\/revisions"}],"predecessor-version":[{"id":1681,"href":"https:\/\/laernorsknaa.com\/es\/wp-json\/wp\/v2\/posts\/1677\/revisions\/1681"}],"wp:featuredmedia":[{"embeddable":true,"href":"https:\/\/laernorsknaa.com\/es\/wp-json\/wp\/v2\/media\/1680"}],"wp:attachment":[{"href":"https:\/\/laernorsknaa.com\/es\/wp-json\/wp\/v2\/media?parent=1677"}],"wp:term":[{"taxonomy":"category","embeddable":true,"href":"https:\/\/laernorsknaa.com\/es\/wp-json\/wp\/v2\/categories?post=1677"},{"taxonomy":"post_tag","embeddable":true,"href":"https:\/\/laernorsknaa.com\/es\/wp-json\/wp\/v2\/tags?post=1677"}],"curies":[{"name":"wp","href":"https:\/\/api.w.org\/{rel}","templated":true}]}}