{"id":1870,"date":"2021-08-26T05:55:00","date_gmt":"2021-08-26T04:55:00","guid":{"rendered":"http:\/\/91.98.205.163:8089\/?p=1870"},"modified":"2021-08-24T21:55:56","modified_gmt":"2021-08-24T20:55:56","slug":"4-8-the-black-death-in-norway","status":"publish","type":"post","link":"https:\/\/laernorsknaa.com\/es\/4-8-the-black-death-in-norway\/","title":{"rendered":"4.8 &#8211; The Black Death in Norway"},"content":{"rendered":"<p>26 august 2021 | 10 minutes<\/p>\n\n\n\t\t\t<style type=\"text\/css\">#pp-podcast-4787 a, .pp-modal-window .modal-4787 a, .pp-modal-window .aux-modal-4787 a, #pp-podcast-4787 .ppjs__more { color: #c8102e; } #pp-podcast-4787:not(.modern) .ppjs__audio .ppjs__button.ppjs__playpause-button button *, #pp-podcast-4787:not(.modern) .ppjs__audio .ppjs__button.ppjs__playpause-button button:hover *, #pp-podcast-4787:not(.modern) .ppjs__audio .ppjs__button.ppjs__playpause-button button:focus *, .pp-modal-window .modal-4787 .ppjs__audio .ppjs__button.ppjs__playpause-button button *, .pp-modal-window .modal-4787 .ppjs__audio .ppjs__button.ppjs__playpause-button button:hover *, .pp-modal-window .modal-4787 .ppjs__audio .ppjs__button.ppjs__playpause-button button:focus *, .pp-modal-window .aux-modal-4787 .pod-entry__play *, .pp-modal-window .aux-modal-4787 .pod-entry__play:hover * { color: #c8102e !important; } #pp-podcast-4787.postview .episode-list__load-more, .pp-modal-window .aux-modal-4787 .episode-list__load-more, #pp-podcast-4787:not(.modern) .ppjs__time-handle-content, .modal-4787 .ppjs__time-handle-content { border-color: #c8102e !important; } #pp-podcast-4787:not(.modern) .ppjs__audio-time-rail, #pp-podcast-4787.lv3 .pod-entry__play, #pp-podcast-4787.lv4 .pod-entry__play, #pp-podcast-4787.gv2 .pod-entry__play, #pp-podcast-4787.modern.wide-player .ppjs__audio .ppjs__button.ppjs__playpause-button button, #pp-podcast-4787.modern.wide-player .ppjs__audio .ppjs__button.ppjs__playpause-button button:hover, #pp-podcast-4787.modern.wide-player .ppjs__audio .ppjs__button.ppjs__playpause-button button:focus, .pp-modal-window .modal-4787 button.episode-list__load-more, .pp-modal-window .modal-4787 .ppjs__audio-time-rail, .pp-modal-window .modal-4787 button.pp-modal-close { background-color: #c8102e !important; } #pp-podcast-4787 .hasCover .ppjs__audio .ppjs__button.ppjs__playpause-button button { background-color: rgba(0, 0, 0, 0.5) !important; } .pp-modal-window .modal-4787 button.episode-list__load-more:hover, .pp-modal-window .modal-4787 button.episode-list__load-more:focus, .pp-modal-window .aux-modal-4787 button.episode-list__load-more:hover, .pp-modal-window .aux-modal-4787 button.episode-list__load-more:focus { background-color: rgba( 200,16,46, 0.7 ) !important; } #pp-podcast-4787 .ppjs__button.toggled-on, .pp-modal-window .modal-4787 .ppjs__button.toggled-on, #pp-podcast-4787.playerview .pod-entry.activeEpisode, .pp-modal-window .modal-4787.playerview .pod-entry.activeEpisode { background-color: rgba( 200,16,46, 0.1 ); } #pp-podcast-4787.postview .episode-list__load-more { background-color: transparent !important; } #pp-podcast-4787.modern:not(.wide-player) .ppjs__audio .ppjs__button.ppjs__playpause-button button *, #pp-podcast-4787.modern:not(.wide-player) .ppjs__audio .ppjs__button.ppjs__playpause-button button:hover *, #pp-podcast-4787.modern:not(.wide-player) .ppjs__audio .ppjs__button.ppjs__playpause-button button:focus * { color: #c8102e !important; } #pp-podcast-4787.modern:not(.wide-player) .ppjs__time-handle-content { border-color: #c8102e !important; } #pp-podcast-4787.modern:not(.wide-player) .ppjs__audio-time-rail { background-color: #c8102e !important; } #pp-podcast-4787, .modal-4787, .aux-modal-4787 { --pp-accent-color: #c8102e; }<\/style>\n\t\t\t<div id=\"pp-podcast-4787\" class=\"pp-podcast single-episode has-header header-hidden has-featured playerview media-audio\"  data-teaser=\"\" data-elength=\"25\" data-eunit=\"\" data-ppsdata=\"{&quot;ppe-4787-1&quot;:{&quot;title&quot;:&quot;4.8 &#8211; The Black Death in Norway&quot;,&quot;description&quot;:&quot;&lt;p&gt;Email: Laernorsknaa@gmail.com&lt;\\\/p&gt;\\n&lt;p&gt;Transcript: &lt;a href=\\&quot;https:\\\/\\\/laernorsknaa.com\\\/?p=1870https:\\\/\\\/laernorsknaa.com\\\/4-8-the-black-death-in-norway\\&quot; target=\\&quot;_blank\\&quot;&gt;https:\\\/\\\/laernorsknaa.com\\\/&lt;strong&gt;4-8-the-black-death-in-norway&lt;\\\/strong&gt;&lt;\\\/a&gt;\\n&lt;\\\/p&gt;\\n&lt;p&gt;&lt;strong&gt;Support me here &#8211;&gt;&lt;\\\/strong&gt;&lt;\\\/p&gt;\\n&lt;p&gt;Patreon:\\u00a0&lt;a href=\\&quot;https:\\\/\\\/www.patreon.com\\\/laernorsknaa\\&quot;&gt;\\u2060\\u2060\\u2060\\u2060https:\\\/\\\/www.patreon.com\\\/laernorsknaa\\u2060\\u2060\\u2060\\u2060&lt;\\\/a&gt;&lt;\\\/p&gt;\\n&lt;p&gt;Donasjon (Paypal):\\u00a0&lt;a href=\\&quot;https:\\\/\\\/www.paypal.com\\\/donate\\\/?hosted_button_id=KG22H9FPVG22N\\&quot;&gt;\\u2060\\u2060\\u2060\\u2060Doner (paypal.com)\\u2060\\u2060\\u2060&lt;\\\/a&gt;&lt;\\\/p&gt;\\n&lt;p&gt;&lt;\\\/p&gt;\\n&lt;p&gt;&lt;strong&gt;For more content to learn Norwegian &#8211;&gt;&lt;\\\/strong&gt;&lt;\\\/p&gt;\\n&lt;p&gt;YouTube:\\u00a0&lt;a href=\\&quot;https:\\\/\\\/www.youtube.com\\\/channel\\\/UCxdRJ5lW2QlUNRfff-ZoE-A\\&quot;&gt;\\u2060\\u2060\\u2060\\u2060\\u2060https:\\\/\\\/www.youtube.com\\\/channel\\\/UCxdRJ5lW2QlUNRfff-ZoE-A\\u2060\\u2060\\u2060&lt;\\\/a&gt;&lt;strong&gt;&lt;\\\/strong&gt;&lt;\\\/p&gt;\\n&lt;p&gt;&lt;\\\/p&gt;\\n&lt;p&gt;Svartedauden i Norge&lt;\\\/p&gt;\\n&lt;p&gt;&lt;strong&gt;Svartedauden&lt;\\\/strong&gt; er kanskje den verste pandemien i historien i &lt;strong&gt;prosentdelen&lt;\\\/strong&gt; av befolkningen den drepte. Svartedauden drepte store deler av verdens &lt;strong&gt;befolkning&lt;\\\/strong&gt; i middelalderen. &lt;strong&gt;Pesten&lt;\\\/strong&gt; &lt;strong&gt;ramma&lt;\\\/strong&gt;Europa og deler av Asia fra 1346 til 1353. I Norge kom pesten i 1349.&lt;\\\/p&gt;\\n&lt;p&gt;Hva er pest? Det er en bakterie-sykdom som er sv\\u00e6rt d\\u00f8delig. Den blir spredd ved &lt;strong&gt;loppebitt&lt;\\\/strong&gt;. Disse loppene bor ofte p\\u00e5 rotter. N\\u00e5r rottene d\\u00f8r, s\\u00e5 g\\u00e5r loppene over p\\u00e5 mennesker. Loppene biter mennesker som dermed blir smitta av pest. Rottene blei spredd &lt;strong&gt;rundt omkring i&lt;\\\/strong&gt; Europa &lt;strong&gt;ved hjelp av&lt;\\\/strong&gt; skip. Disse rottene spredde pesten rundt omkring i Europa. Pesten varte helt fram til 1600-tallet i Norge, men det var det f\\u00f8rste &lt;strong&gt;utbruddet&lt;\\\/strong&gt; som var verst. Det var f\\u00f8rste gangen pesten kom til Norge som var det verste.&lt;\\\/p&gt;\\n&lt;p&gt;If\\u00f8lge den islandske presten Einar Hafli\\u00f0ason kom pesten til Bergen fra England i 1349. Einar levde da pesten kom til Norge og er en viktig &lt;strong&gt;kilde&lt;\\\/strong&gt; til pesten her. Pesten spredde seg fra Bergen til hele Norge. Bergen var den viktigste byen i Norge p\\u00e5 denne tida s\\u00e5 pesten spredde seg raskt til andre steder.&lt;\\\/p&gt;\\n&lt;p&gt;Vi er ikke helt &lt;strong&gt;sikre&lt;\\\/strong&gt; p\\u00e5 hvor mange som d\\u00f8de av pesten i Norge, men sannsynligvis var det minst 30% av befolkningen. Det var alts\\u00e5 mange som d\\u00f8de av pesten i Norge. Dette var likevel ikke &lt;strong&gt;det eneste&lt;\\\/strong&gt; utbruddet av pest i Norge. Pesten kom tilbake flere ganger. Vi kjenner til mer enn 20 pestangrep i Norge fra 1349 helt til 1654.&lt;\\\/p&gt;\\n&lt;p&gt;Pesten f\\u00f8rte til mye d\\u00f8d og &lt;strong&gt;elendighet&lt;\\\/strong&gt;. Likevel var det ikke bare negativt. De som &lt;strong&gt;overlevde&lt;\\\/strong&gt; pesten, fikk det bedre i Norge. Fram til 1349 vokste befolkningen i Norge. Det blei flere og flere folk i landet. Dette gjorde at folk m\\u00e5tte bruke d\\u00e5rligere og d\\u00e5rligere jordbruksland for \\u00e5 mate alle. Mange i Norge var derfor fattige. F\\u00f8r svartedauden levde det kanskje s\\u00e5 mange som 500,000 i Norge. I 1500 var folketallet i Norge bare 200,000. F\\u00e6rre folk betydde at det var mer land til folk. Folk kunne forlate de d\\u00e5rlige g\\u00e5rdene for \\u00e5 flytte til de bedre g\\u00e5rdene med bedre jord. Mange blei derfor rikere av pesten. Norge &lt;strong&gt;n\\u00e5dde&lt;\\\/strong&gt; faktisk ikke 500,000 innbyggere f\\u00f8r i 1700. Det tok alts\\u00e5 lang tid f\\u00f8r folketallet kom tilbake til det det hadde v\\u00e6rt f\\u00f8r pesten.&lt;\\\/p&gt;\\n&quot;,&quot;author&quot;:&quot;Marius Stangeland&quot;,&quot;date&quot;:&quot;26-08-2021&quot;,&quot;link&quot;:&quot;https:\\\/\\\/podcasters.spotify.com\\\/pod\\\/show\\\/marius-stangeland1\\\/episodes\\\/4-8---The-Black-Death-in-Norway-e16d8to&quot;,&quot;src&quot;:&quot;https:\\\/\\\/anchor.fm\\\/s\\\/4adac90c\\\/podcast\\\/play\\\/39281016\\\/https%3A%2F%2Fd3ctxlq1ktw2nl.cloudfront.net%2Fstaging%2F2021-7-24%2F214547275-44100-2-1341700b29447.m4a&quot;,&quot;featured&quot;:&quot;https:\\\/\\\/laernorsknaa.com\\\/wp-content\\\/uploads\\\/2021\\\/08\\\/12458523-1629838530520-e57ff32723257-768x768.jpg&quot;,&quot;featured_id&quot;:1877,&quot;mediatype&quot;:&quot;audio&quot;,&quot;season&quot;:4,&quot;categories&quot;:[],&quot;duration&quot;:&quot;10:15&quot;,&quot;episodetype&quot;:&quot;full&quot;,&quot;timestamp&quot;:1629954000,&quot;key&quot;:&quot;0d65a7c441ed68f22b76c1bf98eccee4&quot;,&quot;fset&quot;:&quot;https:\\\/\\\/laernorsknaa.com\\\/wp-content\\\/uploads\\\/2021\\\/08\\\/12458523-1629838530520-e57ff32723257-768x768.jpg 768w, https:\\\/\\\/laernorsknaa.com\\\/wp-content\\\/uploads\\\/2021\\\/08\\\/12458523-1629838530520-e57ff32723257-300x300.jpg 300w, https:\\\/\\\/laernorsknaa.com\\\/wp-content\\\/uploads\\\/2021\\\/08\\\/12458523-1629838530520-e57ff32723257-1024x1024.jpg 1024w, https:\\\/\\\/laernorsknaa.com\\\/wp-content\\\/uploads\\\/2021\\\/08\\\/12458523-1629838530520-e57ff32723257-150x150.jpg 150w, https:\\\/\\\/laernorsknaa.com\\\/wp-content\\\/uploads\\\/2021\\\/08\\\/12458523-1629838530520-e57ff32723257-1536x1536.jpg 1536w, https:\\\/\\\/laernorsknaa.com\\\/wp-content\\\/uploads\\\/2021\\\/08\\\/12458523-1629838530520-e57ff32723257-2048x2048.jpg 2048w, https:\\\/\\\/laernorsknaa.com\\\/wp-content\\\/uploads\\\/2021\\\/08\\\/12458523-1629838530520-e57ff32723257-100x100.jpg 100w&quot;,&quot;fratio&quot;:1},&quot;load_info&quot;:{&quot;loaded&quot;:1,&quot;displayed&quot;:1,&quot;offset&quot;:0,&quot;maxItems&quot;:1,&quot;src&quot;:&quot;3ededa9a19390bfc730d953d0b77d32d&quot;,&quot;step&quot;:1,&quot;sortby&quot;:&quot;sort_date_desc&quot;,&quot;filterby&quot;:&quot;4.8 - The Black Death in Norway&quot;,&quot;fixed&quot;:&quot;&quot;,&quot;args&quot;:{&quot;imgurl&quot;:&quot;https:\\\/\\\/d3t3ozftmdmh3i.cloudfront.net\\\/production\\\/podcast_uploaded_nologo\\\/12458523\\\/12458523-1612293410160-23a9be9fbb4dc.jpg&quot;,&quot;imgset&quot;:&quot;&quot;,&quot;display&quot;:&quot;&quot;,&quot;hddesc&quot;:0,&quot;hdfeat&quot;:0,&quot;oricov&quot;:&quot;https:\\\/\\\/d3t3ozftmdmh3i.cloudfront.net\\\/production\\\/podcast_uploaded_nologo\\\/12458523\\\/12458523-1612293410160-23a9be9fbb4dc.jpg&quot;,&quot;elength&quot;:25}},&quot;rdata&quot;:{&quot;permalink&quot;:&quot;https:\\\/\\\/laernorsknaa.com\\\/es\\\/wp-json\\\/wp\\\/v2\\\/posts\\\/1870&quot;,&quot;fprint&quot;:&quot;3ededa9a19390bfc730d953d0b77d32d&quot;,&quot;from&quot;:&quot;feedurl&quot;,&quot;elen&quot;:25,&quot;eunit&quot;:&quot;&quot;,&quot;teaser&quot;:&quot;&quot;,&quot;title&quot;:&quot;Norsk for Beginners&quot;,&quot;autoplay&quot;:&quot;&quot;}}\"><div class=\"pp-podcast__wrapper\"><div class=\"pp-podcast__info pod-info\"><div class=\"pod-info__header pod-header\"><div class=\"pod-header__image\"><div class=\"pod-header__image-wrapper\"><img decoding=\"async\" class=\"podcast-cover-image\" src=\"https:\/\/d3t3ozftmdmh3i.cloudfront.net\/production\/podcast_uploaded_nologo\/12458523\/12458523-1612293410160-23a9be9fbb4dc.jpg\" srcset=\"\" sizes=\"(max-width: 640px) 100vw, 25vw\" alt=\"Norsk for Beginners\"><\/div><span class=\"pod-header__image-style\" style=\"display: block; width: 100%; padding-top: 100%\"><\/div><div class=\"pod-header__items pod-items\"><div class=\"pod-items__title\">Noruego hecho divertido<\/div><div class=\"pod-items__desc\"><p>Norsk for Beginners is a podcast aimed at beginners of Norwegian (A1-A2). The episodes are structured in two parts: One Norwegian speaking part and the second in English, explaining the Norwegian part and examining some Norwegian vocabulary used in the episode. I speak Norwegian in a clear, slow and deliberate manner, perfect for beginners. Get some listening practice by listening to &#8220;Norsk for Beginners&#8221;!<\/p>\n<\/div><div class=\"pod-items__navi-menu\"><a href=\"https:\/\/podcasts.google.com\/feed\/aHR0cHM6Ly9hbmNob3IuZm0vcy80YWRhYzkwYy9wb2RjYXN0L3Jzcw==\" class=\"subscribe-item pp-badge google-sub\" target=\"_blank\"><svg class=\"icon icon-pp-google\" aria-hidden=\"true\" role=\"img\" focusable=\"false\"><use href=\"#icon-pp-google\" xlink:href=\"#icon-pp-google\"><\/use><\/svg><span class=\"sub-text\"><span class=\"sub-listen-text\">Esc\u00fachalo en:<\/span><span class=\"sub-item-text\"><span>Google <\/span><span style=\"font-weight: normal;\">P\u00f3dcast<\/span><\/span><\/span><\/a><a href=\"https:\/\/open.spotify.com\/show\/4SfBgxjXLwoVjtkHY1nCZb\" class=\"subscribe-item pp-badge spotify-sub\" target=\"_blank\"><span class=\"sub-text\"><span class=\"sub-listen-text\">Esc\u00fachalo en:<\/span><\/span><svg class=\"icon icon-pp-spotify\" aria-hidden=\"true\" role=\"img\" focusable=\"false\"><use href=\"#icon-pp-spotify\" xlink:href=\"#icon-pp-spotify\"><\/use><\/svg><span class=\"sub-text\"><span class=\"sub-item-text\">Spotify<\/span><\/span><\/a><\/div><\/div><\/div><\/div><div class=\"pp-podcast__content pod-content\"><div class=\"pp-podcast__single\"><div class=\"pp-podcast__player\"><div class=\"pp-player-episode\"><audio id=\"pp-podcast-4787-player\" preload=\"none\" class=\"pp-podcast-episode\" style=\"width: 100%;\" controls=\"controls\"><source type=\"audio\/mpeg\" src=\"https:\/\/anchor.fm\/s\/4adac90c\/podcast\/play\/39281016\/https%3A%2F%2Fd3ctxlq1ktw2nl.cloudfront.net%2Fstaging%2F2021-7-24%2F214547275-44100-2-1341700b29447.m4a\" \/><\/audio><\/div><\/div><div class=\"pod-content__episode episode-single\"><button class=\"episode-single__close\" aria-expanded=\"false\" aria-label=\"Cerrar el episodio individual\"><span class=\"btn-icon-wrap\"><svg class=\"icon icon-pp-x\" aria-hidden=\"true\" role=\"img\" focusable=\"false\"><use href=\"#icon-pp-x\" xlink:href=\"#icon-pp-x\"><\/use><\/svg><\/span><\/button><div class=\"episode-single__wrapper\"><div class=\"episode-single__header\"><div class=\"episode-single__title\">4.8 &#8211; The Black Death in Norway<\/div><div class=\"episode-single__author\"><span class=\"byname\">por<\/span><span class=\"single-author\">Marius Stangeland<\/span><\/div><\/div><div class=\"episode-single__description\"><p>Email: Laernorsknaa@gmail.com<\/p><p>Transcript: <a href=\"https:\/\/laernorsknaa.com\/es\/?p=1870https:\/\/laernorsknaa.com\/4-8-the-black-death-in-norway\" target=\"_blank\">https:\/\/laernorsknaa.com\/<strong>4-8-the-black-death-in-norway<\/strong><\/a><\/p><p><strong>Support me here &#8211;&gt;<\/strong><\/p><p>Patreon:\u00a0<a href=\"https:\/\/www.patreon.com\/laernorsknaa\">\u2060\u2060\u2060\u2060https:\/\/www.patreon.com\/laernorsknaa\u2060\u2060\u2060\u2060<\/a><\/p><p>Donasjon (Paypal):\u00a0<a href=\"https:\/\/www.paypal.com\/donate\/?hosted_button_id=KG22H9FPVG22N\">\u2060\u2060\u2060\u2060Doner (paypal.com)\u2060\u2060\u2060<\/a><\/p><p><\/p><p><strong>For more content to learn Norwegian &#8211;&gt;<\/strong><\/p><p>YouTube:\u00a0<a href=\"https:\/\/www.youtube.com\/channel\/UCxdRJ5lW2QlUNRfff-ZoE-A\">\u2060\u2060\u2060\u2060\u2060https:\/\/www.youtube.com\/channel\/UCxdRJ5lW2QlUNRfff-ZoE-A\u2060\u2060\u2060<\/a><strong><\/strong><\/p><p><\/p><p>Svartedauden i Norge<\/p><p><strong>Svartedauden<\/strong> er kanskje den verste pandemien i historien i <strong>prosentdelen<\/strong> av befolkningen den drepte. Svartedauden drepte store deler av verdens <strong>befolkning<\/strong> i middelalderen. <strong>Pesten<\/strong><strong>ramma<\/strong>Europa og deler av Asia fra 1346 til 1353. I Norge kom pesten i 1349.<\/p><p>Hva er pest? Det er en bakterie-sykdom som er sv\u00e6rt d\u00f8delig. Den blir spredd ved <strong>loppebitt<\/strong>. Disse loppene bor ofte p\u00e5 rotter. N\u00e5r rottene d\u00f8r, s\u00e5 g\u00e5r loppene over p\u00e5 mennesker. Loppene biter mennesker som dermed blir smitta av pest. Rottene blei spredd <strong>rundt omkring i<\/strong> Europa <strong>ved hjelp av<\/strong> skip. Disse rottene spredde pesten rundt omkring i Europa. Pesten varte helt fram til 1600-tallet i Norge, men det var det f\u00f8rste <strong>utbruddet<\/strong> som var verst. Det var f\u00f8rste gangen pesten kom til Norge som var det verste.<\/p><p>If\u00f8lge den islandske presten Einar Hafli\u00f0ason kom pesten til Bergen fra England i 1349. Einar levde da pesten kom til Norge og er en viktig <strong>kilde<\/strong> til pesten her. Pesten spredde seg fra Bergen til hele Norge. Bergen var den viktigste byen i Norge p\u00e5 denne tida s\u00e5 pesten spredde seg raskt til andre steder.<\/p><p>Vi er ikke helt <strong>sikre<\/strong> p\u00e5 hvor mange som d\u00f8de av pesten i Norge, men sannsynligvis var det minst 30% av befolkningen. Det var alts\u00e5 mange som d\u00f8de av pesten i Norge. Dette var likevel ikke <strong>det eneste<\/strong> utbruddet av pest i Norge. Pesten kom tilbake flere ganger. Vi kjenner til mer enn 20 pestangrep i Norge fra 1349 helt til 1654.<\/p><p>Pesten f\u00f8rte til mye d\u00f8d og <strong>elendighet<\/strong>. Likevel var det ikke bare negativt. De som <strong>overlevde<\/strong> pesten, fikk det bedre i Norge. Fram til 1349 vokste befolkningen i Norge. Det blei flere og flere folk i landet. Dette gjorde at folk m\u00e5tte bruke d\u00e5rligere og d\u00e5rligere jordbruksland for \u00e5 mate alle. Mange i Norge var derfor fattige. F\u00f8r svartedauden levde det kanskje s\u00e5 mange som 500,000 i Norge. I 1500 var folketallet i Norge bare 200,000. F\u00e6rre folk betydde at det var mer land til folk. Folk kunne forlate de d\u00e5rlige g\u00e5rdene for \u00e5 flytte til de bedre g\u00e5rdene med bedre jord. Mange blei derfor rikere av pesten. Norge <strong>n\u00e5dde<\/strong> faktisk ikke 500,000 innbyggere f\u00f8r i 1700. Det tok alts\u00e5 lang tid f\u00f8r folketallet kom tilbake til det det hadde v\u00e6rt f\u00f8r pesten.<\/p><\/div><\/div><div class=\"ppjs__img-wrapper\"><div class=\"ppjs__img-btn-cover\"><img decoding=\"async\" class=\"ppjs__img-btn\" src=\"https:\/\/laernorsknaa.com\/wp-content\/uploads\/2021\/08\/12458523-1629838530520-e57ff32723257-768x768.jpg\" srcset=\"https:\/\/laernorsknaa.com\/wp-content\/uploads\/2021\/08\/12458523-1629838530520-e57ff32723257-768x768.jpg 768w, https:\/\/laernorsknaa.com\/wp-content\/uploads\/2021\/08\/12458523-1629838530520-e57ff32723257-300x300.jpg 300w, https:\/\/laernorsknaa.com\/wp-content\/uploads\/2021\/08\/12458523-1629838530520-e57ff32723257-1024x1024.jpg 1024w, https:\/\/laernorsknaa.com\/wp-content\/uploads\/2021\/08\/12458523-1629838530520-e57ff32723257-150x150.jpg 150w, https:\/\/laernorsknaa.com\/wp-content\/uploads\/2021\/08\/12458523-1629838530520-e57ff32723257-1536x1536.jpg 1536w, https:\/\/laernorsknaa.com\/wp-content\/uploads\/2021\/08\/12458523-1629838530520-e57ff32723257-2048x2048.jpg 2048w, https:\/\/laernorsknaa.com\/wp-content\/uploads\/2021\/08\/12458523-1629838530520-e57ff32723257-100x100.jpg 100w\" sizes=\"(max-width: 640px) 100vw, 300px\" alt=\"4.8 &#8211; The Black Death in Norway\"><\/div><span class=\"ppjs__img-btn-style\" style=\"display: block; width: 100%; padding-top: 100%\"><\/div><\/div><\/div><\/div><\/div><div class=\"pod-content__launcher pod-launch\"><button class=\"pod-launch__button pod-launch__info pod-button\" aria-expanded=\"false\"><span class=\"ppjs__offscreen\">Mostrar la informaci\u00f3n del p\u00f3dcast<\/span><span class=\"btn-icon-wrap\"><svg class=\"icon icon-pp-podcast\" aria-hidden=\"true\" role=\"img\" focusable=\"false\"><use href=\"#icon-pp-podcast\" xlink:href=\"#icon-pp-podcast\"><\/use><\/svg><svg class=\"icon icon-pp-x\" aria-hidden=\"true\" role=\"img\" focusable=\"false\"><use href=\"#icon-pp-x\" xlink:href=\"#icon-pp-x\"><\/use><\/svg><\/span><\/button><\/div><\/div>\n\n\n<h2 class=\"wp-block-heading\"><strong>Transcripci\u00f3n<\/strong><\/h2>\n\n\n\n<div class=\"wp-block-group transcript has-background\" style=\"background-color:#eff8ff\"><div class=\"wp-block-group__inner-container is-layout-flow wp-block-group-is-layout-flow\">\n<p id=\"viewer-ah1pe\">Heihei! In this episode, we will take a look at the Black Death in Norway, the worst pandemic to ever hit the country. Before we do that: You can support the podcast on Patreon.. There is a link in the description. There you will also find a link to the transcript for the episode. Let\u2019s talk about plague.<\/p>\n\n\n\n<h1 class=\"wp-block-heading\">Svartedauden i Norge<\/h1>\n\n\n\n<p><strong>Svartedauden<\/strong> er kanskje den verste pandemien i historien i <strong>prosentdelen<\/strong> av befolkningen den drepte. Svartedauden drepte store deler av verdens <strong>befolkning<\/strong> i middelalderen. <strong>Pesten<\/strong> <strong>ramma<\/strong> Europa og deler av Asia fra 1346 til 1353. I Norge kom pesten i 1349.<\/p>\n\n\n\n<p>Hva er pest? Det er en bakterie-sykdom som er sv\u00e6rt d\u00f8delig. Den blir spredd ved <strong>loppebitt<\/strong>. Disse loppene bor ofte p\u00e5 rotter. N\u00e5r rottene d\u00f8r, s\u00e5 g\u00e5r loppene over p\u00e5 mennesker. Loppene biter mennesker som dermed blir smitta av pest. Rottene blei spredd <strong>rundt omkring i<\/strong> Europa <strong>ved hjelp av<\/strong> skip. Disse rottene spredde pesten rundt omkring i Europa. Pesten varte helt fram til 1600-tallet i Norge, men det var det f\u00f8rste <strong>utbruddet<\/strong> som var verst. Det var f\u00f8rste gangen pesten kom til Norge som var det verste.<\/p>\n\n\n\n<p>If\u00f8lge den islandske presten Einar Hafli\u00f0ason kom pesten til Bergen fra England i 1349. Einar levde da pesten kom til Norge og er en viktig <strong>kilde<\/strong> til pesten her. Pesten spredde seg fra Bergen til hele Norge. Bergen var den viktigste byen i Norge p\u00e5 denne tida s\u00e5 pesten spredde seg raskt til andre steder.<\/p>\n\n\n\n<p>Vi er ikke helt <strong>sikre<\/strong> p\u00e5 hvor mange som d\u00f8de av pesten i Norge, men sannsynligvis var det minst 30% av befolkningen. Det var alts\u00e5 mange som d\u00f8de av pesten i Norge. Dette var likevel ikke <strong>det eneste<\/strong> utbruddet av pest i Norge. Pesten kom tilbake flere ganger. Vi kjenner til mer enn 20 pestangrep i Norge fra 1349 helt til 1654.<\/p>\n\n\n\n<p>Pesten f\u00f8rte til mye d\u00f8d og <strong>elendighet<\/strong>. Likevel var det ikke bare negativt. De som <strong>overlevde<\/strong> pesten, fikk det bedre i Norge. Fram til 1349 vokste befolkningen i Norge. Det blei flere og flere folk i landet. Dette gjorde at folk m\u00e5tte bruke d\u00e5rligere og d\u00e5rligere jordbruksland for \u00e5 mate alle. Mange i Norge var derfor fattige. F\u00f8r svartedauden levde det kanskje s\u00e5 mange som 500,000 i Norge. I 1500 var folketallet i Norge bare 200,000. F\u00e6rre folk betydde at det var mer land til folk. Folk kunne forlate de d\u00e5rlige g\u00e5rdene for \u00e5 flytte til de bedre g\u00e5rdene med bedre jord. Mange blei derfor rikere av pesten. Norge <strong>n\u00e5dde<\/strong> faktisk ikke 500,000 innbyggere f\u00f8r i 1700. Det tok alts\u00e5 lang tid f\u00f8r folketallet kom tilbake til det det hadde v\u00e6rt f\u00f8r pesten.<\/p>\n\n\n\n<p>Pesten <strong>herja<\/strong> ikke bare i Norge. Pesten f\u00f8rte ogs\u00e5 til at mange d\u00f8de i Europa og Asia. Vi kan ikke vite sikkert hvor mange som d\u00f8de av svartedauden, men det er sannsynligvis den verste pandemien i historien. Noen estimerer at svartedauden drepte 75 til 200 millioner mennesker. Pesten var viktig for <strong>utviklinga<\/strong> av Norge og av Europa. Det er vanskelig \u00e5 si hva konsekvensene av pesten var, men den var sannsynligvis veldig viktig for utviklinga av den verden vi har i dag.<\/p>\n\n\n\n<h1 class=\"wp-block-heading\">The Black Death in Norway<\/h1>\n\n\n\n<p>The Black death might have been the worst pandemic in human history. It ravaged Europe and Asia from 1346 to 1353 and reached Norway in 1349. But what is plague? Well, it is a disease caused by the bacteria Yersinia Pestis. Humans are infected by flea bites. The fleas usually live on black rats, but when the rats die of disease, the fleas will move to humans and infect them. During the pandemic, rats were transported by ships throughout Europe, spreading the disease everywhere. The first outbreak was the worst, but there were several others afterwards. The last plague outbreak in Norway was in the mid-17<sup>th<\/sup> century, but it lasted even longer in other parts of Europe.<\/p>\n\n\n\n<p>According to the Icelandic priest Einar Hafli\u00f0ason, a contemporary primary source, plague came from England to Bergen in 1349. From Bergen, the plague spread to the rest of Norway. Although we are not quite certain how many died of plague, most estimates are 30% or more of the population. This was only the first of many plague outbreaks. We know of more than 20 plague outbreaks in Norway from 1349 to 1654.<\/p>\n\n\n\n<p>The plague led to a lot of death and misery, but it also brought a better life for the survivors. The population in Norway had grown to about half a million before the first outbreak in 1349. More people meant more mouths to feed, and people had to cultivate more and more peripheral land to feed the growing population. The Black Death killed a lot of people, but the survivors could then move to the best land afterwards, probably drastically improving many lives. The population in 1500 was only 200,000 in Norway, and it would not reach 1348-levels before the start of the 18<sup>th<\/sup> century.<\/p>\n\n\n\n<p>The plague ravaged all of Europe and great parts of Asia, not just Norway. We cannot be sure how many lives the plague took, but estimates put the number at 75 to 200 million people. The plague was vital for the development of Norway and Europe, and was probably pivotal for the development of the world today.<\/p>\n\n\n\n<h1 class=\"wp-block-heading\">Vocabulary:<\/h1>\n\n\n\n<p>Svartedauden \u2013 The Black Death (It was called \u201cDen store mannedauden\u201d or \u201cThe great killer of men\u201d in Norway in the 14<sup>th<\/sup> century).<\/p>\n\n\n\n<p>Prosentdel \u2013 Percentage<\/p>\n\n\n\n<p>Befolkning \u2013 Population<\/p>\n\n\n\n<p>Pest \u2013 Plague<\/p>\n\n\n\n<p>\u00c5 ramme \u2013 To affect<\/p>\n\n\n\n<p>Loppe \u2013 Flea<\/p>\n\n\n\n<p>Loppebitt \u2013 Flea bite<\/p>\n\n\n\n<p>Rundt omkring i \u2013 All around<\/p>\n\n\n\n<p>Ved hjelp av \u2013 By the means of<\/p>\n\n\n\n<p>Utbrudd \u2013 Outbreak<\/p>\n\n\n\n<p>Kilde \u2013 Source<\/p>\n\n\n\n<p>\u00c5 v\u00e6re sikker \u2013 To be certain<\/p>\n\n\n\n<p>Det eneste \u2013 The only<\/p>\n\n\n\n<p>Elendighet \u2013 Misery<\/p>\n\n\n\n<p>\u00c5 overleve \u2013 To survive<\/p>\n\n\n\n<p>\u00c5 n\u00e5 \u2013 To reach<\/p>\n\n\n\n<p>\u00c5 herje \u2013 To ravage<\/p>\n\n\n\n<p>Utvikling \u2013 Development<\/p>\n<\/div><\/div>","protected":false},"excerpt":{"rendered":"<p>Svartedauden er kanskje den verste pandemien i historien i prosentdelen av befolkningen den drepte. Svartedauden drepte store deler av verdens befolkning i middelalderen. Pesten ramma Europa og deler av Asia fra 1346 til 1353. I Norge kom pesten i 1349. <\/p>","protected":false},"author":2,"featured_media":1874,"comment_status":"open","ping_status":"closed","sticky":false,"template":"","format":"standard","meta":{"_monsterinsights_skip_tracking":false,"_monsterinsights_sitenote_active":false,"_monsterinsights_sitenote_note":"","_monsterinsights_sitenote_category":0,"footnotes":""},"categories":[249],"tags":[648,104,645,30,643,644,646,642],"class_list":["post-1870","post","type-post","status-publish","format-standard","has-post-thumbnail","hentry","category-norsk-for-beginners","tag-648","tag-bergen","tag-folkenedgang","tag-historie","tag-pandemi","tag-pest","tag-seinmiddeladeren","tag-svartedauden"],"yoast_head":"<!-- This site is optimized with the Yoast SEO plugin v26.4 - https:\/\/yoast.com\/wordpress\/plugins\/seo\/ -->\n<title>4.8 - The Black Death in Norway &#8211; L\u00e6r norsk n\u00e5<\/title>\n<meta name=\"robots\" content=\"index, follow, max-snippet:-1, max-image-preview:large, max-video-preview:-1\" \/>\n<link rel=\"canonical\" href=\"http:\/\/91.98.205.163:8089\/4-8-the-black-death-in-norway\/\" \/>\n<meta property=\"og:locale\" content=\"es_ES\" \/>\n<meta property=\"og:type\" content=\"article\" \/>\n<meta property=\"og:title\" content=\"4.8 - The Black Death in Norway &#8211; L\u00e6r norsk n\u00e5\" \/>\n<meta property=\"og:description\" content=\"Svartedauden er kanskje den verste pandemien i historien i prosentdelen av befolkningen den drepte. Svartedauden drepte store deler av verdens befolkning i middelalderen. Pesten ramma Europa og deler av Asia fra 1346 til 1353. I Norge kom pesten i 1349.\" \/>\n<meta property=\"og:url\" content=\"http:\/\/91.98.205.163:8089\/4-8-the-black-death-in-norway\/\" \/>\n<meta property=\"og:site_name\" content=\"L\u00e6r norsk n\u00e5\" \/>\n<meta property=\"article:published_time\" content=\"2021-08-26T04:55:00+00:00\" \/>\n<meta property=\"og:image\" content=\"http:\/\/91.98.205.163:8089\/wp-content\/uploads\/2021\/08\/article_topimage_pesta3.jpg\" \/>\n\t<meta property=\"og:image:width\" content=\"1544\" \/>\n\t<meta property=\"og:image:height\" content=\"586\" \/>\n\t<meta property=\"og:image:type\" content=\"image\/jpeg\" \/>\n<meta name=\"author\" content=\"Marius Stangeland\" \/>\n<meta name=\"twitter:card\" content=\"summary_large_image\" \/>\n<meta name=\"twitter:label1\" content=\"Escrito por\" \/>\n\t<meta name=\"twitter:data1\" content=\"Marius Stangeland\" \/>\n\t<meta name=\"twitter:label2\" content=\"Tiempo de lectura\" \/>\n\t<meta name=\"twitter:data2\" content=\"5 minutos\" \/>\n<script type=\"application\/ld+json\" class=\"yoast-schema-graph\">{\"@context\":\"https:\/\/schema.org\",\"@graph\":[{\"@type\":\"Article\",\"@id\":\"http:\/\/91.98.205.163:8089\/4-8-the-black-death-in-norway\/#article\",\"isPartOf\":{\"@id\":\"http:\/\/91.98.205.163:8089\/4-8-the-black-death-in-norway\/\"},\"author\":{\"name\":\"Marius Stangeland\",\"@id\":\"http:\/\/91.98.205.163:8089\/#\/schema\/person\/372f7f766a136344430614732659b5f2\"},\"headline\":\"4.8 &#8211; The Black Death in Norway\",\"datePublished\":\"2021-08-26T04:55:00+00:00\",\"mainEntityOfPage\":{\"@id\":\"http:\/\/91.98.205.163:8089\/4-8-the-black-death-in-norway\/\"},\"wordCount\":1021,\"commentCount\":1,\"publisher\":{\"@id\":\"http:\/\/91.98.205.163:8089\/#\/schema\/person\/372f7f766a136344430614732659b5f2\"},\"image\":{\"@id\":\"http:\/\/91.98.205.163:8089\/4-8-the-black-death-in-norway\/#primaryimage\"},\"thumbnailUrl\":\"https:\/\/laernorsknaa.com\/wp-content\/uploads\/2021\/08\/article_topimage_pesta3.jpg\",\"keywords\":[\"1349\",\"Bergen\",\"Folkenedgang\",\"historie\",\"Pandemi\",\"Pest\",\"Seinmiddeladeren\",\"Svartedauden\"],\"articleSection\":[\"Norsk for Beginners\"],\"inLanguage\":\"es\",\"potentialAction\":[{\"@type\":\"CommentAction\",\"name\":\"Comment\",\"target\":[\"http:\/\/91.98.205.163:8089\/4-8-the-black-death-in-norway\/#respond\"]}]},{\"@type\":\"WebPage\",\"@id\":\"http:\/\/91.98.205.163:8089\/4-8-the-black-death-in-norway\/\",\"url\":\"http:\/\/91.98.205.163:8089\/4-8-the-black-death-in-norway\/\",\"name\":\"4.8 - The Black Death in Norway &#8211; L\u00e6r norsk n\u00e5\",\"isPartOf\":{\"@id\":\"http:\/\/91.98.205.163:8089\/#website\"},\"primaryImageOfPage\":{\"@id\":\"http:\/\/91.98.205.163:8089\/4-8-the-black-death-in-norway\/#primaryimage\"},\"image\":{\"@id\":\"http:\/\/91.98.205.163:8089\/4-8-the-black-death-in-norway\/#primaryimage\"},\"thumbnailUrl\":\"https:\/\/laernorsknaa.com\/wp-content\/uploads\/2021\/08\/article_topimage_pesta3.jpg\",\"datePublished\":\"2021-08-26T04:55:00+00:00\",\"breadcrumb\":{\"@id\":\"http:\/\/91.98.205.163:8089\/4-8-the-black-death-in-norway\/#breadcrumb\"},\"inLanguage\":\"es\",\"potentialAction\":[{\"@type\":\"ReadAction\",\"target\":[\"http:\/\/91.98.205.163:8089\/4-8-the-black-death-in-norway\/\"]}]},{\"@type\":\"ImageObject\",\"inLanguage\":\"es\",\"@id\":\"http:\/\/91.98.205.163:8089\/4-8-the-black-death-in-norway\/#primaryimage\",\"url\":\"https:\/\/laernorsknaa.com\/wp-content\/uploads\/2021\/08\/article_topimage_pesta3.jpg\",\"contentUrl\":\"https:\/\/laernorsknaa.com\/wp-content\/uploads\/2021\/08\/article_topimage_pesta3.jpg\",\"width\":1544,\"height\":586},{\"@type\":\"BreadcrumbList\",\"@id\":\"http:\/\/91.98.205.163:8089\/4-8-the-black-death-in-norway\/#breadcrumb\",\"itemListElement\":[{\"@type\":\"ListItem\",\"position\":1,\"name\":\"Home\",\"item\":\"http:\/\/91.98.205.163:8089\/\"},{\"@type\":\"ListItem\",\"position\":2,\"name\":\"4.8 &#8211; The Black Death in Norway\"}]},{\"@type\":\"WebSite\",\"@id\":\"http:\/\/91.98.205.163:8089\/#website\",\"url\":\"http:\/\/91.98.205.163:8089\/\",\"name\":\"L\u00e6r norsk n\u00e5!\",\"description\":\"Resources and podcasts to learn Norwegian\",\"publisher\":{\"@id\":\"http:\/\/91.98.205.163:8089\/#\/schema\/person\/372f7f766a136344430614732659b5f2\"},\"potentialAction\":[{\"@type\":\"SearchAction\",\"target\":{\"@type\":\"EntryPoint\",\"urlTemplate\":\"http:\/\/91.98.205.163:8089\/?s={search_term_string}\"},\"query-input\":{\"@type\":\"PropertyValueSpecification\",\"valueRequired\":true,\"valueName\":\"search_term_string\"}}],\"inLanguage\":\"es\"},{\"@type\":[\"Person\",\"Organization\"],\"@id\":\"http:\/\/91.98.205.163:8089\/#\/schema\/person\/372f7f766a136344430614732659b5f2\",\"name\":\"Marius Stangeland\",\"image\":{\"@type\":\"ImageObject\",\"inLanguage\":\"es\",\"@id\":\"http:\/\/91.98.205.163:8089\/#\/schema\/person\/image\/\",\"url\":\"https:\/\/secure.gravatar.com\/avatar\/3ed6f06da2edefcae6cf6bb78721e567c1d9117b6b5b9b98efa5ff3b8d0de5c0?s=96&d=retro&r=g\",\"contentUrl\":\"https:\/\/secure.gravatar.com\/avatar\/3ed6f06da2edefcae6cf6bb78721e567c1d9117b6b5b9b98efa5ff3b8d0de5c0?s=96&d=retro&r=g\",\"caption\":\"Marius Stangeland\"},\"logo\":{\"@id\":\"http:\/\/91.98.205.163:8089\/#\/schema\/person\/image\/\"}}]}<\/script>\n<!-- \/ Yoast SEO plugin. -->","yoast_head_json":{"title":"4.8 - The Black Death in Norway &#8211; L\u00e6r norsk n\u00e5","robots":{"index":"index","follow":"follow","max-snippet":"max-snippet:-1","max-image-preview":"max-image-preview:large","max-video-preview":"max-video-preview:-1"},"canonical":"http:\/\/91.98.205.163:8089\/4-8-the-black-death-in-norway\/","og_locale":"es_ES","og_type":"article","og_title":"4.8 - The Black Death in Norway &#8211; L\u00e6r norsk n\u00e5","og_description":"Svartedauden er kanskje den verste pandemien i historien i prosentdelen av befolkningen den drepte. Svartedauden drepte store deler av verdens befolkning i middelalderen. Pesten ramma Europa og deler av Asia fra 1346 til 1353. I Norge kom pesten i 1349.","og_url":"http:\/\/91.98.205.163:8089\/4-8-the-black-death-in-norway\/","og_site_name":"L\u00e6r norsk n\u00e5","article_published_time":"2021-08-26T04:55:00+00:00","og_image":[{"width":1544,"height":586,"url":"http:\/\/91.98.205.163:8089\/wp-content\/uploads\/2021\/08\/article_topimage_pesta3.jpg","type":"image\/jpeg"}],"author":"Marius Stangeland","twitter_card":"summary_large_image","twitter_misc":{"Escrito por":"Marius Stangeland","Tiempo de lectura":"5 minutos"},"schema":{"@context":"https:\/\/schema.org","@graph":[{"@type":"Article","@id":"http:\/\/91.98.205.163:8089\/4-8-the-black-death-in-norway\/#article","isPartOf":{"@id":"http:\/\/91.98.205.163:8089\/4-8-the-black-death-in-norway\/"},"author":{"name":"Marius Stangeland","@id":"http:\/\/91.98.205.163:8089\/#\/schema\/person\/372f7f766a136344430614732659b5f2"},"headline":"4.8 &#8211; The Black Death in Norway","datePublished":"2021-08-26T04:55:00+00:00","mainEntityOfPage":{"@id":"http:\/\/91.98.205.163:8089\/4-8-the-black-death-in-norway\/"},"wordCount":1021,"commentCount":1,"publisher":{"@id":"http:\/\/91.98.205.163:8089\/#\/schema\/person\/372f7f766a136344430614732659b5f2"},"image":{"@id":"http:\/\/91.98.205.163:8089\/4-8-the-black-death-in-norway\/#primaryimage"},"thumbnailUrl":"https:\/\/laernorsknaa.com\/wp-content\/uploads\/2021\/08\/article_topimage_pesta3.jpg","keywords":["1349","Bergen","Folkenedgang","historie","Pandemi","Pest","Seinmiddeladeren","Svartedauden"],"articleSection":["Norsk for Beginners"],"inLanguage":"es","potentialAction":[{"@type":"CommentAction","name":"Comment","target":["http:\/\/91.98.205.163:8089\/4-8-the-black-death-in-norway\/#respond"]}]},{"@type":"WebPage","@id":"http:\/\/91.98.205.163:8089\/4-8-the-black-death-in-norway\/","url":"http:\/\/91.98.205.163:8089\/4-8-the-black-death-in-norway\/","name":"4.8 - The Black Death in Norway &#8211; L\u00e6r norsk n\u00e5","isPartOf":{"@id":"http:\/\/91.98.205.163:8089\/#website"},"primaryImageOfPage":{"@id":"http:\/\/91.98.205.163:8089\/4-8-the-black-death-in-norway\/#primaryimage"},"image":{"@id":"http:\/\/91.98.205.163:8089\/4-8-the-black-death-in-norway\/#primaryimage"},"thumbnailUrl":"https:\/\/laernorsknaa.com\/wp-content\/uploads\/2021\/08\/article_topimage_pesta3.jpg","datePublished":"2021-08-26T04:55:00+00:00","breadcrumb":{"@id":"http:\/\/91.98.205.163:8089\/4-8-the-black-death-in-norway\/#breadcrumb"},"inLanguage":"es","potentialAction":[{"@type":"ReadAction","target":["http:\/\/91.98.205.163:8089\/4-8-the-black-death-in-norway\/"]}]},{"@type":"ImageObject","inLanguage":"es","@id":"http:\/\/91.98.205.163:8089\/4-8-the-black-death-in-norway\/#primaryimage","url":"https:\/\/laernorsknaa.com\/wp-content\/uploads\/2021\/08\/article_topimage_pesta3.jpg","contentUrl":"https:\/\/laernorsknaa.com\/wp-content\/uploads\/2021\/08\/article_topimage_pesta3.jpg","width":1544,"height":586},{"@type":"BreadcrumbList","@id":"http:\/\/91.98.205.163:8089\/4-8-the-black-death-in-norway\/#breadcrumb","itemListElement":[{"@type":"ListItem","position":1,"name":"Home","item":"http:\/\/91.98.205.163:8089\/"},{"@type":"ListItem","position":2,"name":"4.8 &#8211; The Black Death in Norway"}]},{"@type":"WebSite","@id":"http:\/\/91.98.205.163:8089\/#website","url":"http:\/\/91.98.205.163:8089\/","name":"L\u00e6r norsk n\u00e5!","description":"Recursos y podcasts para aprender noruego","publisher":{"@id":"http:\/\/91.98.205.163:8089\/#\/schema\/person\/372f7f766a136344430614732659b5f2"},"potentialAction":[{"@type":"SearchAction","target":{"@type":"EntryPoint","urlTemplate":"http:\/\/91.98.205.163:8089\/?s={search_term_string}"},"query-input":{"@type":"PropertyValueSpecification","valueRequired":true,"valueName":"search_term_string"}}],"inLanguage":"es"},{"@type":["Person","Organization"],"@id":"http:\/\/91.98.205.163:8089\/#\/schema\/person\/372f7f766a136344430614732659b5f2","name":"Marius Stangeland","image":{"@type":"ImageObject","inLanguage":"es","@id":"http:\/\/91.98.205.163:8089\/#\/schema\/person\/image\/","url":"https:\/\/secure.gravatar.com\/avatar\/3ed6f06da2edefcae6cf6bb78721e567c1d9117b6b5b9b98efa5ff3b8d0de5c0?s=96&d=retro&r=g","contentUrl":"https:\/\/secure.gravatar.com\/avatar\/3ed6f06da2edefcae6cf6bb78721e567c1d9117b6b5b9b98efa5ff3b8d0de5c0?s=96&d=retro&r=g","caption":"Marius Stangeland"},"logo":{"@id":"http:\/\/91.98.205.163:8089\/#\/schema\/person\/image\/"}}]}},"_links":{"self":[{"href":"https:\/\/laernorsknaa.com\/es\/wp-json\/wp\/v2\/posts\/1870","targetHints":{"allow":["GET"]}}],"collection":[{"href":"https:\/\/laernorsknaa.com\/es\/wp-json\/wp\/v2\/posts"}],"about":[{"href":"https:\/\/laernorsknaa.com\/es\/wp-json\/wp\/v2\/types\/post"}],"author":[{"embeddable":true,"href":"https:\/\/laernorsknaa.com\/es\/wp-json\/wp\/v2\/users\/2"}],"replies":[{"embeddable":true,"href":"https:\/\/laernorsknaa.com\/es\/wp-json\/wp\/v2\/comments?post=1870"}],"version-history":[{"count":2,"href":"https:\/\/laernorsknaa.com\/es\/wp-json\/wp\/v2\/posts\/1870\/revisions"}],"predecessor-version":[{"id":1875,"href":"https:\/\/laernorsknaa.com\/es\/wp-json\/wp\/v2\/posts\/1870\/revisions\/1875"}],"wp:featuredmedia":[{"embeddable":true,"href":"https:\/\/laernorsknaa.com\/es\/wp-json\/wp\/v2\/media\/1874"}],"wp:attachment":[{"href":"https:\/\/laernorsknaa.com\/es\/wp-json\/wp\/v2\/media?parent=1870"}],"wp:term":[{"taxonomy":"category","embeddable":true,"href":"https:\/\/laernorsknaa.com\/es\/wp-json\/wp\/v2\/categories?post=1870"},{"taxonomy":"post_tag","embeddable":true,"href":"https:\/\/laernorsknaa.com\/es\/wp-json\/wp\/v2\/tags?post=1870"}],"curies":[{"name":"wp","href":"https:\/\/api.w.org\/{rel}","templated":true}]}}