{"id":2387,"date":"2021-12-16T13:00:00","date_gmt":"2021-12-16T12:00:00","guid":{"rendered":"http:\/\/91.98.205.163:8089\/?p=2387"},"modified":"2021-12-30T10:40:17","modified_gmt":"2021-12-30T09:40:17","slug":"93-luciadagen","status":"publish","type":"post","link":"https:\/\/laernorsknaa.com\/es\/93-luciadagen\/","title":{"rendered":"93 &#8211; Luciadagen"},"content":{"rendered":"<p>16 desember 2021 | 11 minutes<\/p>\n\n\n\t\t\t<style type=\"text\/css\">#pp-podcast-8162 a, .pp-modal-window .modal-8162 a, .pp-modal-window .aux-modal-8162 a, #pp-podcast-8162 .ppjs__more { color: #c8102e; } #pp-podcast-8162:not(.modern) .ppjs__audio .ppjs__button.ppjs__playpause-button button *, #pp-podcast-8162:not(.modern) .ppjs__audio .ppjs__button.ppjs__playpause-button button:hover *, #pp-podcast-8162:not(.modern) .ppjs__audio .ppjs__button.ppjs__playpause-button button:focus *, .pp-modal-window .modal-8162 .ppjs__audio .ppjs__button.ppjs__playpause-button button *, .pp-modal-window .modal-8162 .ppjs__audio .ppjs__button.ppjs__playpause-button button:hover *, .pp-modal-window .modal-8162 .ppjs__audio .ppjs__button.ppjs__playpause-button button:focus *, .pp-modal-window .aux-modal-8162 .pod-entry__play *, .pp-modal-window .aux-modal-8162 .pod-entry__play:hover * { color: #c8102e !important; } #pp-podcast-8162.postview .episode-list__load-more, .pp-modal-window .aux-modal-8162 .episode-list__load-more, #pp-podcast-8162:not(.modern) .ppjs__time-handle-content, .modal-8162 .ppjs__time-handle-content { border-color: #c8102e !important; } #pp-podcast-8162:not(.modern) .ppjs__audio-time-rail, #pp-podcast-8162.lv3 .pod-entry__play, #pp-podcast-8162.lv4 .pod-entry__play, #pp-podcast-8162.gv2 .pod-entry__play, #pp-podcast-8162.modern.wide-player .ppjs__audio .ppjs__button.ppjs__playpause-button button, #pp-podcast-8162.modern.wide-player .ppjs__audio .ppjs__button.ppjs__playpause-button button:hover, #pp-podcast-8162.modern.wide-player .ppjs__audio .ppjs__button.ppjs__playpause-button button:focus, .pp-modal-window .modal-8162 button.episode-list__load-more, .pp-modal-window .modal-8162 .ppjs__audio-time-rail, .pp-modal-window .modal-8162 button.pp-modal-close { background-color: #c8102e !important; } #pp-podcast-8162 .hasCover .ppjs__audio .ppjs__button.ppjs__playpause-button button { background-color: rgba(0, 0, 0, 0.5) !important; } .pp-modal-window .modal-8162 button.episode-list__load-more:hover, .pp-modal-window .modal-8162 button.episode-list__load-more:focus, .pp-modal-window .aux-modal-8162 button.episode-list__load-more:hover, .pp-modal-window .aux-modal-8162 button.episode-list__load-more:focus { background-color: rgba( 200,16,46, 0.7 ) !important; } #pp-podcast-8162 .ppjs__button.toggled-on, .pp-modal-window .modal-8162 .ppjs__button.toggled-on, #pp-podcast-8162.playerview .pod-entry.activeEpisode, .pp-modal-window .modal-8162.playerview .pod-entry.activeEpisode { background-color: rgba( 200,16,46, 0.1 ); } #pp-podcast-8162.postview .episode-list__load-more { background-color: transparent !important; } #pp-podcast-8162.modern:not(.wide-player) .ppjs__audio .ppjs__button.ppjs__playpause-button button *, #pp-podcast-8162.modern:not(.wide-player) .ppjs__audio .ppjs__button.ppjs__playpause-button button:hover *, #pp-podcast-8162.modern:not(.wide-player) .ppjs__audio .ppjs__button.ppjs__playpause-button button:focus * { color: #c8102e !important; } #pp-podcast-8162.modern:not(.wide-player) .ppjs__time-handle-content { border-color: #c8102e !important; } #pp-podcast-8162.modern:not(.wide-player) .ppjs__audio-time-rail { background-color: #c8102e !important; } #pp-podcast-8162, .modal-8162, .aux-modal-8162 { --pp-accent-color: #c8102e; }<\/style>\n\t\t\t<div id=\"pp-podcast-8162\" class=\"pp-podcast single-episode has-header header-hidden has-featured playerview media-audio\"  data-teaser=\"\" data-elength=\"25\" data-eunit=\"\" data-ppsdata=\"{&quot;ppe-8162-1&quot;:{&quot;title&quot;:&quot;93 &#8211; Luciadagen&quot;,&quot;description&quot;:&quot;&lt;p&gt;Epost: Laernorsknaa@gmail.com&lt;\\\/p&gt;\\n&lt;p&gt;Teksten til episoden:&lt;a href=\\&quot;https:\\\/\\\/laernorsknaa.com\\\/87-de-tre-bukkene-bruse-folkeeventyr\\\/\\&quot; target=\\&quot;_blank\\&quot; rel=\\&quot;ugc noopener noreferrer\\&quot;&gt; &lt;\\\/a&gt;&lt;a href=\\&quot;https:\\\/\\\/laernorsknaa.com\\\/?p=2387\\&quot; target=\\&quot;_blank\\&quot; rel=\\&quot;external noreferrer noopener\\&quot;&gt;https:\\\/\\\/laernorsknaa.com\\\/&lt;strong&gt;93-luciadagen&lt;\\\/strong&gt;&lt;\\\/a&gt;&lt;\\\/p&gt;\\n&lt;p&gt;&lt;\\\/p&gt;\\n&lt;p&gt;YouTube:\\u00a0&lt;a href=\\&quot;https:\\\/\\\/www.youtube.com\\\/channel\\\/UCxdRJ5lW2QlUNRfff-ZoE-A\\\/videos\\&quot;&gt;\\u2060\\u2060\\u2060https:\\\/\\\/www.youtube.com\\\/channel\\\/UCxdRJ5lW2QlUNRfff-ZoE-A\\\/videos\\u2060\\u2060&lt;\\\/a&gt;&lt;\\\/p&gt;\\n&lt;p&gt;&lt;\\\/p&gt;\\n&lt;p&gt;&lt;strong&gt;St\\u00f8tt podkasten: &lt;\\\/strong&gt;&lt;\\\/p&gt;\\n&lt;p&gt;Patreon:\\u00a0&lt;a href=\\&quot;https:\\\/\\\/www.patreon.com\\\/laernorsknaa\\&quot;&gt;\\u2060\\u2060https:\\\/\\\/www.patreon.com\\\/laernorsknaa\\u2060\\u2060&lt;\\\/a&gt;&lt;\\\/p&gt;\\n&lt;p&gt;Donasjon (Paypal):\\u00a0&lt;a href=\\&quot;https:\\\/\\\/www.paypal.com\\\/donate\\\/?hosted_button_id=KG22H9FPVG22N\\&quot;&gt;\\u2060\\u2060Doner (paypal.com)\\u2060&lt;\\\/a&gt;&lt;\\\/p&gt;\\n&lt;p&gt;&lt;\\\/p&gt;\\n&lt;p&gt;Luciadagen er en kjent og kj\\u00e6r del av norsk julefeiring. Det er en minnedag for Lucia som blir feira 13. desember hvert \\u00e5r. Hellige Lucia er en katolsk helgen og martyr som skal ha levd p\\u00e5 300-tallet i Romerriket. Det h\\u00f8res kanskje merkelig ut at vi i Norge, et tradisjonelt protestantisk land, feirer en katolsk helgen hver eneste 13. desember. Vel, en av grunnene er nok at luciafeiringen er blanda sammen med den gamle norr\\u00f8ne lussitradisjonen som ogs\\u00e5 blei feira rundt 13. desember. I tillegg kan feiringa ogs\\u00e5 ha blitt blanda sammen med andre element som den tyske Christkindchen, en hvitkledd jente med papirkrone og brennende lys p\\u00e5 hodet. Skikken kan ogs\\u00e5 v\\u00e6re basert p\\u00e5 de middelalderske stjernespillene og stjernegutteopptogene.&lt;\\\/p&gt;\\n&lt;p&gt;Som dere ser er Luciafeiringa i Norge basert p\\u00e5 ganske mange skikker, men de viktigste er den katolske helgenen St. Lucia og den norr\\u00f8ne lussitradisjonen. Jeg kommer derfor til \\u00e5 fokusere p\\u00e5 disse to n\\u00e5r vi n\\u00e5 skal se litt n\\u00e6rmere p\\u00e5 bakgrunnen for luciafeiringa. I tillegg skal vi se p\\u00e5 hvordan vi feirer Luciadagen i Norge og Skandinavia i dag. Den moderne norske luciafeiringa er i stor grad basert p\\u00e5 den svenske. Vi begynner med den sicilianske helgenen fra 300-tallet.&lt;\\\/p&gt;\\n&lt;p&gt;Kildene om Sankta Lucia kommer fra teksten &lt;em&gt;Martyrberettelser &lt;\\\/em&gt;fra 400-tallet. Det kan absolutt ha eksistert ei kvinne med navnet Lucia p\\u00e5 Sicilia p\\u00e5 begynnelsen av 300-tallet, men historiene om henne er veldig preget av hennes martyr- og helgenstatus. Det er veldig legendepreget. If\\u00f8lge legenden skal Lucia ha v\\u00e6rt en romersk jomfru av god familie fra Sicilia. Hun skulle gifte seg med en hedensk mann, men hun ville ikke forlate sin kristne tro. I tillegg ga hun bort hele medgiften sin til de fattige. Dette likte ikke Lucias trolovede. Han gikk bort til guvern\\u00f8ren og anga henne for \\u00e5 v\\u00e6re kristen. I denne perioden var det ikke lov \\u00e5 v\\u00e6re kristen, og vi er p\\u00e5 begynnelsen av 300-tallet midt i keiser Diokletians kristendomsforf\\u00f8lgelse. Guvern\\u00f8ren p\\u00e5 Sicilia beordra Lucia til \\u00e5 brenne et offer for keiserens bilde. Lucia, som var kristen, kunne selvsagt ikke bedrive med en hedensk skikk som det, og hun nekta. Guvern\\u00f8ren d\\u00f8mte da Lucia til \\u00e5 bli tvangs sendt til et bordell.&lt;\\\/p&gt;\\n&quot;,&quot;author&quot;:&quot;Marius Stangeland&quot;,&quot;date&quot;:&quot;16-12-2021&quot;,&quot;link&quot;:&quot;https:\\\/\\\/podcasters.spotify.com\\\/pod\\\/show\\\/marius-stangeland\\\/episodes\\\/93---Luciadagen-e1bpuhf&quot;,&quot;src&quot;:&quot;https:\\\/\\\/anchor.fm\\\/s\\\/19b5cbd8\\\/podcast\\\/play\\\/44939247\\\/https%3A%2F%2Fd3ctxlq1ktw2nl.cloudfront.net%2Fstaging%2F2021-11-16%2Fc264d4c9-267c-a421-8a00-1e641ddd1d8a.mp3&quot;,&quot;featured&quot;:&quot;https:\\\/\\\/laernorsknaa.com\\\/wp-content\\\/uploads\\\/2022\\\/06\\\/4213446-1639655661176-1244a0ca19242.jpg&quot;,&quot;featured_id&quot;:2836,&quot;mediatype&quot;:&quot;audio&quot;,&quot;season&quot;:0,&quot;categories&quot;:[],&quot;duration&quot;:&quot;11:27&quot;,&quot;episodetype&quot;:&quot;full&quot;,&quot;timestamp&quot;:1639655645,&quot;key&quot;:&quot;9903282a750620855e35dff99f33e960&quot;,&quot;fset&quot;:&quot;https:\\\/\\\/laernorsknaa.com\\\/wp-content\\\/uploads\\\/2022\\\/06\\\/4213446-1639655661176-1244a0ca19242.jpg 400w, https:\\\/\\\/laernorsknaa.com\\\/wp-content\\\/uploads\\\/2022\\\/06\\\/4213446-1639655661176-1244a0ca19242-300x300.jpg 300w, https:\\\/\\\/laernorsknaa.com\\\/wp-content\\\/uploads\\\/2022\\\/06\\\/4213446-1639655661176-1244a0ca19242-150x150.jpg 150w, https:\\\/\\\/laernorsknaa.com\\\/wp-content\\\/uploads\\\/2022\\\/06\\\/4213446-1639655661176-1244a0ca19242-100x100.jpg 100w&quot;,&quot;fratio&quot;:1},&quot;load_info&quot;:{&quot;loaded&quot;:1,&quot;displayed&quot;:1,&quot;offset&quot;:0,&quot;maxItems&quot;:1,&quot;src&quot;:&quot;b17db09ac4978c39be4e5d07ad0221d4&quot;,&quot;step&quot;:1,&quot;sortby&quot;:&quot;sort_date_desc&quot;,&quot;filterby&quot;:&quot;93 - Luciadagen&quot;,&quot;fixed&quot;:&quot;&quot;,&quot;args&quot;:{&quot;imgurl&quot;:&quot;https:\\\/\\\/d3t3ozftmdmh3i.cloudfront.net\\\/production\\\/podcast_uploaded\\\/4213446\\\/4213446-1585566145786-524dbdb4bc3cb.jpg&quot;,&quot;imgset&quot;:&quot;&quot;,&quot;display&quot;:&quot;&quot;,&quot;hddesc&quot;:0,&quot;hdfeat&quot;:0,&quot;oricov&quot;:&quot;https:\\\/\\\/d3t3ozftmdmh3i.cloudfront.net\\\/production\\\/podcast_uploaded\\\/4213446\\\/4213446-1585566145786-524dbdb4bc3cb.jpg&quot;,&quot;elength&quot;:25}},&quot;rdata&quot;:{&quot;permalink&quot;:&quot;https:\\\/\\\/laernorsknaa.com\\\/es\\\/wp-json\\\/wp\\\/v2\\\/posts\\\/2387&quot;,&quot;fprint&quot;:&quot;b17db09ac4978c39be4e5d07ad0221d4&quot;,&quot;from&quot;:&quot;feedurl&quot;,&quot;elen&quot;:25,&quot;eunit&quot;:&quot;&quot;,&quot;teaser&quot;:&quot;&quot;,&quot;title&quot;:&quot;L\\u00e6r norsk n\\u00e5!&quot;,&quot;autoplay&quot;:&quot;&quot;}}\"><div class=\"pp-podcast__wrapper\"><div class=\"pp-podcast__info pod-info\"><div class=\"pod-info__header pod-header\"><div class=\"pod-header__image\"><div class=\"pod-header__image-wrapper\"><img decoding=\"async\" class=\"podcast-cover-image\" src=\"https:\/\/d3t3ozftmdmh3i.cloudfront.net\/production\/podcast_uploaded\/4213446\/4213446-1585566145786-524dbdb4bc3cb.jpg\" srcset=\"\" sizes=\"(max-width: 640px) 100vw, 25vw\" alt=\"L\u00e6r norsk n\u00e5!\"><\/div><span class=\"pod-header__image-style\" style=\"display: block; width: 100%; padding-top: 100%\"><\/div><div class=\"pod-header__items pod-items\"><div class=\"pod-items__title\">L\u00e6r norsk n\u00e5!<\/div><div class=\"pod-items__desc\"><p>\u201cL\u00e6r Norsk N\u00e5!\u201d is a podcast for the intermediate Norwegian learner (B1-B2) who wants to listen to authentic Norwegian spoken in a clear and slow manner. Transcriptions for the episodes are easily available at the website for the podcast, providing textual support for the spoken material. The podcast deals with many different topics including history, culture, science, literature, the Norwegian language and more; this provides the learner with a range of different topics in Norwegian, leading to ample opportunity to improve one\u2019s Norwegian. It is also a fun and engaging way of learning!<\/p>\n<\/div><div class=\"pod-items__navi-menu\"><a href=\"https:\/\/podcasts.apple.com\/us\/podcast\/l%C3%A6r-norsk-n%C3%A5\/id1509716748\" class=\"subscribe-item pp-badge apple-sub\" target=\"_blank\"><svg class=\"icon icon-pp-apple\" aria-hidden=\"true\" role=\"img\" focusable=\"false\"><use href=\"#icon-pp-apple\" xlink:href=\"#icon-pp-apple\"><\/use><\/svg><span class=\"sub-text\"><span class=\"sub-listen-text\">Esc\u00fachalo en:<\/span><span class=\"sub-item-text\">Apple Podcasts<\/span><\/span><\/a><a href=\"https:\/\/podcasts.google.com\/feed\/aHR0cHM6Ly9hbmNob3IuZm0vcy8xOWI1Y2JkOC9wb2RjYXN0L3Jzcw==\" class=\"subscribe-item pp-badge google-sub\" target=\"_blank\"><svg class=\"icon icon-pp-google\" aria-hidden=\"true\" role=\"img\" focusable=\"false\"><use href=\"#icon-pp-google\" xlink:href=\"#icon-pp-google\"><\/use><\/svg><span class=\"sub-text\"><span class=\"sub-listen-text\">Esc\u00fachalo en:<\/span><span class=\"sub-item-text\"><span>Google <\/span><span style=\"font-weight: normal;\">P\u00f3dcast<\/span><\/span><\/span><\/a><a href=\"https:\/\/open.spotify.com\/show\/6GWf9sFwRSFcGZMAeFPyvY\" class=\"subscribe-item pp-badge spotify-sub\" target=\"_blank\"><span class=\"sub-text\"><span class=\"sub-listen-text\">Esc\u00fachalo en:<\/span><\/span><svg class=\"icon icon-pp-spotify\" aria-hidden=\"true\" role=\"img\" focusable=\"false\"><use href=\"#icon-pp-spotify\" xlink:href=\"#icon-pp-spotify\"><\/use><\/svg><span class=\"sub-text\"><span class=\"sub-item-text\">Spotify<\/span><\/span><\/a><\/div><\/div><\/div><\/div><div class=\"pp-podcast__content pod-content\"><div class=\"pp-podcast__single\"><div class=\"pp-podcast__player\"><div class=\"pp-player-episode\"><audio id=\"pp-podcast-8162-player\" preload=\"none\" class=\"pp-podcast-episode\" style=\"width: 100%;\" controls=\"controls\"><source type=\"audio\/mpeg\" src=\"https:\/\/anchor.fm\/s\/19b5cbd8\/podcast\/play\/44939247\/https%3A%2F%2Fd3ctxlq1ktw2nl.cloudfront.net%2Fstaging%2F2021-11-16%2Fc264d4c9-267c-a421-8a00-1e641ddd1d8a.mp3\" \/><\/audio><\/div><\/div><div class=\"pod-content__episode episode-single\"><button class=\"episode-single__close\" aria-expanded=\"false\" aria-label=\"Cerrar el episodio individual\"><span class=\"btn-icon-wrap\"><svg class=\"icon icon-pp-x\" aria-hidden=\"true\" role=\"img\" focusable=\"false\"><use href=\"#icon-pp-x\" xlink:href=\"#icon-pp-x\"><\/use><\/svg><\/span><\/button><div class=\"episode-single__wrapper\"><div class=\"episode-single__header\"><div class=\"episode-single__title\">93 &#8211; Luciadagen<\/div><div class=\"episode-single__author\"><span class=\"byname\">por<\/span><span class=\"single-author\">Marius Stangeland<\/span><\/div><\/div><div class=\"episode-single__description\"><p>Epost: Laernorsknaa@gmail.com<\/p><p>Teksten til episoden:<a href=\"https:\/\/laernorsknaa.com\/es\/87-de-tre-bukkene-bruse-folkeeventyr\/\" target=\"_blank\" rel=\"ugc noopener noreferrer\"><\/a><a href=\"https:\/\/laernorsknaa.com\/es\/?p=2387\" target=\"_blank\" rel=\"external noreferrer noopener\">https:\/\/laernorsknaa.com\/<strong>93-luciadagen<\/strong><\/a><\/p><p><\/p><p>YouTube:\u00a0<a href=\"https:\/\/www.youtube.com\/channel\/UCxdRJ5lW2QlUNRfff-ZoE-A\/videos\">\u2060\u2060\u2060https:\/\/www.youtube.com\/channel\/UCxdRJ5lW2QlUNRfff-ZoE-A\/videos\u2060\u2060<\/a><\/p><p><\/p><p><strong>St\u00f8tt podkasten: <\/strong><\/p><p>Patreon:\u00a0<a href=\"https:\/\/www.patreon.com\/laernorsknaa\">\u2060\u2060https:\/\/www.patreon.com\/laernorsknaa\u2060\u2060<\/a><\/p><p>Donasjon (Paypal):\u00a0<a href=\"https:\/\/www.paypal.com\/donate\/?hosted_button_id=KG22H9FPVG22N\">\u2060\u2060Doner (paypal.com)\u2060<\/a><\/p><p><\/p><p>Luciadagen er en kjent og kj\u00e6r del av norsk julefeiring. Det er en minnedag for Lucia som blir feira 13. desember hvert \u00e5r. Hellige Lucia er en katolsk helgen og martyr som skal ha levd p\u00e5 300-tallet i Romerriket. Det h\u00f8res kanskje merkelig ut at vi i Norge, et tradisjonelt protestantisk land, feirer en katolsk helgen hver eneste 13. desember. Vel, en av grunnene er nok at luciafeiringen er blanda sammen med den gamle norr\u00f8ne lussitradisjonen som ogs\u00e5 blei feira rundt 13. desember. I tillegg kan feiringa ogs\u00e5 ha blitt blanda sammen med andre element som den tyske Christkindchen, en hvitkledd jente med papirkrone og brennende lys p\u00e5 hodet. Skikken kan ogs\u00e5 v\u00e6re basert p\u00e5 de middelalderske stjernespillene og stjernegutteopptogene.<\/p><p>Som dere ser er Luciafeiringa i Norge basert p\u00e5 ganske mange skikker, men de viktigste er den katolske helgenen St. Lucia og den norr\u00f8ne lussitradisjonen. Jeg kommer derfor til \u00e5 fokusere p\u00e5 disse to n\u00e5r vi n\u00e5 skal se litt n\u00e6rmere p\u00e5 bakgrunnen for luciafeiringa. I tillegg skal vi se p\u00e5 hvordan vi feirer Luciadagen i Norge og Skandinavia i dag. Den moderne norske luciafeiringa er i stor grad basert p\u00e5 den svenske. Vi begynner med den sicilianske helgenen fra 300-tallet.<\/p><p>Kildene om Sankta Lucia kommer fra teksten <em>Martyrberettelser <\/em>fra 400-tallet. Det kan absolutt ha eksistert ei kvinne med navnet Lucia p\u00e5 Sicilia p\u00e5 begynnelsen av 300-tallet, men historiene om henne er veldig preget av hennes martyr- og helgenstatus. Det er veldig legendepreget. If\u00f8lge legenden skal Lucia ha v\u00e6rt en romersk jomfru av god familie fra Sicilia. Hun skulle gifte seg med en hedensk mann, men hun ville ikke forlate sin kristne tro. I tillegg ga hun bort hele medgiften sin til de fattige. Dette likte ikke Lucias trolovede. Han gikk bort til guvern\u00f8ren og anga henne for \u00e5 v\u00e6re kristen. I denne perioden var det ikke lov \u00e5 v\u00e6re kristen, og vi er p\u00e5 begynnelsen av 300-tallet midt i keiser Diokletians kristendomsforf\u00f8lgelse. Guvern\u00f8ren p\u00e5 Sicilia beordra Lucia til \u00e5 brenne et offer for keiserens bilde. Lucia, som var kristen, kunne selvsagt ikke bedrive med en hedensk skikk som det, og hun nekta. Guvern\u00f8ren d\u00f8mte da Lucia til \u00e5 bli tvangs sendt til et bordell.<\/p><\/div><\/div><div class=\"ppjs__img-wrapper\"><div class=\"ppjs__img-btn-cover\"><img decoding=\"async\" class=\"ppjs__img-btn\" src=\"https:\/\/laernorsknaa.com\/wp-content\/uploads\/2022\/06\/4213446-1639655661176-1244a0ca19242.jpg\" srcset=\"https:\/\/laernorsknaa.com\/wp-content\/uploads\/2022\/06\/4213446-1639655661176-1244a0ca19242.jpg 400w, https:\/\/laernorsknaa.com\/wp-content\/uploads\/2022\/06\/4213446-1639655661176-1244a0ca19242-300x300.jpg 300w, https:\/\/laernorsknaa.com\/wp-content\/uploads\/2022\/06\/4213446-1639655661176-1244a0ca19242-150x150.jpg 150w, https:\/\/laernorsknaa.com\/wp-content\/uploads\/2022\/06\/4213446-1639655661176-1244a0ca19242-100x100.jpg 100w\" sizes=\"(max-width: 640px) 100vw, 300px\" alt=\"93 &#8211; Luciadagen\"><\/div><span class=\"ppjs__img-btn-style\" style=\"display: block; width: 100%; padding-top: 100%\"><\/div><\/div><\/div><\/div><\/div><div class=\"pod-content__launcher pod-launch\"><button class=\"pod-launch__button pod-launch__info pod-button\" aria-expanded=\"false\"><span class=\"ppjs__offscreen\">Mostrar la informaci\u00f3n del p\u00f3dcast<\/span><span class=\"btn-icon-wrap\"><svg class=\"icon icon-pp-podcast\" aria-hidden=\"true\" role=\"img\" focusable=\"false\"><use href=\"#icon-pp-podcast\" xlink:href=\"#icon-pp-podcast\"><\/use><\/svg><svg class=\"icon icon-pp-x\" aria-hidden=\"true\" role=\"img\" focusable=\"false\"><use href=\"#icon-pp-x\" xlink:href=\"#icon-pp-x\"><\/use><\/svg><\/span><\/button><\/div><\/div>\n\n\n<h2 class=\"wp-block-heading\"><strong>Transcripci\u00f3n<\/strong><\/h2>\n\n\n\n<div class=\"wp-block-group transcript has-background\" style=\"background-color:#eff8ff\"><div class=\"wp-block-group__inner-container is-layout-flow wp-block-group-is-layout-flow\">\n<p>Heihei! P\u00e5 grunn av en del arbeid med skole og diverse andre ting s\u00e5 har jeg tatt en liten pause fra podkastarbeidet, men n\u00e5 er jeg tilbake. I denne episoden skal vi snakke om Sankta Lucia feiringen i Norge.<\/p>\n\n\n\n<p>Luciadagen er en kjent og kj\u00e6r del av norsk julefeiring. Det er en minnedag for Lucia som blir feira 13. desember hvert \u00e5r. Hellige Lucia er en katolsk helgen og martyr som skal ha levd p\u00e5 300-tallet i Romerriket. Det h\u00f8res kanskje merkelig ut at vi i Norge, et tradisjonelt protestantisk land, feirer en katolsk helgen hver eneste 13. desember. Vel, en av grunnene er nok at luciafeiringen er blanda sammen med den gamle norr\u00f8ne lussitradisjonen som ogs\u00e5 blei feira rundt 13. desember. I tillegg kan feiringa ogs\u00e5 ha blitt blanda sammen med andre element som den tyske Christkindchen, en hvitkledd jente med papirkrone og brennende lys p\u00e5 hodet. Skikken kan ogs\u00e5 v\u00e6re basert p\u00e5 de middelalderske stjernespillene og stjernegutteopptogene.<\/p>\n\n\n\n<p>Som dere ser er Luciafeiringa i Norge basert p\u00e5 ganske mange skikker, men de viktigste er den katolske helgenen St. Lucia og den norr\u00f8ne lussitradisjonen. Jeg kommer derfor til \u00e5 fokusere p\u00e5 disse to n\u00e5r vi n\u00e5 skal se litt n\u00e6rmere p\u00e5 bakgrunnen for luciafeiringa. I tillegg skal vi se p\u00e5 hvordan vi feirer Luciadagen i Norge og Skandinavia i dag. Den moderne norske luciafeiringa er i stor grad basert p\u00e5 den svenske. Vi begynner med den sicilianske helgenen fra 300-tallet.<\/p>\n\n\n\n<p>Kildene om Sankta Lucia kommer fra teksten <em>Martyrberettelser <\/em>fra 400-tallet. Det kan absolutt ha eksistert ei kvinne med navnet Lucia p\u00e5 Sicilia p\u00e5 begynnelsen av 300-tallet, men historiene om henne er veldig preget av hennes martyr- og helgenstatus. Det er veldig legendepreget. If\u00f8lge legenden skal Lucia ha v\u00e6rt en romersk jomfru av god familie fra Sicilia. Hun skulle gifte seg med en hedensk mann, men hun ville ikke forlate sin kristne tro. I tillegg ga hun bort hele medgiften sin til de fattige. Dette likte ikke Lucias trolovede. Han gikk bort til guvern\u00f8ren og anga henne for \u00e5 v\u00e6re kristen. I denne perioden var det ikke lov \u00e5 v\u00e6re kristen, og vi er p\u00e5 begynnelsen av 300-tallet midt i keiser Diokletians kristendomsforf\u00f8lgelse. Guvern\u00f8ren p\u00e5 Sicilia beordra Lucia til \u00e5 brenne et offer for keiserens bilde. Lucia, som var kristen, kunne selvsagt ikke bedrive med en hedensk skikk som det, og hun nekta. Guvern\u00f8ren d\u00f8mte da Lucia til \u00e5 bli tvangs sendt til et bordell.<\/p>\n\n\n\n<p>Da vaktene kom for \u00e5 hente henne, klarte de ikke \u00e5 rikke henne fra stedet. De klarte rett og slett ikke \u00e5 ta henne med seg. S\u00e5 da pr\u00f8vde de \u00e5 binde henne fast til noen okser, men selv det var ikke mulig. Det var tydelig at det var noe spesielt med Lucia, s\u00e5 guvern\u00f8ren m\u00e5 nok ha tenkt at det var best \u00e5 drepe henne. Han beordra vaktene til \u00e5 finne ved som de satte rundt Lucia. De tente p\u00e5 veden og det begynte \u00e5 brenne rundt Lucia, men flammene r\u00f8rte henne ikke. B\u00e5let brant rundt henne, men hun var uskadd. Det var et under! Til slutt blei hun drept med et sverd som blei kj\u00f8rt inn i halsen hennes. If\u00f8lge seinere legender blei Lucia torturert og fikk \u00f8ynene skj\u00e6rt ut f\u00f8r hun blei drept, men dette er ikke med i de tidligste fortellingene om henne.<\/p>\n\n\n\n<p>Navnet til Lucia kommer fra det latinske \u00ablux\u00bb som betyr lys. I den moderne norske luciafeiringa er det ikke s\u00e5 veldig stort fokus p\u00e5 martyrfortellingen rundt Lucia, men mer om Lucia som en ung kvinne som bringer lys i ei m\u00f8rk tid. Dette er kanskje p\u00e5 grunn av at luciafeiringa er blanda sammen med den gamle norr\u00f8ne lussitradisjonen.<\/p>\n\n\n\n<p>I Norge er natta til 13. desember blitt kalt for lussinatta. Den er ogs\u00e5 kalt for Lussi langnatt fordi man f\u00f8r trodde at dette var \u00e5rets lengste natt, alts\u00e5 det vi n\u00e5 kjenner som vintersolverv. Dette stemmer ikke ettersom vintersolverv faktisk er den 21. eller 22. desember, men det er n\u00e6rme nok. Uansett, p\u00e5 lussinatta, if\u00f8lge gammel folketro, var alle slags onde krefter ute og herja da lys og m\u00f8rke kjempa om makta. Ettersom man trodde at dette var den lengste natta, var det p\u00e5 dette tidspunktet de m\u00f8rke kreftene var sterkest. Men etter denne natta ville det snu og bli lysere og lysere. Det var alts\u00e5 et lite h\u00e5p ogs\u00e5 forbundet med lussinatta.<\/p>\n\n\n\n<p>Lussinatta markerte begynnelsen p\u00e5 juletida. Lussi er b\u00e5de en betegnelse for tid, den 13. desember, og som navnet til ei kvinnelig vette. Ei vette er et overnaturlig vesen i norsk folketro. Lussi var en farlig kvinnevette som var ute om natta og trua folk. P\u00e5 denne tida m\u00e5tte ingen v\u00e6re under den bare himmelen, for da ville Lussi komme og ta deg. Lussinatta starta ogs\u00e5 juleperioden. Jula blei, i gammel norsk tradisjon, oppfatta som den farligste tida for mennesker og dyr i hele \u00e5ret, og Lussinatta var den verste. P\u00e5 denne natta kunne til og med dyr snakke til hverandre. P\u00e5 Lussinatta kom Lussi rundt for \u00e5 sjekke at arbeidet mot julefeiringa var i rute; alts\u00e5 at folk hadde baket kaker, brygget jule\u00f8l og begynt \u00e5 rydde og vaske. Om ikke alt var slik det skulle v\u00e6re, blei Lussi s\u00e5 sint at hun \u00f8dela den \u00f8verste delen av pipa og rev i stykker skorsteinen.<\/p>\n\n\n\n<p>P\u00e5 Lussinatta var det vanlig at man delte ut lussekatter for \u00e5 beskytte seg mot onde makter. Lussekatter er en slags boller som bakes med safran, verdens dyreste krydder. Safranen symboliserer sola og lyset, og spiralformen til bollene er et gammelt symbol p\u00e5 sol og liv. Lussekatter blir fremdeles bakt i Norge i dag p\u00e5 Luciadagen.<\/p>\n\n\n\n<p>Luciafeiringa og mange av ritualene og skikkene rundt det er veldig gamle. Likevel falt mange av disse skikkene litt bort i l\u00f8pet av 1800-tallet i Norden. Men dette snudde p\u00e5 1900-tallet. I Sverige i 1927 blei den gamle skikken med luciaprosesjoner tatt opp igjen i Stockholm. Det blei forma luciatog og det blei k\u00e5ra ei luciaprinsesse. Dette var s\u00e5 popul\u00e6rt, sikkert siden det bygde p\u00e5 s\u00e5 mange gamle skikker og tradisjoner, at det spredte seg til resten av Sverige og Norge.<\/p>\n\n\n\n<p>I Norge i dag feirer man luciadagen f\u00f8rst og fremst i skoler, barnehager og i kristne menigheter. Skikken er nok mer knytta opp mot de gamle lussitradisjonene og jula, enn den er mot helgenen Sankta Lucia. Likevel er Sankta Lucia blitt en stor del av feiringa hun ogs\u00e5.<\/p>\n\n\n\n<p>S\u00e5 hvordan feirer vi luciadagen? Vel, jeg husker at vi p\u00e5 skolen gikk i luciatog som er en lysprosesjon. Man kler seg opp som stjernegutter med hvite kl\u00e6r, en stjerne i h\u00e5nda, lys og kjegleforma hatter med gullstjerner. Helt fremst i toget g\u00e5r Lucia, ei jente med en lyskrans p\u00e5 hodet og et lys i h\u00e5nda. Hun leder prosesjonen. Tradisjonelt er Lucia ei blond jente, noe som nok trolig skal symbolisere lys. I dag er det sikkert vanlig at ikke-blonde jenter ogs\u00e5 blir valgt til \u00e5 v\u00e6re Lucia. Denne prosesjonen er en m\u00e5te \u00e5 holde onde makter unna p\u00e5, og bringe lys til ei m\u00f8rk tid. Det er ogs\u00e5 knytta opp mot helgenskikkelsen Sankta Lucia som leder toget. Mens de g\u00e5r i prosesjon synger de luciasangen som handler om at Sankta Lucia kommer med lys i ei m\u00f8rk tid.<\/p>\n\n\n\n<p>I tillegg til en lysprosesjon, s\u00e5 er det fremdeles vanlig \u00e5 bake og dele ut lussekatter, bollene som jeg snakka om, p\u00e5 Luciadagen. De er deilige, og jeg vil anbefale \u00e5 pr\u00f8ve \u00e5 bake dem selv. Oppskrift finner dere p\u00e5 nettet. God jul!<\/p>\n<\/div><\/div>","protected":false},"excerpt":{"rendered":"<p>Luciadagen er en kjent og kj\u00e6r del av norsk julefeiring. Det er en minnedag for Lucia som blir feira 13. desember hvert \u00e5r. Hellige Lucia er en katolsk helgen og martyr som skal ha levd p\u00e5 300-tallet i Romerriket. Det h\u00f8res kanskje merkelig ut at vi i Norge, et tradisjonelt protestantisk land, feirer en katolsk helgen hver eneste 13. desember. Vel, en av grunnene er nok at luciafeiringen er blanda sammen med den gamle norr\u00f8ne lussitradisjonen som ogs\u00e5 blei feira rundt 13. desember. I tillegg kan feiringa ogs\u00e5 ha blitt blanda sammen med andre element som den tyske Christkindchen, en hvitkledd jente med papirkrone og brennende lys p\u00e5 hodet. Skikken kan ogs\u00e5 v\u00e6re basert p\u00e5 de middelalderske stjernespillene og stjernegutteopptogene. <\/p>","protected":false},"author":2,"featured_media":2390,"comment_status":"open","ping_status":"closed","sticky":false,"template":"","format":"standard","meta":{"_monsterinsights_skip_tracking":false,"_monsterinsights_sitenote_active":false,"_monsterinsights_sitenote_note":"","_monsterinsights_sitenote_category":0,"footnotes":""},"categories":[5],"tags":[764,191,766,765,763,185],"class_list":["post-2387","post","type-post","status-publish","format-standard","has-post-thumbnail","hentry","category-podcast","tag-folketro","tag-jul","tag-lussi","tag-lyskrone","tag-sankta-lucia","tag-skandinavia"],"yoast_head":"<!-- This site is optimized with the Yoast SEO plugin v26.4 - https:\/\/yoast.com\/wordpress\/plugins\/seo\/ -->\n<title>93 - Luciadagen &#8211; L\u00e6r norsk n\u00e5<\/title>\n<meta name=\"robots\" content=\"index, follow, max-snippet:-1, max-image-preview:large, max-video-preview:-1\" \/>\n<link rel=\"canonical\" href=\"http:\/\/91.98.205.163:8089\/93-luciadagen\/\" \/>\n<meta property=\"og:locale\" content=\"es_ES\" \/>\n<meta property=\"og:type\" content=\"article\" \/>\n<meta property=\"og:title\" content=\"93 - Luciadagen &#8211; L\u00e6r norsk n\u00e5\" \/>\n<meta property=\"og:description\" content=\"Luciadagen er en kjent og kj\u00e6r del av norsk julefeiring. Det er en minnedag for Lucia som blir feira 13. desember hvert \u00e5r. Hellige Lucia er en katolsk helgen og martyr som skal ha levd p\u00e5 300-tallet i Romerriket. Det h\u00f8res kanskje merkelig ut at vi i Norge, et tradisjonelt protestantisk land, feirer en katolsk helgen hver eneste 13. desember. Vel, en av grunnene er nok at luciafeiringen er blanda sammen med den gamle norr\u00f8ne lussitradisjonen som ogs\u00e5 blei feira rundt 13. desember. I tillegg kan feiringa ogs\u00e5 ha blitt blanda sammen med andre element som den tyske Christkindchen, en hvitkledd jente med papirkrone og brennende lys p\u00e5 hodet. Skikken kan ogs\u00e5 v\u00e6re basert p\u00e5 de middelalderske stjernespillene og stjernegutteopptogene.\" \/>\n<meta property=\"og:url\" content=\"http:\/\/91.98.205.163:8089\/93-luciadagen\/\" \/>\n<meta property=\"og:site_name\" content=\"L\u00e6r norsk n\u00e5\" \/>\n<meta property=\"article:published_time\" content=\"2021-12-16T12:00:00+00:00\" \/>\n<meta property=\"article:modified_time\" content=\"2021-12-30T09:40:17+00:00\" \/>\n<meta property=\"og:image\" content=\"http:\/\/91.98.205.163:8089\/wp-content\/uploads\/2021\/12\/131618.jpg\" \/>\n\t<meta property=\"og:image:width\" content=\"1200\" \/>\n\t<meta property=\"og:image:height\" content=\"630\" \/>\n\t<meta property=\"og:image:type\" content=\"image\/jpeg\" \/>\n<meta name=\"author\" content=\"Marius Stangeland\" \/>\n<meta name=\"twitter:card\" content=\"summary_large_image\" \/>\n<meta name=\"twitter:label1\" content=\"Escrito por\" \/>\n\t<meta name=\"twitter:data1\" content=\"Marius Stangeland\" \/>\n\t<meta name=\"twitter:label2\" content=\"Tiempo de lectura\" \/>\n\t<meta name=\"twitter:data2\" content=\"6 minutos\" \/>\n<script type=\"application\/ld+json\" class=\"yoast-schema-graph\">{\"@context\":\"https:\/\/schema.org\",\"@graph\":[{\"@type\":\"Article\",\"@id\":\"http:\/\/91.98.205.163:8089\/93-luciadagen\/#article\",\"isPartOf\":{\"@id\":\"http:\/\/91.98.205.163:8089\/93-luciadagen\/\"},\"author\":{\"name\":\"Marius Stangeland\",\"@id\":\"http:\/\/91.98.205.163:8089\/#\/schema\/person\/372f7f766a136344430614732659b5f2\"},\"headline\":\"93 &#8211; Luciadagen\",\"datePublished\":\"2021-12-16T12:00:00+00:00\",\"dateModified\":\"2021-12-30T09:40:17+00:00\",\"mainEntityOfPage\":{\"@id\":\"http:\/\/91.98.205.163:8089\/93-luciadagen\/\"},\"wordCount\":1337,\"commentCount\":2,\"publisher\":{\"@id\":\"http:\/\/91.98.205.163:8089\/#\/schema\/person\/372f7f766a136344430614732659b5f2\"},\"image\":{\"@id\":\"http:\/\/91.98.205.163:8089\/93-luciadagen\/#primaryimage\"},\"thumbnailUrl\":\"https:\/\/laernorsknaa.com\/wp-content\/uploads\/2021\/12\/131618.jpg\",\"keywords\":[\"Folketro\",\"jul\",\"Lussi\",\"Lyskrone\",\"Sankta Lucia\",\"Skandinavia\"],\"articleSection\":[\"Podcast\"],\"inLanguage\":\"es\",\"potentialAction\":[{\"@type\":\"CommentAction\",\"name\":\"Comment\",\"target\":[\"http:\/\/91.98.205.163:8089\/93-luciadagen\/#respond\"]}]},{\"@type\":\"WebPage\",\"@id\":\"http:\/\/91.98.205.163:8089\/93-luciadagen\/\",\"url\":\"http:\/\/91.98.205.163:8089\/93-luciadagen\/\",\"name\":\"93 - Luciadagen &#8211; L\u00e6r norsk n\u00e5\",\"isPartOf\":{\"@id\":\"http:\/\/91.98.205.163:8089\/#website\"},\"primaryImageOfPage\":{\"@id\":\"http:\/\/91.98.205.163:8089\/93-luciadagen\/#primaryimage\"},\"image\":{\"@id\":\"http:\/\/91.98.205.163:8089\/93-luciadagen\/#primaryimage\"},\"thumbnailUrl\":\"https:\/\/laernorsknaa.com\/wp-content\/uploads\/2021\/12\/131618.jpg\",\"datePublished\":\"2021-12-16T12:00:00+00:00\",\"dateModified\":\"2021-12-30T09:40:17+00:00\",\"breadcrumb\":{\"@id\":\"http:\/\/91.98.205.163:8089\/93-luciadagen\/#breadcrumb\"},\"inLanguage\":\"es\",\"potentialAction\":[{\"@type\":\"ReadAction\",\"target\":[\"http:\/\/91.98.205.163:8089\/93-luciadagen\/\"]}]},{\"@type\":\"ImageObject\",\"inLanguage\":\"es\",\"@id\":\"http:\/\/91.98.205.163:8089\/93-luciadagen\/#primaryimage\",\"url\":\"https:\/\/laernorsknaa.com\/wp-content\/uploads\/2021\/12\/131618.jpg\",\"contentUrl\":\"https:\/\/laernorsknaa.com\/wp-content\/uploads\/2021\/12\/131618.jpg\",\"width\":1200,\"height\":630},{\"@type\":\"BreadcrumbList\",\"@id\":\"http:\/\/91.98.205.163:8089\/93-luciadagen\/#breadcrumb\",\"itemListElement\":[{\"@type\":\"ListItem\",\"position\":1,\"name\":\"Home\",\"item\":\"http:\/\/91.98.205.163:8089\/\"},{\"@type\":\"ListItem\",\"position\":2,\"name\":\"93 &#8211; Luciadagen\"}]},{\"@type\":\"WebSite\",\"@id\":\"http:\/\/91.98.205.163:8089\/#website\",\"url\":\"http:\/\/91.98.205.163:8089\/\",\"name\":\"L\u00e6r norsk n\u00e5!\",\"description\":\"Resources and podcasts to learn Norwegian\",\"publisher\":{\"@id\":\"http:\/\/91.98.205.163:8089\/#\/schema\/person\/372f7f766a136344430614732659b5f2\"},\"potentialAction\":[{\"@type\":\"SearchAction\",\"target\":{\"@type\":\"EntryPoint\",\"urlTemplate\":\"http:\/\/91.98.205.163:8089\/?s={search_term_string}\"},\"query-input\":{\"@type\":\"PropertyValueSpecification\",\"valueRequired\":true,\"valueName\":\"search_term_string\"}}],\"inLanguage\":\"es\"},{\"@type\":[\"Person\",\"Organization\"],\"@id\":\"http:\/\/91.98.205.163:8089\/#\/schema\/person\/372f7f766a136344430614732659b5f2\",\"name\":\"Marius Stangeland\",\"image\":{\"@type\":\"ImageObject\",\"inLanguage\":\"es\",\"@id\":\"http:\/\/91.98.205.163:8089\/#\/schema\/person\/image\/\",\"url\":\"https:\/\/secure.gravatar.com\/avatar\/3ed6f06da2edefcae6cf6bb78721e567c1d9117b6b5b9b98efa5ff3b8d0de5c0?s=96&d=retro&r=g\",\"contentUrl\":\"https:\/\/secure.gravatar.com\/avatar\/3ed6f06da2edefcae6cf6bb78721e567c1d9117b6b5b9b98efa5ff3b8d0de5c0?s=96&d=retro&r=g\",\"caption\":\"Marius Stangeland\"},\"logo\":{\"@id\":\"http:\/\/91.98.205.163:8089\/#\/schema\/person\/image\/\"}}]}<\/script>\n<!-- \/ Yoast SEO plugin. -->","yoast_head_json":{"title":"93 - Luciadagen &#8211; L\u00e6r norsk n\u00e5","robots":{"index":"index","follow":"follow","max-snippet":"max-snippet:-1","max-image-preview":"max-image-preview:large","max-video-preview":"max-video-preview:-1"},"canonical":"http:\/\/91.98.205.163:8089\/93-luciadagen\/","og_locale":"es_ES","og_type":"article","og_title":"93 - Luciadagen &#8211; L\u00e6r norsk n\u00e5","og_description":"Luciadagen er en kjent og kj\u00e6r del av norsk julefeiring. Det er en minnedag for Lucia som blir feira 13. desember hvert \u00e5r. Hellige Lucia er en katolsk helgen og martyr som skal ha levd p\u00e5 300-tallet i Romerriket. Det h\u00f8res kanskje merkelig ut at vi i Norge, et tradisjonelt protestantisk land, feirer en katolsk helgen hver eneste 13. desember. Vel, en av grunnene er nok at luciafeiringen er blanda sammen med den gamle norr\u00f8ne lussitradisjonen som ogs\u00e5 blei feira rundt 13. desember. I tillegg kan feiringa ogs\u00e5 ha blitt blanda sammen med andre element som den tyske Christkindchen, en hvitkledd jente med papirkrone og brennende lys p\u00e5 hodet. Skikken kan ogs\u00e5 v\u00e6re basert p\u00e5 de middelalderske stjernespillene og stjernegutteopptogene.","og_url":"http:\/\/91.98.205.163:8089\/93-luciadagen\/","og_site_name":"L\u00e6r norsk n\u00e5","article_published_time":"2021-12-16T12:00:00+00:00","article_modified_time":"2021-12-30T09:40:17+00:00","og_image":[{"width":1200,"height":630,"url":"http:\/\/91.98.205.163:8089\/wp-content\/uploads\/2021\/12\/131618.jpg","type":"image\/jpeg"}],"author":"Marius Stangeland","twitter_card":"summary_large_image","twitter_misc":{"Escrito por":"Marius Stangeland","Tiempo de lectura":"6 minutos"},"schema":{"@context":"https:\/\/schema.org","@graph":[{"@type":"Article","@id":"http:\/\/91.98.205.163:8089\/93-luciadagen\/#article","isPartOf":{"@id":"http:\/\/91.98.205.163:8089\/93-luciadagen\/"},"author":{"name":"Marius Stangeland","@id":"http:\/\/91.98.205.163:8089\/#\/schema\/person\/372f7f766a136344430614732659b5f2"},"headline":"93 &#8211; Luciadagen","datePublished":"2021-12-16T12:00:00+00:00","dateModified":"2021-12-30T09:40:17+00:00","mainEntityOfPage":{"@id":"http:\/\/91.98.205.163:8089\/93-luciadagen\/"},"wordCount":1337,"commentCount":2,"publisher":{"@id":"http:\/\/91.98.205.163:8089\/#\/schema\/person\/372f7f766a136344430614732659b5f2"},"image":{"@id":"http:\/\/91.98.205.163:8089\/93-luciadagen\/#primaryimage"},"thumbnailUrl":"https:\/\/laernorsknaa.com\/wp-content\/uploads\/2021\/12\/131618.jpg","keywords":["Folketro","jul","Lussi","Lyskrone","Sankta Lucia","Skandinavia"],"articleSection":["Podcast"],"inLanguage":"es","potentialAction":[{"@type":"CommentAction","name":"Comment","target":["http:\/\/91.98.205.163:8089\/93-luciadagen\/#respond"]}]},{"@type":"WebPage","@id":"http:\/\/91.98.205.163:8089\/93-luciadagen\/","url":"http:\/\/91.98.205.163:8089\/93-luciadagen\/","name":"93 - Luciadagen &#8211; L\u00e6r norsk n\u00e5","isPartOf":{"@id":"http:\/\/91.98.205.163:8089\/#website"},"primaryImageOfPage":{"@id":"http:\/\/91.98.205.163:8089\/93-luciadagen\/#primaryimage"},"image":{"@id":"http:\/\/91.98.205.163:8089\/93-luciadagen\/#primaryimage"},"thumbnailUrl":"https:\/\/laernorsknaa.com\/wp-content\/uploads\/2021\/12\/131618.jpg","datePublished":"2021-12-16T12:00:00+00:00","dateModified":"2021-12-30T09:40:17+00:00","breadcrumb":{"@id":"http:\/\/91.98.205.163:8089\/93-luciadagen\/#breadcrumb"},"inLanguage":"es","potentialAction":[{"@type":"ReadAction","target":["http:\/\/91.98.205.163:8089\/93-luciadagen\/"]}]},{"@type":"ImageObject","inLanguage":"es","@id":"http:\/\/91.98.205.163:8089\/93-luciadagen\/#primaryimage","url":"https:\/\/laernorsknaa.com\/wp-content\/uploads\/2021\/12\/131618.jpg","contentUrl":"https:\/\/laernorsknaa.com\/wp-content\/uploads\/2021\/12\/131618.jpg","width":1200,"height":630},{"@type":"BreadcrumbList","@id":"http:\/\/91.98.205.163:8089\/93-luciadagen\/#breadcrumb","itemListElement":[{"@type":"ListItem","position":1,"name":"Home","item":"http:\/\/91.98.205.163:8089\/"},{"@type":"ListItem","position":2,"name":"93 &#8211; Luciadagen"}]},{"@type":"WebSite","@id":"http:\/\/91.98.205.163:8089\/#website","url":"http:\/\/91.98.205.163:8089\/","name":"L\u00e6r norsk n\u00e5!","description":"Recursos y podcasts para aprender noruego","publisher":{"@id":"http:\/\/91.98.205.163:8089\/#\/schema\/person\/372f7f766a136344430614732659b5f2"},"potentialAction":[{"@type":"SearchAction","target":{"@type":"EntryPoint","urlTemplate":"http:\/\/91.98.205.163:8089\/?s={search_term_string}"},"query-input":{"@type":"PropertyValueSpecification","valueRequired":true,"valueName":"search_term_string"}}],"inLanguage":"es"},{"@type":["Person","Organization"],"@id":"http:\/\/91.98.205.163:8089\/#\/schema\/person\/372f7f766a136344430614732659b5f2","name":"Marius Stangeland","image":{"@type":"ImageObject","inLanguage":"es","@id":"http:\/\/91.98.205.163:8089\/#\/schema\/person\/image\/","url":"https:\/\/secure.gravatar.com\/avatar\/3ed6f06da2edefcae6cf6bb78721e567c1d9117b6b5b9b98efa5ff3b8d0de5c0?s=96&d=retro&r=g","contentUrl":"https:\/\/secure.gravatar.com\/avatar\/3ed6f06da2edefcae6cf6bb78721e567c1d9117b6b5b9b98efa5ff3b8d0de5c0?s=96&d=retro&r=g","caption":"Marius Stangeland"},"logo":{"@id":"http:\/\/91.98.205.163:8089\/#\/schema\/person\/image\/"}}]}},"_links":{"self":[{"href":"https:\/\/laernorsknaa.com\/es\/wp-json\/wp\/v2\/posts\/2387","targetHints":{"allow":["GET"]}}],"collection":[{"href":"https:\/\/laernorsknaa.com\/es\/wp-json\/wp\/v2\/posts"}],"about":[{"href":"https:\/\/laernorsknaa.com\/es\/wp-json\/wp\/v2\/types\/post"}],"author":[{"embeddable":true,"href":"https:\/\/laernorsknaa.com\/es\/wp-json\/wp\/v2\/users\/2"}],"replies":[{"embeddable":true,"href":"https:\/\/laernorsknaa.com\/es\/wp-json\/wp\/v2\/comments?post=2387"}],"version-history":[{"count":3,"href":"https:\/\/laernorsknaa.com\/es\/wp-json\/wp\/v2\/posts\/2387\/revisions"}],"predecessor-version":[{"id":2494,"href":"https:\/\/laernorsknaa.com\/es\/wp-json\/wp\/v2\/posts\/2387\/revisions\/2494"}],"wp:featuredmedia":[{"embeddable":true,"href":"https:\/\/laernorsknaa.com\/es\/wp-json\/wp\/v2\/media\/2390"}],"wp:attachment":[{"href":"https:\/\/laernorsknaa.com\/es\/wp-json\/wp\/v2\/media?parent=2387"}],"wp:term":[{"taxonomy":"category","embeddable":true,"href":"https:\/\/laernorsknaa.com\/es\/wp-json\/wp\/v2\/categories?post=2387"},{"taxonomy":"post_tag","embeddable":true,"href":"https:\/\/laernorsknaa.com\/es\/wp-json\/wp\/v2\/tags?post=2387"}],"curies":[{"name":"wp","href":"https:\/\/api.w.org\/{rel}","templated":true}]}}