{"id":331,"date":"2020-11-05T11:05:00","date_gmt":"2020-11-05T10:05:00","guid":{"rendered":"http:\/\/lnn.chefdev.nl\/?p=331"},"modified":"2021-11-30T13:46:25","modified_gmt":"2021-11-30T12:46:25","slug":"intervju-med-ivar-sandnes-jaeren-trondheim-og-ski","status":"publish","type":"post","link":"https:\/\/laernorsknaa.com\/es\/intervju-med-ivar-sandnes-jaeren-trondheim-og-ski\/","title":{"rendered":"Intervju med Ivar &#8211; Sandnes, J\u00e6ren, Trondheim og ski"},"content":{"rendered":"<p>05 November 2020 | 25 minutes<\/p>\n\n\n\t\t\t<style type=\"text\/css\">#pp-podcast-4785 a, .pp-modal-window .modal-4785 a, .pp-modal-window .aux-modal-4785 a, #pp-podcast-4785 .ppjs__more { color: #c8102e; } #pp-podcast-4785:not(.modern) .ppjs__audio .ppjs__button.ppjs__playpause-button button *, #pp-podcast-4785:not(.modern) .ppjs__audio .ppjs__button.ppjs__playpause-button button:hover *, #pp-podcast-4785:not(.modern) .ppjs__audio .ppjs__button.ppjs__playpause-button button:focus *, .pp-modal-window .modal-4785 .ppjs__audio .ppjs__button.ppjs__playpause-button button *, .pp-modal-window .modal-4785 .ppjs__audio .ppjs__button.ppjs__playpause-button button:hover *, .pp-modal-window .modal-4785 .ppjs__audio .ppjs__button.ppjs__playpause-button button:focus *, .pp-modal-window .aux-modal-4785 .pod-entry__play *, .pp-modal-window .aux-modal-4785 .pod-entry__play:hover * { color: #c8102e !important; } #pp-podcast-4785.postview .episode-list__load-more, .pp-modal-window .aux-modal-4785 .episode-list__load-more, #pp-podcast-4785:not(.modern) .ppjs__time-handle-content, .modal-4785 .ppjs__time-handle-content { border-color: #c8102e !important; } #pp-podcast-4785:not(.modern) .ppjs__audio-time-rail, #pp-podcast-4785.lv3 .pod-entry__play, #pp-podcast-4785.lv4 .pod-entry__play, #pp-podcast-4785.gv2 .pod-entry__play, #pp-podcast-4785.modern.wide-player .ppjs__audio .ppjs__button.ppjs__playpause-button button, #pp-podcast-4785.modern.wide-player .ppjs__audio .ppjs__button.ppjs__playpause-button button:hover, #pp-podcast-4785.modern.wide-player .ppjs__audio .ppjs__button.ppjs__playpause-button button:focus, .pp-modal-window .modal-4785 button.episode-list__load-more, .pp-modal-window .modal-4785 .ppjs__audio-time-rail, .pp-modal-window .modal-4785 button.pp-modal-close { background-color: #c8102e !important; } #pp-podcast-4785 .hasCover .ppjs__audio .ppjs__button.ppjs__playpause-button button { background-color: rgba(0, 0, 0, 0.5) !important; } .pp-modal-window .modal-4785 button.episode-list__load-more:hover, .pp-modal-window .modal-4785 button.episode-list__load-more:focus, .pp-modal-window .aux-modal-4785 button.episode-list__load-more:hover, .pp-modal-window .aux-modal-4785 button.episode-list__load-more:focus { background-color: rgba( 200,16,46, 0.7 ) !important; } #pp-podcast-4785 .ppjs__button.toggled-on, .pp-modal-window .modal-4785 .ppjs__button.toggled-on, #pp-podcast-4785.playerview .pod-entry.activeEpisode, .pp-modal-window .modal-4785.playerview .pod-entry.activeEpisode { background-color: rgba( 200,16,46, 0.1 ); } #pp-podcast-4785.postview .episode-list__load-more { background-color: transparent !important; } #pp-podcast-4785.modern:not(.wide-player) .ppjs__audio .ppjs__button.ppjs__playpause-button button *, #pp-podcast-4785.modern:not(.wide-player) .ppjs__audio .ppjs__button.ppjs__playpause-button button:hover *, #pp-podcast-4785.modern:not(.wide-player) .ppjs__audio .ppjs__button.ppjs__playpause-button button:focus * { color: #c8102e !important; } #pp-podcast-4785.modern:not(.wide-player) .ppjs__time-handle-content { border-color: #c8102e !important; } #pp-podcast-4785.modern:not(.wide-player) .ppjs__audio-time-rail { background-color: #c8102e !important; } #pp-podcast-4785, .modal-4785, .aux-modal-4785 { --pp-accent-color: #c8102e; }<\/style>\n\t\t\t<div id=\"pp-podcast-4785\" class=\"pp-podcast single-episode has-header header-hidden has-featured playerview media-audio\"  data-teaser=\"\" data-elength=\"25\" data-eunit=\"\" data-ppsdata=\"{&quot;ppe-4785-1&quot;:{&quot;title&quot;:&quot;Intervju med Ivar &#8211; Sandnes, J\\u00e6ren, Trondheim og ski&quot;,&quot;description&quot;:&quot;&lt;p&gt;Epost: Laernorsknaa@gmail.com&lt;\\\/p&gt;\\n&lt;p&gt;Nettside: &lt;a href=\\&quot;https:\\\/\\\/laernorsknaa.com\\\/intervju-med-ivar-sandnes-jaeren-trondheim-og-ski\\\/\\&quot;&gt;https:\\\/\\\/laernorsknaa.com\\\/intervju-med-ivar-sandnes-jaeren-trondheim-og-ski\\\/&lt;\\\/a&gt;\\n&lt;\\\/p&gt;\\n&lt;p&gt;YouTube:\\u00a0&lt;a href=\\&quot;https:\\\/\\\/www.youtube.com\\\/channel\\\/UCxdRJ5lW2QlUNRfff-ZoE-A\\\/videos\\&quot;&gt;\\u2060\\u2060\\u2060https:\\\/\\\/www.youtube.com\\\/channel\\\/UCxdRJ5lW2QlUNRfff-ZoE-A\\\/videos\\u2060\\u2060&lt;\\\/a&gt;&lt;\\\/p&gt;\\n&lt;p&gt;&lt;\\\/p&gt;\\n&lt;p&gt;&lt;strong&gt;St\\u00f8tt podkasten: &lt;\\\/strong&gt;&lt;\\\/p&gt;\\n&lt;p&gt;Patreon:\\u00a0&lt;a href=\\&quot;https:\\\/\\\/www.patreon.com\\\/laernorsknaa\\&quot;&gt;\\u2060\\u2060https:\\\/\\\/www.patreon.com\\\/laernorsknaa\\u2060\\u2060&lt;\\\/a&gt;&lt;\\\/p&gt;\\n&lt;p&gt;Donasjon (Paypal):\\u00a0&lt;a href=\\&quot;https:\\\/\\\/www.paypal.com\\\/donate\\\/?hosted_button_id=KG22H9FPVG22N\\&quot;&gt;\\u2060\\u2060Doner (paypal.com)\\u2060&lt;\\\/a&gt;&lt;\\\/p&gt;\\n&lt;p&gt;&lt;\\\/p&gt;\\n&lt;p&gt;Hei og velkommen til en ny episode av \\u00abl\\u00e6r norsk n\\u00e5!\\u00bb. I denne episoden skal vi snakke med Ivar, en venn som jeg ogs\\u00e5 bor med. Og vi skal snakke om blant annet stedet han kommer fra, stedet jeg kommer fra, Trondheim og sn\\u00f8 og ski. Dette vil v\\u00e6re en slags samtale, s\\u00e5 det er en litt annerledes episode fra det dere er vant til. Vi snakker begge p\\u00e5 dialekt. Det kan nok derfor v\\u00e6re litt vanskeligere \\u00e5 forst\\u00e5, men det gir god trening i \\u00e5 kunne forst\\u00e5 andre dialekter. I tillegg kan dere h\\u00f8re p\\u00e5 episoden flere ganger, noe som gj\\u00f8r det lettere \\u00e5 forst\\u00e5. Kos dere!&lt;\\\/p&gt;\\n&quot;,&quot;author&quot;:&quot;Marius Stangeland&quot;,&quot;date&quot;:&quot;05-11-2020&quot;,&quot;link&quot;:&quot;https:\\\/\\\/podcasters.spotify.com\\\/pod\\\/show\\\/marius-stangeland\\\/episodes\\\/Intervju-med-Ivar---Sandnes--Jren--Trondheim-og-ski-em0t5f&quot;,&quot;src&quot;:&quot;https:\\\/\\\/anchor.fm\\\/s\\\/19b5cbd8\\\/podcast\\\/play\\\/22098543\\\/https%3A%2F%2Fd3ctxlq1ktw2nl.cloudfront.net%2Fstaging%2F2020-11-13%2Fac58796972c5063a8882bda4598e808e.m4a&quot;,&quot;featured&quot;:&quot;https:\\\/\\\/laernorsknaa.com\\\/wp-content\\\/uploads\\\/2022\\\/01\\\/4213446-1585566143867-7d01c6beaaa3a.jpg&quot;,&quot;featured_id&quot;:2539,&quot;mediatype&quot;:&quot;audio&quot;,&quot;season&quot;:0,&quot;categories&quot;:[],&quot;duration&quot;:&quot;25:11&quot;,&quot;episodetype&quot;:&quot;full&quot;,&quot;timestamp&quot;:1604556000,&quot;key&quot;:&quot;dde447c172af1f3aa486b0ef15841971&quot;,&quot;fset&quot;:&quot;https:\\\/\\\/laernorsknaa.com\\\/wp-content\\\/uploads\\\/2022\\\/01\\\/4213446-1585566143867-7d01c6beaaa3a.jpg 400w, https:\\\/\\\/laernorsknaa.com\\\/wp-content\\\/uploads\\\/2022\\\/01\\\/4213446-1585566143867-7d01c6beaaa3a-300x300.jpg 300w, https:\\\/\\\/laernorsknaa.com\\\/wp-content\\\/uploads\\\/2022\\\/01\\\/4213446-1585566143867-7d01c6beaaa3a-150x150.jpg 150w, https:\\\/\\\/laernorsknaa.com\\\/wp-content\\\/uploads\\\/2022\\\/01\\\/4213446-1585566143867-7d01c6beaaa3a-100x100.jpg 100w&quot;,&quot;fratio&quot;:1},&quot;load_info&quot;:{&quot;loaded&quot;:1,&quot;displayed&quot;:1,&quot;offset&quot;:0,&quot;maxItems&quot;:1,&quot;src&quot;:&quot;b17db09ac4978c39be4e5d07ad0221d4&quot;,&quot;step&quot;:1,&quot;sortby&quot;:&quot;sort_date_desc&quot;,&quot;filterby&quot;:&quot;Intervju med Ivar - Sandnes, J\\u00e6ren, Trondheim og ski&quot;,&quot;fixed&quot;:&quot;&quot;,&quot;args&quot;:{&quot;imgurl&quot;:&quot;https:\\\/\\\/d3t3ozftmdmh3i.cloudfront.net\\\/production\\\/podcast_uploaded\\\/4213446\\\/4213446-1585566145786-524dbdb4bc3cb.jpg&quot;,&quot;imgset&quot;:&quot;&quot;,&quot;display&quot;:&quot;&quot;,&quot;hddesc&quot;:0,&quot;hdfeat&quot;:0,&quot;oricov&quot;:&quot;https:\\\/\\\/d3t3ozftmdmh3i.cloudfront.net\\\/production\\\/podcast_uploaded\\\/4213446\\\/4213446-1585566145786-524dbdb4bc3cb.jpg&quot;,&quot;elength&quot;:25}},&quot;rdata&quot;:{&quot;permalink&quot;:&quot;https:\\\/\\\/laernorsknaa.com\\\/es\\\/wp-json\\\/wp\\\/v2\\\/posts\\\/331&quot;,&quot;fprint&quot;:&quot;b17db09ac4978c39be4e5d07ad0221d4&quot;,&quot;from&quot;:&quot;feedurl&quot;,&quot;elen&quot;:25,&quot;eunit&quot;:&quot;&quot;,&quot;teaser&quot;:&quot;&quot;,&quot;title&quot;:&quot;L\\u00e6r norsk n\\u00e5!&quot;,&quot;autoplay&quot;:&quot;&quot;}}\"><div class=\"pp-podcast__wrapper\"><div class=\"pp-podcast__info pod-info\"><div class=\"pod-info__header pod-header\"><div class=\"pod-header__image\"><div class=\"pod-header__image-wrapper\"><img decoding=\"async\" class=\"podcast-cover-image\" src=\"https:\/\/d3t3ozftmdmh3i.cloudfront.net\/production\/podcast_uploaded\/4213446\/4213446-1585566145786-524dbdb4bc3cb.jpg\" srcset=\"\" sizes=\"(max-width: 640px) 100vw, 25vw\" alt=\"L\u00e6r norsk n\u00e5!\"><\/div><span class=\"pod-header__image-style\" style=\"display: block; width: 100%; padding-top: 100%\"><\/div><div class=\"pod-header__items pod-items\"><div class=\"pod-items__title\">L\u00e6r norsk n\u00e5!<\/div><div class=\"pod-items__desc\"><p>\u201cL\u00e6r Norsk N\u00e5!\u201d is a podcast for the intermediate Norwegian learner (B1-B2) who wants to listen to authentic Norwegian spoken in a clear and slow manner. Transcriptions for the episodes are easily available at the website for the podcast, providing textual support for the spoken material. The podcast deals with many different topics including history, culture, science, literature, the Norwegian language and more; this provides the learner with a range of different topics in Norwegian, leading to ample opportunity to improve one\u2019s Norwegian. It is also a fun and engaging way of learning!<\/p>\n<\/div><div class=\"pod-items__navi-menu\"><a href=\"https:\/\/podcasts.apple.com\/us\/podcast\/l%C3%A6r-norsk-n%C3%A5\/id1509716748\" class=\"subscribe-item pp-badge apple-sub\" target=\"_blank\"><svg class=\"icon icon-pp-apple\" aria-hidden=\"true\" role=\"img\" focusable=\"false\"><use href=\"#icon-pp-apple\" xlink:href=\"#icon-pp-apple\"><\/use><\/svg><span class=\"sub-text\"><span class=\"sub-listen-text\">Esc\u00fachalo en:<\/span><span class=\"sub-item-text\">Apple Podcasts<\/span><\/span><\/a><a href=\"https:\/\/podcasts.google.com\/feed\/aHR0cHM6Ly9hbmNob3IuZm0vcy8xOWI1Y2JkOC9wb2RjYXN0L3Jzcw==\" class=\"subscribe-item pp-badge google-sub\" target=\"_blank\"><svg class=\"icon icon-pp-google\" aria-hidden=\"true\" role=\"img\" focusable=\"false\"><use href=\"#icon-pp-google\" xlink:href=\"#icon-pp-google\"><\/use><\/svg><span class=\"sub-text\"><span class=\"sub-listen-text\">Esc\u00fachalo en:<\/span><span class=\"sub-item-text\"><span>Google <\/span><span style=\"font-weight: normal;\">P\u00f3dcast<\/span><\/span><\/span><\/a><a href=\"https:\/\/open.spotify.com\/show\/6GWf9sFwRSFcGZMAeFPyvY\" class=\"subscribe-item pp-badge spotify-sub\" target=\"_blank\"><span class=\"sub-text\"><span class=\"sub-listen-text\">Esc\u00fachalo en:<\/span><\/span><svg class=\"icon icon-pp-spotify\" aria-hidden=\"true\" role=\"img\" focusable=\"false\"><use href=\"#icon-pp-spotify\" xlink:href=\"#icon-pp-spotify\"><\/use><\/svg><span class=\"sub-text\"><span class=\"sub-item-text\">Spotify<\/span><\/span><\/a><\/div><\/div><\/div><\/div><div class=\"pp-podcast__content pod-content\"><div class=\"pp-podcast__single\"><div class=\"pp-podcast__player\"><div class=\"pp-player-episode\"><audio id=\"pp-podcast-4785-player\" preload=\"none\" class=\"pp-podcast-episode\" style=\"width: 100%;\" controls=\"controls\"><source type=\"audio\/mpeg\" src=\"https:\/\/anchor.fm\/s\/19b5cbd8\/podcast\/play\/22098543\/https%3A%2F%2Fd3ctxlq1ktw2nl.cloudfront.net%2Fstaging%2F2020-11-13%2Fac58796972c5063a8882bda4598e808e.m4a\" \/><\/audio><\/div><\/div><div class=\"pod-content__episode episode-single\"><button class=\"episode-single__close\" aria-expanded=\"false\" aria-label=\"Cerrar el episodio individual\"><span class=\"btn-icon-wrap\"><svg class=\"icon icon-pp-x\" aria-hidden=\"true\" role=\"img\" focusable=\"false\"><use href=\"#icon-pp-x\" xlink:href=\"#icon-pp-x\"><\/use><\/svg><\/span><\/button><div class=\"episode-single__wrapper\"><div class=\"episode-single__header\"><div class=\"episode-single__title\">Intervju med Ivar &#8211; Sandnes, J\u00e6ren, Trondheim og ski<\/div><div class=\"episode-single__author\"><span class=\"byname\">por<\/span><span class=\"single-author\">Marius Stangeland<\/span><\/div><\/div><div class=\"episode-single__description\"><p>Epost: Laernorsknaa@gmail.com<\/p><p>Nettside: <a href=\"https:\/\/laernorsknaa.com\/es\/intervju-med-ivar-sandnes-jaeren-trondheim-og-ski\/\">https:\/\/laernorsknaa.com\/intervju-med-ivar-sandnes-jaeren-trondheim-og-ski\/<\/a><\/p><p>YouTube:\u00a0<a href=\"https:\/\/www.youtube.com\/channel\/UCxdRJ5lW2QlUNRfff-ZoE-A\/videos\">\u2060\u2060\u2060https:\/\/www.youtube.com\/channel\/UCxdRJ5lW2QlUNRfff-ZoE-A\/videos\u2060\u2060<\/a><\/p><p><\/p><p><strong>St\u00f8tt podkasten: <\/strong><\/p><p>Patreon:\u00a0<a href=\"https:\/\/www.patreon.com\/laernorsknaa\">\u2060\u2060https:\/\/www.patreon.com\/laernorsknaa\u2060\u2060<\/a><\/p><p>Donasjon (Paypal):\u00a0<a href=\"https:\/\/www.paypal.com\/donate\/?hosted_button_id=KG22H9FPVG22N\">\u2060\u2060Doner (paypal.com)\u2060<\/a><\/p><p><\/p><p>Hei og velkommen til en ny episode av \u00abl\u00e6r norsk n\u00e5!\u00bb. I denne episoden skal vi snakke med Ivar, en venn som jeg ogs\u00e5 bor med. Og vi skal snakke om blant annet stedet han kommer fra, stedet jeg kommer fra, Trondheim og sn\u00f8 og ski. Dette vil v\u00e6re en slags samtale, s\u00e5 det er en litt annerledes episode fra det dere er vant til. Vi snakker begge p\u00e5 dialekt. Det kan nok derfor v\u00e6re litt vanskeligere \u00e5 forst\u00e5, men det gir god trening i \u00e5 kunne forst\u00e5 andre dialekter. I tillegg kan dere h\u00f8re p\u00e5 episoden flere ganger, noe som gj\u00f8r det lettere \u00e5 forst\u00e5. Kos dere!<\/p><\/div><\/div><div class=\"ppjs__img-wrapper\"><div class=\"ppjs__img-btn-cover\"><img decoding=\"async\" class=\"ppjs__img-btn\" src=\"https:\/\/laernorsknaa.com\/wp-content\/uploads\/2022\/01\/4213446-1585566143867-7d01c6beaaa3a.jpg\" srcset=\"https:\/\/laernorsknaa.com\/wp-content\/uploads\/2022\/01\/4213446-1585566143867-7d01c6beaaa3a.jpg 400w, https:\/\/laernorsknaa.com\/wp-content\/uploads\/2022\/01\/4213446-1585566143867-7d01c6beaaa3a-300x300.jpg 300w, https:\/\/laernorsknaa.com\/wp-content\/uploads\/2022\/01\/4213446-1585566143867-7d01c6beaaa3a-150x150.jpg 150w, https:\/\/laernorsknaa.com\/wp-content\/uploads\/2022\/01\/4213446-1585566143867-7d01c6beaaa3a-100x100.jpg 100w\" sizes=\"(max-width: 640px) 100vw, 300px\" alt=\"Intervju med Ivar &#8211; Sandnes, J\u00e6ren, Trondheim og ski\"><\/div><span class=\"ppjs__img-btn-style\" style=\"display: block; width: 100%; padding-top: 100%\"><\/div><\/div><\/div><\/div><\/div><div class=\"pod-content__launcher pod-launch\"><button class=\"pod-launch__button pod-launch__info pod-button\" aria-expanded=\"false\"><span class=\"ppjs__offscreen\">Mostrar la informaci\u00f3n del p\u00f3dcast<\/span><span class=\"btn-icon-wrap\"><svg class=\"icon icon-pp-podcast\" aria-hidden=\"true\" role=\"img\" focusable=\"false\"><use href=\"#icon-pp-podcast\" xlink:href=\"#icon-pp-podcast\"><\/use><\/svg><svg class=\"icon icon-pp-x\" aria-hidden=\"true\" role=\"img\" focusable=\"false\"><use href=\"#icon-pp-x\" xlink:href=\"#icon-pp-x\"><\/use><\/svg><\/span><\/button><\/div><\/div>","protected":false},"excerpt":{"rendered":"<p>Hei og velkommen til en ny episode av \u00abl\u00e6r norsk n\u00e5!\u00bb. I denne episoden skal vi snakke med Ivar, en venn som jeg ogs\u00e5 bor med. Og vi skal snakke om blant annet stedet han kommer fra, stedet jeg kommer fra, Trondheim og sn\u00f8 og ski. Dette vil v\u00e6re en slags samtale, s\u00e5 det er en litt annerledes episode fra det dere er vant til. Vi snakker begge p\u00e5 dialekt. Det kan nok derfor v\u00e6re litt vanskeligere \u00e5 forst\u00e5, men det gir god trening i \u00e5 kunne forst\u00e5 andre dialekter. I tillegg kan dere h\u00f8re p\u00e5 episoden flere ganger, noe som gj\u00f8r det lettere \u00e5 forst\u00e5. Kos dere!<\/p>","protected":false},"author":2,"featured_media":77,"comment_status":"open","ping_status":"closed","sticky":false,"template":"","format":"standard","meta":{"_monsterinsights_skip_tracking":false,"_monsterinsights_sitenote_active":false,"_monsterinsights_sitenote_note":"","_monsterinsights_sitenote_category":0,"footnotes":""},"categories":[27,5],"tags":[28,25,26],"class_list":["post-331","post","type-post","status-publish","format-standard","has-post-thumbnail","hentry","category-interview","category-podcast","tag-dialekter","tag-intervju","tag-samtaler"],"yoast_head":"<!-- This site is optimized with the Yoast SEO plugin v26.4 - https:\/\/yoast.com\/wordpress\/plugins\/seo\/ -->\n<title>Intervju med Ivar - Sandnes, J\u00e6ren, Trondheim og ski &#8211; L\u00e6r norsk n\u00e5<\/title>\n<meta name=\"robots\" content=\"index, follow, max-snippet:-1, max-image-preview:large, max-video-preview:-1\" \/>\n<link rel=\"canonical\" href=\"http:\/\/91.98.205.163:8089\/intervju-med-ivar-sandnes-jaeren-trondheim-og-ski\/\" \/>\n<meta property=\"og:locale\" content=\"es_ES\" \/>\n<meta property=\"og:type\" content=\"article\" \/>\n<meta property=\"og:title\" content=\"Intervju med Ivar - Sandnes, J\u00e6ren, Trondheim og ski &#8211; L\u00e6r norsk n\u00e5\" \/>\n<meta property=\"og:description\" content=\"Hei og velkommen til en ny episode av \u00abl\u00e6r norsk n\u00e5!\u00bb. I denne episoden skal vi snakke med Ivar, en venn som jeg ogs\u00e5 bor med. Og vi skal snakke om blant annet stedet han kommer fra, stedet jeg kommer fra, Trondheim og sn\u00f8 og ski. Dette vil v\u00e6re en slags samtale, s\u00e5 det er en litt annerledes episode fra det dere er vant til. Vi snakker begge p\u00e5 dialekt. Det kan nok derfor v\u00e6re litt vanskeligere \u00e5 forst\u00e5, men det gir god trening i \u00e5 kunne forst\u00e5 andre dialekter. I tillegg kan dere h\u00f8re p\u00e5 episoden flere ganger, noe som gj\u00f8r det lettere \u00e5 forst\u00e5. Kos dere!\" \/>\n<meta property=\"og:url\" content=\"http:\/\/91.98.205.163:8089\/intervju-med-ivar-sandnes-jaeren-trondheim-og-ski\/\" \/>\n<meta property=\"og:site_name\" content=\"L\u00e6r norsk n\u00e5\" \/>\n<meta property=\"article:published_time\" content=\"2020-11-05T10:05:00+00:00\" \/>\n<meta property=\"article:modified_time\" content=\"2021-11-30T12:46:25+00:00\" \/>\n<meta property=\"og:image\" content=\"http:\/\/91.98.205.163:8089\/wp-content\/uploads\/2020\/11\/4213446-1585566145734-5d58cfc51b26d-scaled.jpg\" \/>\n\t<meta property=\"og:image:width\" content=\"2560\" \/>\n\t<meta property=\"og:image:height\" content=\"2560\" \/>\n\t<meta property=\"og:image:type\" content=\"image\/jpeg\" \/>\n<meta name=\"author\" content=\"Marius Stangeland\" \/>\n<meta name=\"twitter:card\" content=\"summary_large_image\" \/>\n<meta name=\"twitter:label1\" content=\"Escrito por\" \/>\n\t<meta name=\"twitter:data1\" content=\"Marius Stangeland\" \/>\n\t<meta name=\"twitter:label2\" content=\"Tiempo de lectura\" \/>\n\t<meta name=\"twitter:data2\" content=\"1 minuto\" \/>\n<script type=\"application\/ld+json\" class=\"yoast-schema-graph\">{\"@context\":\"https:\/\/schema.org\",\"@graph\":[{\"@type\":\"Article\",\"@id\":\"http:\/\/91.98.205.163:8089\/intervju-med-ivar-sandnes-jaeren-trondheim-og-ski\/#article\",\"isPartOf\":{\"@id\":\"http:\/\/91.98.205.163:8089\/intervju-med-ivar-sandnes-jaeren-trondheim-og-ski\/\"},\"author\":{\"name\":\"Marius Stangeland\",\"@id\":\"http:\/\/91.98.205.163:8089\/#\/schema\/person\/372f7f766a136344430614732659b5f2\"},\"headline\":\"Intervju med Ivar &#8211; Sandnes, J\u00e6ren, Trondheim og ski\",\"datePublished\":\"2020-11-05T10:05:00+00:00\",\"dateModified\":\"2021-11-30T12:46:25+00:00\",\"mainEntityOfPage\":{\"@id\":\"http:\/\/91.98.205.163:8089\/intervju-med-ivar-sandnes-jaeren-trondheim-og-ski\/\"},\"wordCount\":83,\"commentCount\":5,\"publisher\":{\"@id\":\"http:\/\/91.98.205.163:8089\/#\/schema\/person\/372f7f766a136344430614732659b5f2\"},\"image\":{\"@id\":\"http:\/\/91.98.205.163:8089\/intervju-med-ivar-sandnes-jaeren-trondheim-og-ski\/#primaryimage\"},\"thumbnailUrl\":\"https:\/\/laernorsknaa.com\/wp-content\/uploads\/2020\/11\/4213446-1585566145734-5d58cfc51b26d-scaled.jpg\",\"keywords\":[\"dialekter\",\"intervju\",\"samtaler\"],\"articleSection\":[\"Interview\",\"Podcast\"],\"inLanguage\":\"es\",\"potentialAction\":[{\"@type\":\"CommentAction\",\"name\":\"Comment\",\"target\":[\"http:\/\/91.98.205.163:8089\/intervju-med-ivar-sandnes-jaeren-trondheim-og-ski\/#respond\"]}]},{\"@type\":\"WebPage\",\"@id\":\"http:\/\/91.98.205.163:8089\/intervju-med-ivar-sandnes-jaeren-trondheim-og-ski\/\",\"url\":\"http:\/\/91.98.205.163:8089\/intervju-med-ivar-sandnes-jaeren-trondheim-og-ski\/\",\"name\":\"Intervju med Ivar - Sandnes, J\u00e6ren, Trondheim og ski &#8211; L\u00e6r norsk n\u00e5\",\"isPartOf\":{\"@id\":\"http:\/\/91.98.205.163:8089\/#website\"},\"primaryImageOfPage\":{\"@id\":\"http:\/\/91.98.205.163:8089\/intervju-med-ivar-sandnes-jaeren-trondheim-og-ski\/#primaryimage\"},\"image\":{\"@id\":\"http:\/\/91.98.205.163:8089\/intervju-med-ivar-sandnes-jaeren-trondheim-og-ski\/#primaryimage\"},\"thumbnailUrl\":\"https:\/\/laernorsknaa.com\/wp-content\/uploads\/2020\/11\/4213446-1585566145734-5d58cfc51b26d-scaled.jpg\",\"datePublished\":\"2020-11-05T10:05:00+00:00\",\"dateModified\":\"2021-11-30T12:46:25+00:00\",\"breadcrumb\":{\"@id\":\"http:\/\/91.98.205.163:8089\/intervju-med-ivar-sandnes-jaeren-trondheim-og-ski\/#breadcrumb\"},\"inLanguage\":\"es\",\"potentialAction\":[{\"@type\":\"ReadAction\",\"target\":[\"http:\/\/91.98.205.163:8089\/intervju-med-ivar-sandnes-jaeren-trondheim-og-ski\/\"]}]},{\"@type\":\"ImageObject\",\"inLanguage\":\"es\",\"@id\":\"http:\/\/91.98.205.163:8089\/intervju-med-ivar-sandnes-jaeren-trondheim-og-ski\/#primaryimage\",\"url\":\"https:\/\/laernorsknaa.com\/wp-content\/uploads\/2020\/11\/4213446-1585566145734-5d58cfc51b26d-scaled.jpg\",\"contentUrl\":\"https:\/\/laernorsknaa.com\/wp-content\/uploads\/2020\/11\/4213446-1585566145734-5d58cfc51b26d-scaled.jpg\",\"width\":2560,\"height\":2560},{\"@type\":\"BreadcrumbList\",\"@id\":\"http:\/\/91.98.205.163:8089\/intervju-med-ivar-sandnes-jaeren-trondheim-og-ski\/#breadcrumb\",\"itemListElement\":[{\"@type\":\"ListItem\",\"position\":1,\"name\":\"Home\",\"item\":\"http:\/\/91.98.205.163:8089\/\"},{\"@type\":\"ListItem\",\"position\":2,\"name\":\"Intervju med Ivar &#8211; Sandnes, J\u00e6ren, Trondheim og ski\"}]},{\"@type\":\"WebSite\",\"@id\":\"http:\/\/91.98.205.163:8089\/#website\",\"url\":\"http:\/\/91.98.205.163:8089\/\",\"name\":\"L\u00e6r norsk n\u00e5!\",\"description\":\"Resources and podcasts to learn Norwegian\",\"publisher\":{\"@id\":\"http:\/\/91.98.205.163:8089\/#\/schema\/person\/372f7f766a136344430614732659b5f2\"},\"potentialAction\":[{\"@type\":\"SearchAction\",\"target\":{\"@type\":\"EntryPoint\",\"urlTemplate\":\"http:\/\/91.98.205.163:8089\/?s={search_term_string}\"},\"query-input\":{\"@type\":\"PropertyValueSpecification\",\"valueRequired\":true,\"valueName\":\"search_term_string\"}}],\"inLanguage\":\"es\"},{\"@type\":[\"Person\",\"Organization\"],\"@id\":\"http:\/\/91.98.205.163:8089\/#\/schema\/person\/372f7f766a136344430614732659b5f2\",\"name\":\"Marius Stangeland\",\"image\":{\"@type\":\"ImageObject\",\"inLanguage\":\"es\",\"@id\":\"http:\/\/91.98.205.163:8089\/#\/schema\/person\/image\/\",\"url\":\"https:\/\/secure.gravatar.com\/avatar\/3ed6f06da2edefcae6cf6bb78721e567c1d9117b6b5b9b98efa5ff3b8d0de5c0?s=96&d=retro&r=g\",\"contentUrl\":\"https:\/\/secure.gravatar.com\/avatar\/3ed6f06da2edefcae6cf6bb78721e567c1d9117b6b5b9b98efa5ff3b8d0de5c0?s=96&d=retro&r=g\",\"caption\":\"Marius Stangeland\"},\"logo\":{\"@id\":\"http:\/\/91.98.205.163:8089\/#\/schema\/person\/image\/\"}}]}<\/script>\n<!-- \/ Yoast SEO plugin. -->","yoast_head_json":{"title":"Intervju med Ivar - Sandnes, J\u00e6ren, Trondheim og ski &#8211; L\u00e6r norsk n\u00e5","robots":{"index":"index","follow":"follow","max-snippet":"max-snippet:-1","max-image-preview":"max-image-preview:large","max-video-preview":"max-video-preview:-1"},"canonical":"http:\/\/91.98.205.163:8089\/intervju-med-ivar-sandnes-jaeren-trondheim-og-ski\/","og_locale":"es_ES","og_type":"article","og_title":"Intervju med Ivar - Sandnes, J\u00e6ren, Trondheim og ski &#8211; L\u00e6r norsk n\u00e5","og_description":"Hei og velkommen til en ny episode av \u00abl\u00e6r norsk n\u00e5!\u00bb. I denne episoden skal vi snakke med Ivar, en venn som jeg ogs\u00e5 bor med. Og vi skal snakke om blant annet stedet han kommer fra, stedet jeg kommer fra, Trondheim og sn\u00f8 og ski. Dette vil v\u00e6re en slags samtale, s\u00e5 det er en litt annerledes episode fra det dere er vant til. Vi snakker begge p\u00e5 dialekt. Det kan nok derfor v\u00e6re litt vanskeligere \u00e5 forst\u00e5, men det gir god trening i \u00e5 kunne forst\u00e5 andre dialekter. I tillegg kan dere h\u00f8re p\u00e5 episoden flere ganger, noe som gj\u00f8r det lettere \u00e5 forst\u00e5. Kos dere!","og_url":"http:\/\/91.98.205.163:8089\/intervju-med-ivar-sandnes-jaeren-trondheim-og-ski\/","og_site_name":"L\u00e6r norsk n\u00e5","article_published_time":"2020-11-05T10:05:00+00:00","article_modified_time":"2021-11-30T12:46:25+00:00","og_image":[{"width":2560,"height":2560,"url":"http:\/\/91.98.205.163:8089\/wp-content\/uploads\/2020\/11\/4213446-1585566145734-5d58cfc51b26d-scaled.jpg","type":"image\/jpeg"}],"author":"Marius Stangeland","twitter_card":"summary_large_image","twitter_misc":{"Escrito por":"Marius Stangeland","Tiempo de lectura":"1 minuto"},"schema":{"@context":"https:\/\/schema.org","@graph":[{"@type":"Article","@id":"http:\/\/91.98.205.163:8089\/intervju-med-ivar-sandnes-jaeren-trondheim-og-ski\/#article","isPartOf":{"@id":"http:\/\/91.98.205.163:8089\/intervju-med-ivar-sandnes-jaeren-trondheim-og-ski\/"},"author":{"name":"Marius Stangeland","@id":"http:\/\/91.98.205.163:8089\/#\/schema\/person\/372f7f766a136344430614732659b5f2"},"headline":"Intervju med Ivar &#8211; Sandnes, J\u00e6ren, Trondheim og ski","datePublished":"2020-11-05T10:05:00+00:00","dateModified":"2021-11-30T12:46:25+00:00","mainEntityOfPage":{"@id":"http:\/\/91.98.205.163:8089\/intervju-med-ivar-sandnes-jaeren-trondheim-og-ski\/"},"wordCount":83,"commentCount":5,"publisher":{"@id":"http:\/\/91.98.205.163:8089\/#\/schema\/person\/372f7f766a136344430614732659b5f2"},"image":{"@id":"http:\/\/91.98.205.163:8089\/intervju-med-ivar-sandnes-jaeren-trondheim-og-ski\/#primaryimage"},"thumbnailUrl":"https:\/\/laernorsknaa.com\/wp-content\/uploads\/2020\/11\/4213446-1585566145734-5d58cfc51b26d-scaled.jpg","keywords":["dialekter","intervju","samtaler"],"articleSection":["Interview","Podcast"],"inLanguage":"es","potentialAction":[{"@type":"CommentAction","name":"Comment","target":["http:\/\/91.98.205.163:8089\/intervju-med-ivar-sandnes-jaeren-trondheim-og-ski\/#respond"]}]},{"@type":"WebPage","@id":"http:\/\/91.98.205.163:8089\/intervju-med-ivar-sandnes-jaeren-trondheim-og-ski\/","url":"http:\/\/91.98.205.163:8089\/intervju-med-ivar-sandnes-jaeren-trondheim-og-ski\/","name":"Intervju med Ivar - Sandnes, J\u00e6ren, Trondheim og ski &#8211; L\u00e6r norsk n\u00e5","isPartOf":{"@id":"http:\/\/91.98.205.163:8089\/#website"},"primaryImageOfPage":{"@id":"http:\/\/91.98.205.163:8089\/intervju-med-ivar-sandnes-jaeren-trondheim-og-ski\/#primaryimage"},"image":{"@id":"http:\/\/91.98.205.163:8089\/intervju-med-ivar-sandnes-jaeren-trondheim-og-ski\/#primaryimage"},"thumbnailUrl":"https:\/\/laernorsknaa.com\/wp-content\/uploads\/2020\/11\/4213446-1585566145734-5d58cfc51b26d-scaled.jpg","datePublished":"2020-11-05T10:05:00+00:00","dateModified":"2021-11-30T12:46:25+00:00","breadcrumb":{"@id":"http:\/\/91.98.205.163:8089\/intervju-med-ivar-sandnes-jaeren-trondheim-og-ski\/#breadcrumb"},"inLanguage":"es","potentialAction":[{"@type":"ReadAction","target":["http:\/\/91.98.205.163:8089\/intervju-med-ivar-sandnes-jaeren-trondheim-og-ski\/"]}]},{"@type":"ImageObject","inLanguage":"es","@id":"http:\/\/91.98.205.163:8089\/intervju-med-ivar-sandnes-jaeren-trondheim-og-ski\/#primaryimage","url":"https:\/\/laernorsknaa.com\/wp-content\/uploads\/2020\/11\/4213446-1585566145734-5d58cfc51b26d-scaled.jpg","contentUrl":"https:\/\/laernorsknaa.com\/wp-content\/uploads\/2020\/11\/4213446-1585566145734-5d58cfc51b26d-scaled.jpg","width":2560,"height":2560},{"@type":"BreadcrumbList","@id":"http:\/\/91.98.205.163:8089\/intervju-med-ivar-sandnes-jaeren-trondheim-og-ski\/#breadcrumb","itemListElement":[{"@type":"ListItem","position":1,"name":"Home","item":"http:\/\/91.98.205.163:8089\/"},{"@type":"ListItem","position":2,"name":"Intervju med Ivar &#8211; Sandnes, J\u00e6ren, Trondheim og ski"}]},{"@type":"WebSite","@id":"http:\/\/91.98.205.163:8089\/#website","url":"http:\/\/91.98.205.163:8089\/","name":"L\u00e6r norsk n\u00e5!","description":"Recursos y podcasts para aprender noruego","publisher":{"@id":"http:\/\/91.98.205.163:8089\/#\/schema\/person\/372f7f766a136344430614732659b5f2"},"potentialAction":[{"@type":"SearchAction","target":{"@type":"EntryPoint","urlTemplate":"http:\/\/91.98.205.163:8089\/?s={search_term_string}"},"query-input":{"@type":"PropertyValueSpecification","valueRequired":true,"valueName":"search_term_string"}}],"inLanguage":"es"},{"@type":["Person","Organization"],"@id":"http:\/\/91.98.205.163:8089\/#\/schema\/person\/372f7f766a136344430614732659b5f2","name":"Marius Stangeland","image":{"@type":"ImageObject","inLanguage":"es","@id":"http:\/\/91.98.205.163:8089\/#\/schema\/person\/image\/","url":"https:\/\/secure.gravatar.com\/avatar\/3ed6f06da2edefcae6cf6bb78721e567c1d9117b6b5b9b98efa5ff3b8d0de5c0?s=96&d=retro&r=g","contentUrl":"https:\/\/secure.gravatar.com\/avatar\/3ed6f06da2edefcae6cf6bb78721e567c1d9117b6b5b9b98efa5ff3b8d0de5c0?s=96&d=retro&r=g","caption":"Marius Stangeland"},"logo":{"@id":"http:\/\/91.98.205.163:8089\/#\/schema\/person\/image\/"}}]}},"_links":{"self":[{"href":"https:\/\/laernorsknaa.com\/es\/wp-json\/wp\/v2\/posts\/331","targetHints":{"allow":["GET"]}}],"collection":[{"href":"https:\/\/laernorsknaa.com\/es\/wp-json\/wp\/v2\/posts"}],"about":[{"href":"https:\/\/laernorsknaa.com\/es\/wp-json\/wp\/v2\/types\/post"}],"author":[{"embeddable":true,"href":"https:\/\/laernorsknaa.com\/es\/wp-json\/wp\/v2\/users\/2"}],"replies":[{"embeddable":true,"href":"https:\/\/laernorsknaa.com\/es\/wp-json\/wp\/v2\/comments?post=331"}],"version-history":[{"count":3,"href":"https:\/\/laernorsknaa.com\/es\/wp-json\/wp\/v2\/posts\/331\/revisions"}],"predecessor-version":[{"id":2293,"href":"https:\/\/laernorsknaa.com\/es\/wp-json\/wp\/v2\/posts\/331\/revisions\/2293"}],"wp:featuredmedia":[{"embeddable":true,"href":"https:\/\/laernorsknaa.com\/es\/wp-json\/wp\/v2\/media\/77"}],"wp:attachment":[{"href":"https:\/\/laernorsknaa.com\/es\/wp-json\/wp\/v2\/media?parent=331"}],"wp:term":[{"taxonomy":"category","embeddable":true,"href":"https:\/\/laernorsknaa.com\/es\/wp-json\/wp\/v2\/categories?post=331"},{"taxonomy":"post_tag","embeddable":true,"href":"https:\/\/laernorsknaa.com\/es\/wp-json\/wp\/v2\/tags?post=331"}],"curies":[{"name":"wp","href":"https:\/\/api.w.org\/{rel}","templated":true}]}}