{"id":33295,"date":"2023-10-14T22:03:15","date_gmt":"2023-10-14T21:03:15","guid":{"rendered":"http:\/\/91.98.205.163:8089\/?p=33295"},"modified":"2023-10-14T22:05:35","modified_gmt":"2023-10-14T21:05:35","slug":"nyheter-samisk-demonstrasjon-mot-vindmollene-pa-fosen","status":"publish","type":"post","link":"https:\/\/laernorsknaa.com\/es\/nyheter-samisk-demonstrasjon-mot-vindmollene-pa-fosen\/","title":{"rendered":"Nyheter: Samisk demonstrasjon mot vindm\u00f8llene p\u00e5 Fosen"},"content":{"rendered":"<p>14 oktober 2021 | 9 minutt <\/p>\n\n\n\t\t\t<style type=\"text\/css\">#pp-podcast-7474 a, .pp-modal-window .modal-7474 a, .pp-modal-window .aux-modal-7474 a, #pp-podcast-7474 .ppjs__more { color: #c8102e; } #pp-podcast-7474:not(.modern) .ppjs__audio .ppjs__button.ppjs__playpause-button button *, #pp-podcast-7474:not(.modern) .ppjs__audio .ppjs__button.ppjs__playpause-button button:hover *, #pp-podcast-7474:not(.modern) .ppjs__audio .ppjs__button.ppjs__playpause-button button:focus *, .pp-modal-window .modal-7474 .ppjs__audio .ppjs__button.ppjs__playpause-button button *, .pp-modal-window .modal-7474 .ppjs__audio .ppjs__button.ppjs__playpause-button button:hover *, .pp-modal-window .modal-7474 .ppjs__audio .ppjs__button.ppjs__playpause-button button:focus *, .pp-modal-window .aux-modal-7474 .pod-entry__play *, .pp-modal-window .aux-modal-7474 .pod-entry__play:hover * { color: #c8102e !important; } #pp-podcast-7474.postview .episode-list__load-more, .pp-modal-window .aux-modal-7474 .episode-list__load-more, #pp-podcast-7474:not(.modern) .ppjs__time-handle-content, .modal-7474 .ppjs__time-handle-content { border-color: #c8102e !important; } #pp-podcast-7474:not(.modern) .ppjs__audio-time-rail, #pp-podcast-7474.lv3 .pod-entry__play, #pp-podcast-7474.lv4 .pod-entry__play, #pp-podcast-7474.gv2 .pod-entry__play, #pp-podcast-7474.modern.wide-player .ppjs__audio .ppjs__button.ppjs__playpause-button button, #pp-podcast-7474.modern.wide-player .ppjs__audio .ppjs__button.ppjs__playpause-button button:hover, #pp-podcast-7474.modern.wide-player .ppjs__audio .ppjs__button.ppjs__playpause-button button:focus, .pp-modal-window .modal-7474 button.episode-list__load-more, .pp-modal-window .modal-7474 .ppjs__audio-time-rail, .pp-modal-window .modal-7474 button.pp-modal-close { background-color: #c8102e !important; } #pp-podcast-7474 .hasCover .ppjs__audio .ppjs__button.ppjs__playpause-button button { background-color: rgba(0, 0, 0, 0.5) !important; } .pp-modal-window .modal-7474 button.episode-list__load-more:hover, .pp-modal-window .modal-7474 button.episode-list__load-more:focus, .pp-modal-window .aux-modal-7474 button.episode-list__load-more:hover, .pp-modal-window .aux-modal-7474 button.episode-list__load-more:focus { background-color: rgba( 200,16,46, 0.7 ) !important; } #pp-podcast-7474 .ppjs__button.toggled-on, .pp-modal-window .modal-7474 .ppjs__button.toggled-on, #pp-podcast-7474.playerview .pod-entry.activeEpisode, .pp-modal-window .modal-7474.playerview .pod-entry.activeEpisode { background-color: rgba( 200,16,46, 0.1 ); } #pp-podcast-7474.postview .episode-list__load-more { background-color: transparent !important; } #pp-podcast-7474.modern:not(.wide-player) .ppjs__audio .ppjs__button.ppjs__playpause-button button *, #pp-podcast-7474.modern:not(.wide-player) .ppjs__audio .ppjs__button.ppjs__playpause-button button:hover *, #pp-podcast-7474.modern:not(.wide-player) .ppjs__audio .ppjs__button.ppjs__playpause-button button:focus * { color: #c8102e !important; } #pp-podcast-7474.modern:not(.wide-player) .ppjs__time-handle-content { border-color: #c8102e !important; } #pp-podcast-7474.modern:not(.wide-player) .ppjs__audio-time-rail { background-color: #c8102e !important; } #pp-podcast-7474, .modal-7474, .aux-modal-7474 { --pp-accent-color: #c8102e; }<\/style>\n\t\t\t<div id=\"pp-podcast-7474\" class=\"pp-podcast single-episode has-header header-hidden has-featured playerview media-audio\"  data-teaser=\"\" data-elength=\"25\" data-eunit=\"\" data-ppsdata=\"{&quot;ppe-7474-1&quot;:{&quot;title&quot;:&quot;Nyheter: Samisk demonstrasjon mot vindm\\u00f8llene p\\u00e5 Fosen&quot;,&quot;description&quot;:&quot;&lt;p&gt;Epost: Laernorsknaa@gmail.com&lt;\\\/p&gt;\\n&lt;p&gt;Episoden p\\u00e5 nettstedet: &lt;\\\/p&gt;\\n&lt;p&gt;Patreon:\\u00a0&lt;a href=\\&quot;https:\\\/\\\/www.patreon.com\\\/laernorsknaa\\&quot; target=\\&quot;_blank\\&quot; rel=\\&quot;ugc noopener noreferrer\\&quot;&gt;https:\\\/\\\/www.patreon.com\\\/laernorsknaa&lt;\\\/a&gt;&lt;\\\/p&gt;\\n&lt;p&gt;Donasjon (Paypal):\\u00a0&lt;a href=\\&quot;https:\\\/\\\/www.paypal.com\\\/donate?token=-yR0zEJ65wE-69zvoB17FdXGd7Gh1fXTKI5CsvjA2jbcQcV9KgR35SBYpH6JD5ofFImlLCuCuNuinHyh\\&quot; target=\\&quot;_blank\\&quot; rel=\\&quot;ugc noopener noreferrer\\&quot;&gt;https:\\\/\\\/www.paypal.com\\\/donate?token=-yR0zEJ65wE-69zvoB17FdXGd7Gh1fXTKI5CsvjA2jbcQcV9KgR35SBYpH6JD5ofFImlLCuCuNuinHyh&lt;\\\/a&gt;&lt;\\\/p&gt;\\n&lt;p&gt;\\n&lt;strong&gt;YouTube:\\u00a0&lt;\\\/strong&gt;&lt;a href=\\&quot;https:\\\/\\\/www.youtube.com\\\/channel\\\/UCxdRJ5lW2QlUNRfff-ZoE-A\\\/videos\\&quot; target=\\&quot;_blank\\&quot; rel=\\&quot;ugc noopener noreferrer\\&quot;&gt;https:\\\/\\\/www.youtube.com\\\/channel\\\/UCxdRJ5lW2QlUNRfff-ZoE-A\\\/videos&lt;\\\/a&gt;&lt;\\\/p&gt;\\n&lt;p&gt;&lt;\\\/p&gt;\\n&lt;p&gt;\\n&lt;a href=\\&quot;https:\\\/\\\/www.nrk.no\\\/trondelag\\\/fosen-aksjonistene-lenker-seg-fast-utenfor-olje--og-energidepartementet-1.16594153\\&quot;&gt;Fosen-aksjonistene lenker seg fast utenfor Olje- og energidepartementet \\u2013 NRK Tr\\u00f8ndelag \\u2013 Lokale nyheter, TV og radio&lt;\\\/a&gt;&lt;\\\/p&gt;&lt;\\\/p&gt;\\n&quot;,&quot;author&quot;:&quot;Marius Stangeland&quot;,&quot;date&quot;:&quot;14-10-2023&quot;,&quot;link&quot;:&quot;https:\\\/\\\/podcasters.spotify.com\\\/pod\\\/show\\\/marius-stangeland\\\/episodes\\\/Nyheter-Samisk-demonstrasjon-mot-vindmllene-p-Fosen-e2aj2h3&quot;,&quot;src&quot;:&quot;https:\\\/\\\/anchor.fm\\\/s\\\/19b5cbd8\\\/podcast\\\/play\\\/77219811\\\/https%3A%2F%2Fd3ctxlq1ktw2nl.cloudfront.net%2Fstaging%2F2023-9-14%2F941c715c-7768-b42b-ed30-1e78da19d422.mp3&quot;,&quot;featured&quot;:&quot;https:\\\/\\\/laernorsknaa.com\\\/wp-content\\\/uploads\\\/2023\\\/10\\\/4213446-1697316944360-efb1dc9143b6f-768x768.jpg&quot;,&quot;featured_id&quot;:33311,&quot;mediatype&quot;:&quot;audio&quot;,&quot;season&quot;:0,&quot;categories&quot;:[],&quot;duration&quot;:&quot;08:58&quot;,&quot;episodetype&quot;:&quot;full&quot;,&quot;timestamp&quot;:1697317477,&quot;key&quot;:&quot;30068a9feaf9c9aadc123e6ff8744fc2&quot;,&quot;fset&quot;:&quot;https:\\\/\\\/laernorsknaa.com\\\/wp-content\\\/uploads\\\/2023\\\/10\\\/4213446-1697316944360-efb1dc9143b6f-768x768.jpg 768w, https:\\\/\\\/laernorsknaa.com\\\/wp-content\\\/uploads\\\/2023\\\/10\\\/4213446-1697316944360-efb1dc9143b6f-300x300.jpg 300w, https:\\\/\\\/laernorsknaa.com\\\/wp-content\\\/uploads\\\/2023\\\/10\\\/4213446-1697316944360-efb1dc9143b6f-1024x1024.jpg 1024w, https:\\\/\\\/laernorsknaa.com\\\/wp-content\\\/uploads\\\/2023\\\/10\\\/4213446-1697316944360-efb1dc9143b6f-150x150.jpg 150w, https:\\\/\\\/laernorsknaa.com\\\/wp-content\\\/uploads\\\/2023\\\/10\\\/4213446-1697316944360-efb1dc9143b6f-1536x1536.jpg 1536w, https:\\\/\\\/laernorsknaa.com\\\/wp-content\\\/uploads\\\/2023\\\/10\\\/4213446-1697316944360-efb1dc9143b6f-2048x2048.jpg 2048w, https:\\\/\\\/laernorsknaa.com\\\/wp-content\\\/uploads\\\/2023\\\/10\\\/4213446-1697316944360-efb1dc9143b6f-12x12.jpg 12w, https:\\\/\\\/laernorsknaa.com\\\/wp-content\\\/uploads\\\/2023\\\/10\\\/4213446-1697316944360-efb1dc9143b6f-100x100.jpg 100w&quot;,&quot;fratio&quot;:1},&quot;load_info&quot;:{&quot;loaded&quot;:1,&quot;displayed&quot;:1,&quot;offset&quot;:0,&quot;maxItems&quot;:1,&quot;src&quot;:&quot;b17db09ac4978c39be4e5d07ad0221d4&quot;,&quot;step&quot;:1,&quot;sortby&quot;:&quot;sort_date_desc&quot;,&quot;filterby&quot;:&quot;Nyheter: Samisk demonstrasjon mot vindm\\u00f8llene p\\u00e5 Fosen&quot;,&quot;fixed&quot;:&quot;&quot;,&quot;args&quot;:{&quot;imgurl&quot;:&quot;https:\\\/\\\/d3t3ozftmdmh3i.cloudfront.net\\\/production\\\/podcast_uploaded\\\/4213446\\\/4213446-1585566145786-524dbdb4bc3cb.jpg&quot;,&quot;imgset&quot;:&quot;&quot;,&quot;display&quot;:&quot;&quot;,&quot;hddesc&quot;:0,&quot;hdfeat&quot;:0,&quot;oricov&quot;:&quot;https:\\\/\\\/d3t3ozftmdmh3i.cloudfront.net\\\/production\\\/podcast_uploaded\\\/4213446\\\/4213446-1585566145786-524dbdb4bc3cb.jpg&quot;,&quot;elength&quot;:25}},&quot;rdata&quot;:{&quot;permalink&quot;:&quot;https:\\\/\\\/laernorsknaa.com\\\/es\\\/wp-json\\\/wp\\\/v2\\\/posts\\\/33295&quot;,&quot;fprint&quot;:&quot;b17db09ac4978c39be4e5d07ad0221d4&quot;,&quot;from&quot;:&quot;feedurl&quot;,&quot;elen&quot;:25,&quot;eunit&quot;:&quot;&quot;,&quot;teaser&quot;:&quot;&quot;,&quot;title&quot;:&quot;L\\u00e6r norsk n\\u00e5!&quot;,&quot;autoplay&quot;:&quot;&quot;}}\"><div class=\"pp-podcast__wrapper\"><div class=\"pp-podcast__info pod-info\"><div class=\"pod-info__header pod-header\"><div class=\"pod-header__image\"><div class=\"pod-header__image-wrapper\"><img decoding=\"async\" class=\"podcast-cover-image\" src=\"https:\/\/d3t3ozftmdmh3i.cloudfront.net\/production\/podcast_uploaded\/4213446\/4213446-1585566145786-524dbdb4bc3cb.jpg\" srcset=\"\" sizes=\"(max-width: 640px) 100vw, 25vw\" alt=\"L\u00e6r norsk n\u00e5!\"><\/div><span class=\"pod-header__image-style\" style=\"display: block; width: 100%; padding-top: 100%\"><\/div><div class=\"pod-header__items pod-items\"><div class=\"pod-items__title\">L\u00e6r norsk n\u00e5!<\/div><div class=\"pod-items__desc\"><p>\u201cL\u00e6r Norsk N\u00e5!\u201d is a podcast for the intermediate Norwegian learner (B1-B2) who wants to listen to authentic Norwegian spoken in a clear and slow manner. Transcriptions for the episodes are easily available at the website for the podcast, providing textual support for the spoken material. The podcast deals with many different topics including history, culture, science, literature, the Norwegian language and more; this provides the learner with a range of different topics in Norwegian, leading to ample opportunity to improve one\u2019s Norwegian. It is also a fun and engaging way of learning!<\/p>\n<\/div><div class=\"pod-items__navi-menu\"><a href=\"https:\/\/podcasts.apple.com\/us\/podcast\/l%C3%A6r-norsk-n%C3%A5\/id1509716748\" class=\"subscribe-item pp-badge apple-sub\" target=\"_blank\"><svg class=\"icon icon-pp-apple\" aria-hidden=\"true\" role=\"img\" focusable=\"false\"><use href=\"#icon-pp-apple\" xlink:href=\"#icon-pp-apple\"><\/use><\/svg><span class=\"sub-text\"><span class=\"sub-listen-text\">Esc\u00fachalo en:<\/span><span class=\"sub-item-text\">Apple Podcasts<\/span><\/span><\/a><a href=\"https:\/\/podcasts.google.com\/feed\/aHR0cHM6Ly9hbmNob3IuZm0vcy8xOWI1Y2JkOC9wb2RjYXN0L3Jzcw==\" class=\"subscribe-item pp-badge google-sub\" target=\"_blank\"><svg class=\"icon icon-pp-google\" aria-hidden=\"true\" role=\"img\" focusable=\"false\"><use href=\"#icon-pp-google\" xlink:href=\"#icon-pp-google\"><\/use><\/svg><span class=\"sub-text\"><span class=\"sub-listen-text\">Esc\u00fachalo en:<\/span><span class=\"sub-item-text\"><span>Google <\/span><span style=\"font-weight: normal;\">P\u00f3dcast<\/span><\/span><\/span><\/a><a href=\"https:\/\/open.spotify.com\/show\/6GWf9sFwRSFcGZMAeFPyvY\" class=\"subscribe-item pp-badge spotify-sub\" target=\"_blank\"><span class=\"sub-text\"><span class=\"sub-listen-text\">Esc\u00fachalo en:<\/span><\/span><svg class=\"icon icon-pp-spotify\" aria-hidden=\"true\" role=\"img\" focusable=\"false\"><use href=\"#icon-pp-spotify\" xlink:href=\"#icon-pp-spotify\"><\/use><\/svg><span class=\"sub-text\"><span class=\"sub-item-text\">Spotify<\/span><\/span><\/a><\/div><\/div><\/div><\/div><div class=\"pp-podcast__content pod-content\"><div class=\"pp-podcast__single\"><div class=\"pp-podcast__player\"><div class=\"pp-player-episode\"><audio id=\"pp-podcast-7474-player\" preload=\"none\" class=\"pp-podcast-episode\" style=\"width: 100%;\" controls=\"controls\"><source type=\"audio\/mpeg\" src=\"https:\/\/anchor.fm\/s\/19b5cbd8\/podcast\/play\/77219811\/https%3A%2F%2Fd3ctxlq1ktw2nl.cloudfront.net%2Fstaging%2F2023-9-14%2F941c715c-7768-b42b-ed30-1e78da19d422.mp3\" \/><\/audio><\/div><\/div><div class=\"pod-content__episode episode-single\"><button class=\"episode-single__close\" aria-expanded=\"false\" aria-label=\"Cerrar el episodio individual\"><span class=\"btn-icon-wrap\"><svg class=\"icon icon-pp-x\" aria-hidden=\"true\" role=\"img\" focusable=\"false\"><use href=\"#icon-pp-x\" xlink:href=\"#icon-pp-x\"><\/use><\/svg><\/span><\/button><div class=\"episode-single__wrapper\"><div class=\"episode-single__header\"><div class=\"episode-single__title\">Nyheter: Samisk demonstrasjon mot vindm\u00f8llene p\u00e5 Fosen<\/div><div class=\"episode-single__author\"><span class=\"byname\">por<\/span><span class=\"single-author\">Marius Stangeland<\/span><\/div><\/div><div class=\"episode-single__description\"><p>Epost: Laernorsknaa@gmail.com<\/p><p>Episoden p\u00e5 nettstedet: <\/p><p>Patreon:\u00a0<a href=\"https:\/\/www.patreon.com\/laernorsknaa\" target=\"_blank\" rel=\"ugc noopener noreferrer\">https:\/\/www.patreon.com\/laernorsknaa<\/a><\/p><p>Donasjon (Paypal):\u00a0<a href=\"https:\/\/www.paypal.com\/donate?token=-yR0zEJ65wE-69zvoB17FdXGd7Gh1fXTKI5CsvjA2jbcQcV9KgR35SBYpH6JD5ofFImlLCuCuNuinHyh\" target=\"_blank\" rel=\"ugc noopener noreferrer\">https:\/\/www.paypal.com\/donate?token=-yR0zEJ65wE-69zvoB17FdXGd7Gh1fXTKI5CsvjA2jbcQcV9KgR35SBYpH6JD5ofFImlLCuCuNuinHyh<\/a><\/p><p><strong>YouTube:\u00a0<\/strong><a href=\"https:\/\/www.youtube.com\/channel\/UCxdRJ5lW2QlUNRfff-ZoE-A\/videos\" target=\"_blank\" rel=\"ugc noopener noreferrer\">https:\/\/www.youtube.com\/channel\/UCxdRJ5lW2QlUNRfff-ZoE-A\/videos<\/a><\/p><p><\/p><p><a href=\"https:\/\/www.nrk.no\/trondelag\/fosen-aksjonistene-lenker-seg-fast-utenfor-olje--og-energidepartementet-1.16594153\">Fosen-aksjonistene lenker seg fast utenfor Olje- og energidepartementet \u2013 NRK Tr\u00f8ndelag \u2013 Lokale nyheter, TV og radio<\/a><\/p><\/p><\/div><\/div><div class=\"ppjs__img-wrapper\"><div class=\"ppjs__img-btn-cover\"><img decoding=\"async\" class=\"ppjs__img-btn\" src=\"https:\/\/laernorsknaa.com\/wp-content\/uploads\/2023\/10\/4213446-1697316944360-efb1dc9143b6f-768x768.jpg\" srcset=\"https:\/\/laernorsknaa.com\/wp-content\/uploads\/2023\/10\/4213446-1697316944360-efb1dc9143b6f-768x768.jpg 768w, https:\/\/laernorsknaa.com\/wp-content\/uploads\/2023\/10\/4213446-1697316944360-efb1dc9143b6f-300x300.jpg 300w, https:\/\/laernorsknaa.com\/wp-content\/uploads\/2023\/10\/4213446-1697316944360-efb1dc9143b6f-1024x1024.jpg 1024w, https:\/\/laernorsknaa.com\/wp-content\/uploads\/2023\/10\/4213446-1697316944360-efb1dc9143b6f-150x150.jpg 150w, https:\/\/laernorsknaa.com\/wp-content\/uploads\/2023\/10\/4213446-1697316944360-efb1dc9143b6f-1536x1536.jpg 1536w, https:\/\/laernorsknaa.com\/wp-content\/uploads\/2023\/10\/4213446-1697316944360-efb1dc9143b6f-2048x2048.jpg 2048w, https:\/\/laernorsknaa.com\/wp-content\/uploads\/2023\/10\/4213446-1697316944360-efb1dc9143b6f-12x12.jpg 12w, https:\/\/laernorsknaa.com\/wp-content\/uploads\/2023\/10\/4213446-1697316944360-efb1dc9143b6f-100x100.jpg 100w\" sizes=\"(max-width: 640px) 100vw, 300px\" alt=\"Nyheter: Samisk demonstrasjon mot vindm\u00f8llene p\u00e5 Fosen\"><\/div><span class=\"ppjs__img-btn-style\" style=\"display: block; width: 100%; padding-top: 100%\"><\/div><\/div><\/div><\/div><\/div><div class=\"pod-content__launcher pod-launch\"><button class=\"pod-launch__button pod-launch__info pod-button\" aria-expanded=\"false\"><span class=\"ppjs__offscreen\">Mostrar la informaci\u00f3n del p\u00f3dcast<\/span><span class=\"btn-icon-wrap\"><svg class=\"icon icon-pp-podcast\" aria-hidden=\"true\" role=\"img\" focusable=\"false\"><use href=\"#icon-pp-podcast\" xlink:href=\"#icon-pp-podcast\"><\/use><\/svg><svg class=\"icon icon-pp-x\" aria-hidden=\"true\" role=\"img\" focusable=\"false\"><use href=\"#icon-pp-x\" xlink:href=\"#icon-pp-x\"><\/use><\/svg><\/span><\/button><\/div><\/div>\n\n\n<h2 class=\"wp-block-heading\"><\/h2>\n\n\n\n<div class=\"wp-block-group transcript has-background\" style=\"background-color:#eff8ff\"><div class=\"wp-block-group__inner-container is-layout-flow wp-block-group-is-layout-flow\">\n<p>Epost: Laernorsknaa@gmail.com<\/p>\n\n\n\n<p>Patreon:&nbsp;<a href=\"https:\/\/www.patreon.com\/laernorsknaa\">\u2060https:\/\/www.patreon.com\/laernorsknaa\u2060<\/a><\/p>\n\n\n\n<p>Donasjon (Paypal):&nbsp;<a href=\"https:\/\/www.paypal.com\/donate?token=-yR0zEJ65wE-69zvoB17FdXGd7Gh1fXTKI5CsvjA2jbcQcV9KgR35SBYpH6JD5ofFImlLCuCuNuinHyh\">\u2060https:\/\/www.paypal.com\/donate?token=-yR0zEJ65wE-69zvoB17FdXGd7Gh1fXTKI5CsvjA2jbcQcV9KgR35SBYpH6JD5ofFImlLCuCuNuinHyh\u2060<\/a><\/p>\n\n\n\n<p><strong>YouTube:&nbsp;<\/strong><a href=\"https:\/\/www.youtube.com\/channel\/UCxdRJ5lW2QlUNRfff-ZoE-A\/videos\">\u2060https:\/\/www.youtube.com\/channel\/UCxdRJ5lW2QlUNRfff-ZoE-A\/videos<\/a><\/p>\n\n\n\n<p><\/p>\n\n\n\n<p style=\"font-size:33px\"><strong>Les mer:<\/strong><\/p>\n\n\n\n<p><a href=\"https:\/\/www.nrk.no\/sapmi\/-dette-er-fosen-saken-1.16591367\">https:\/\/www.nrk.no\/sapmi\/-dette-er-fosen-saken-1.16591367<\/a><\/p>\n\n\n\n<p><a href=\"https:\/\/www.nrk.no\/sapmi\/fosen-dommen-1.16310799\">Fosen-dommen \u2013 NRK S\u00e1pmi &#8211; samiske nyheter, kultur og underholdning<\/a><\/p>\n\n\n\n<p><a href=\"https:\/\/www.nrk.no\/trondelag\/fosen-aksjonistene-skal-demonstrere-ved-statkraft_-_-tjener-seg-sokkrike-pa-dette-1.16592602\">Fosen-aksjonistene skal demonstrere ved Statkraft: \u2013 Tjener seg s\u00f8kkrike p\u00e5 dette \u2013 NRK Tr\u00f8ndelag \u2013 Lokale nyheter, TV og radio<\/a><\/p>\n\n\n\n<p><a href=\"https:\/\/www.vg.no\/nyheter\/innenriks\/i\/Xb14V7\/fosen-aksjonistene-flytter-seg-til-statkraft\">Greta Thunberg i Oslo p\u00e5 Fosen-aksjon: \u2013 Det er sterkt og r\u00f8rende &#8211; VG<\/a><\/p>\n\n\n\n<p><a href=\"https:\/\/www.nrk.no\/trondelag\/fosen-aksjonistene-lenker-seg-fast-utenfor-olje--og-energidepartementet-1.16594153\">Fosen-aksjonistene lenker seg fast utenfor Olje- og energidepartementet \u2013 NRK Tr\u00f8ndelag \u2013 Lokale nyheter, TV og radio<\/a><\/p>\n\n\n\n<p><a href=\"https:\/\/no.wikipedia.org\/wiki\/Fosen-saken\">Fosen-saken \u2013 Wikipedia<\/a><\/p>\n\n\n\n<p><a href=\"https:\/\/snl.no\/Fosen-saken\">https:\/\/snl.no\/Fosen-saken<\/a><\/p>\n<\/div><\/div>","protected":false},"excerpt":{"rendered":"<p>Fosen-saken dreier seg om konflikten mellom to vindkraftverk p\u00e5 Fosen i Tr\u00f8ndelag og reindriftssamenes rettigheter. I 2010 fikk Norges Vassdrags- og energidirektorat tillatelse til \u00e5 bygge disse vindkraftverkene, til tross for at de ligger i vinterbeiteomr\u00e5det til Fosen reinbeitedistrikt. Dette f\u00f8rte til rettssaker som endte opp i H\u00f8yesterett i 2021. H\u00f8yesterett konkluderte med at tillatelsene krenket reindriftssamenes rett til kulturut\u00f8velse, som er beskyttet av FNs konvensjon om sivile og politiske rettigheter. Dommen gjorde vedtaket ugyldig, men det ble ikke bestemt hva som skulle skje med vindkraftverkene. Samtidig er vindkraftverkene fortsatt i drift, noe som har skapt frustrasjon og demonstrasjoner blant samene. Dommen p\u00e5legger staten \u00e5 reparere og kompensere for menneskerettsbruddet, samt \u00e5 foreta tiltak for \u00e5 forhindre lignende krenkelser i fremtiden.<\/p>","protected":false},"author":2,"featured_media":33300,"comment_status":"open","ping_status":"closed","sticky":false,"template":"","format":"standard","meta":{"_monsterinsights_skip_tracking":false,"_monsterinsights_sitenote_active":false,"_monsterinsights_sitenote_note":"","_monsterinsights_sitenote_category":0,"footnotes":""},"categories":[5],"tags":[875,876],"class_list":["post-33295","post","type-post","status-publish","format-standard","has-post-thumbnail","hentry","category-podcast","tag-fosen","tag-nyheter"],"yoast_head":"<!-- This site is optimized with the Yoast SEO plugin v26.4 - https:\/\/yoast.com\/wordpress\/plugins\/seo\/ -->\n<title>Nyheter: Samisk demonstrasjon mot vindm\u00f8llene p\u00e5 Fosen &#8211; L\u00e6r norsk n\u00e5<\/title>\n<meta name=\"robots\" content=\"index, follow, max-snippet:-1, max-image-preview:large, max-video-preview:-1\" \/>\n<link rel=\"canonical\" href=\"http:\/\/91.98.205.163:8089\/nyheter-samisk-demonstrasjon-mot-vindmollene-pa-fosen\/\" \/>\n<meta property=\"og:locale\" content=\"es_ES\" \/>\n<meta property=\"og:type\" content=\"article\" \/>\n<meta property=\"og:title\" content=\"Nyheter: Samisk demonstrasjon mot vindm\u00f8llene p\u00e5 Fosen &#8211; L\u00e6r norsk n\u00e5\" \/>\n<meta property=\"og:description\" content=\"Fosen-saken dreier seg om konflikten mellom to vindkraftverk p\u00e5 Fosen i Tr\u00f8ndelag og reindriftssamenes rettigheter. I 2010 fikk Norges Vassdrags- og energidirektorat tillatelse til \u00e5 bygge disse vindkraftverkene, til tross for at de ligger i vinterbeiteomr\u00e5det til Fosen reinbeitedistrikt. Dette f\u00f8rte til rettssaker som endte opp i H\u00f8yesterett i 2021. H\u00f8yesterett konkluderte med at tillatelsene krenket reindriftssamenes rett til kulturut\u00f8velse, som er beskyttet av FNs konvensjon om sivile og politiske rettigheter. Dommen gjorde vedtaket ugyldig, men det ble ikke bestemt hva som skulle skje med vindkraftverkene. Samtidig er vindkraftverkene fortsatt i drift, noe som har skapt frustrasjon og demonstrasjoner blant samene. Dommen p\u00e5legger staten \u00e5 reparere og kompensere for menneskerettsbruddet, samt \u00e5 foreta tiltak for \u00e5 forhindre lignende krenkelser i fremtiden.\" \/>\n<meta property=\"og:url\" content=\"http:\/\/91.98.205.163:8089\/nyheter-samisk-demonstrasjon-mot-vindmollene-pa-fosen\/\" \/>\n<meta property=\"og:site_name\" content=\"L\u00e6r norsk n\u00e5\" \/>\n<meta property=\"article:published_time\" content=\"2023-10-14T21:03:15+00:00\" \/>\n<meta property=\"article:modified_time\" content=\"2023-10-14T21:05:35+00:00\" \/>\n<meta property=\"og:image\" content=\"http:\/\/91.98.205.163:8089\/wp-content\/uploads\/2023\/10\/Fosen-aksjoneb-min.png\" \/>\n\t<meta property=\"og:image:width\" content=\"1273\" \/>\n\t<meta property=\"og:image:height\" content=\"712\" \/>\n\t<meta property=\"og:image:type\" content=\"image\/png\" \/>\n<meta name=\"author\" content=\"Marius Stangeland\" \/>\n<meta name=\"twitter:card\" content=\"summary_large_image\" \/>\n<meta name=\"twitter:label1\" content=\"Escrito por\" \/>\n\t<meta name=\"twitter:data1\" content=\"Marius Stangeland\" \/>\n\t<meta name=\"twitter:label2\" content=\"Tiempo de lectura\" \/>\n\t<meta name=\"twitter:data2\" content=\"1 minuto\" \/>\n<script type=\"application\/ld+json\" class=\"yoast-schema-graph\">{\"@context\":\"https:\/\/schema.org\",\"@graph\":[{\"@type\":\"Article\",\"@id\":\"http:\/\/91.98.205.163:8089\/nyheter-samisk-demonstrasjon-mot-vindmollene-pa-fosen\/#article\",\"isPartOf\":{\"@id\":\"http:\/\/91.98.205.163:8089\/nyheter-samisk-demonstrasjon-mot-vindmollene-pa-fosen\/\"},\"author\":{\"name\":\"Marius Stangeland\",\"@id\":\"http:\/\/91.98.205.163:8089\/#\/schema\/person\/372f7f766a136344430614732659b5f2\"},\"headline\":\"Nyheter: Samisk demonstrasjon mot vindm\u00f8llene p\u00e5 Fosen\",\"datePublished\":\"2023-10-14T21:03:15+00:00\",\"dateModified\":\"2023-10-14T21:05:35+00:00\",\"mainEntityOfPage\":{\"@id\":\"http:\/\/91.98.205.163:8089\/nyheter-samisk-demonstrasjon-mot-vindmollene-pa-fosen\/\"},\"wordCount\":196,\"commentCount\":0,\"publisher\":{\"@id\":\"http:\/\/91.98.205.163:8089\/#\/schema\/person\/372f7f766a136344430614732659b5f2\"},\"image\":{\"@id\":\"http:\/\/91.98.205.163:8089\/nyheter-samisk-demonstrasjon-mot-vindmollene-pa-fosen\/#primaryimage\"},\"thumbnailUrl\":\"https:\/\/laernorsknaa.com\/wp-content\/uploads\/2023\/10\/Fosen-aksjoneb-min.png\",\"keywords\":[\"Fosen\",\"Nyheter\"],\"articleSection\":[\"Podcast\"],\"inLanguage\":\"es\",\"potentialAction\":[{\"@type\":\"CommentAction\",\"name\":\"Comment\",\"target\":[\"http:\/\/91.98.205.163:8089\/nyheter-samisk-demonstrasjon-mot-vindmollene-pa-fosen\/#respond\"]}]},{\"@type\":\"WebPage\",\"@id\":\"http:\/\/91.98.205.163:8089\/nyheter-samisk-demonstrasjon-mot-vindmollene-pa-fosen\/\",\"url\":\"http:\/\/91.98.205.163:8089\/nyheter-samisk-demonstrasjon-mot-vindmollene-pa-fosen\/\",\"name\":\"Nyheter: Samisk demonstrasjon mot vindm\u00f8llene p\u00e5 Fosen &#8211; L\u00e6r norsk n\u00e5\",\"isPartOf\":{\"@id\":\"http:\/\/91.98.205.163:8089\/#website\"},\"primaryImageOfPage\":{\"@id\":\"http:\/\/91.98.205.163:8089\/nyheter-samisk-demonstrasjon-mot-vindmollene-pa-fosen\/#primaryimage\"},\"image\":{\"@id\":\"http:\/\/91.98.205.163:8089\/nyheter-samisk-demonstrasjon-mot-vindmollene-pa-fosen\/#primaryimage\"},\"thumbnailUrl\":\"https:\/\/laernorsknaa.com\/wp-content\/uploads\/2023\/10\/Fosen-aksjoneb-min.png\",\"datePublished\":\"2023-10-14T21:03:15+00:00\",\"dateModified\":\"2023-10-14T21:05:35+00:00\",\"breadcrumb\":{\"@id\":\"http:\/\/91.98.205.163:8089\/nyheter-samisk-demonstrasjon-mot-vindmollene-pa-fosen\/#breadcrumb\"},\"inLanguage\":\"es\",\"potentialAction\":[{\"@type\":\"ReadAction\",\"target\":[\"http:\/\/91.98.205.163:8089\/nyheter-samisk-demonstrasjon-mot-vindmollene-pa-fosen\/\"]}]},{\"@type\":\"ImageObject\",\"inLanguage\":\"es\",\"@id\":\"http:\/\/91.98.205.163:8089\/nyheter-samisk-demonstrasjon-mot-vindmollene-pa-fosen\/#primaryimage\",\"url\":\"https:\/\/laernorsknaa.com\/wp-content\/uploads\/2023\/10\/Fosen-aksjoneb-min.png\",\"contentUrl\":\"https:\/\/laernorsknaa.com\/wp-content\/uploads\/2023\/10\/Fosen-aksjoneb-min.png\",\"width\":1273,\"height\":712},{\"@type\":\"BreadcrumbList\",\"@id\":\"http:\/\/91.98.205.163:8089\/nyheter-samisk-demonstrasjon-mot-vindmollene-pa-fosen\/#breadcrumb\",\"itemListElement\":[{\"@type\":\"ListItem\",\"position\":1,\"name\":\"Home\",\"item\":\"http:\/\/91.98.205.163:8089\/\"},{\"@type\":\"ListItem\",\"position\":2,\"name\":\"Nyheter: Samisk demonstrasjon mot vindm\u00f8llene p\u00e5 Fosen\"}]},{\"@type\":\"WebSite\",\"@id\":\"http:\/\/91.98.205.163:8089\/#website\",\"url\":\"http:\/\/91.98.205.163:8089\/\",\"name\":\"L\u00e6r norsk n\u00e5!\",\"description\":\"Resources and podcasts to learn Norwegian\",\"publisher\":{\"@id\":\"http:\/\/91.98.205.163:8089\/#\/schema\/person\/372f7f766a136344430614732659b5f2\"},\"potentialAction\":[{\"@type\":\"SearchAction\",\"target\":{\"@type\":\"EntryPoint\",\"urlTemplate\":\"http:\/\/91.98.205.163:8089\/?s={search_term_string}\"},\"query-input\":{\"@type\":\"PropertyValueSpecification\",\"valueRequired\":true,\"valueName\":\"search_term_string\"}}],\"inLanguage\":\"es\"},{\"@type\":[\"Person\",\"Organization\"],\"@id\":\"http:\/\/91.98.205.163:8089\/#\/schema\/person\/372f7f766a136344430614732659b5f2\",\"name\":\"Marius Stangeland\",\"image\":{\"@type\":\"ImageObject\",\"inLanguage\":\"es\",\"@id\":\"http:\/\/91.98.205.163:8089\/#\/schema\/person\/image\/\",\"url\":\"https:\/\/secure.gravatar.com\/avatar\/3ed6f06da2edefcae6cf6bb78721e567c1d9117b6b5b9b98efa5ff3b8d0de5c0?s=96&d=retro&r=g\",\"contentUrl\":\"https:\/\/secure.gravatar.com\/avatar\/3ed6f06da2edefcae6cf6bb78721e567c1d9117b6b5b9b98efa5ff3b8d0de5c0?s=96&d=retro&r=g\",\"caption\":\"Marius Stangeland\"},\"logo\":{\"@id\":\"http:\/\/91.98.205.163:8089\/#\/schema\/person\/image\/\"}}]}<\/script>\n<!-- \/ Yoast SEO plugin. -->","yoast_head_json":{"title":"Nyheter: Samisk demonstrasjon mot vindm\u00f8llene p\u00e5 Fosen &#8211; L\u00e6r norsk n\u00e5","robots":{"index":"index","follow":"follow","max-snippet":"max-snippet:-1","max-image-preview":"max-image-preview:large","max-video-preview":"max-video-preview:-1"},"canonical":"http:\/\/91.98.205.163:8089\/nyheter-samisk-demonstrasjon-mot-vindmollene-pa-fosen\/","og_locale":"es_ES","og_type":"article","og_title":"Nyheter: Samisk demonstrasjon mot vindm\u00f8llene p\u00e5 Fosen &#8211; L\u00e6r norsk n\u00e5","og_description":"Fosen-saken dreier seg om konflikten mellom to vindkraftverk p\u00e5 Fosen i Tr\u00f8ndelag og reindriftssamenes rettigheter. I 2010 fikk Norges Vassdrags- og energidirektorat tillatelse til \u00e5 bygge disse vindkraftverkene, til tross for at de ligger i vinterbeiteomr\u00e5det til Fosen reinbeitedistrikt. Dette f\u00f8rte til rettssaker som endte opp i H\u00f8yesterett i 2021. H\u00f8yesterett konkluderte med at tillatelsene krenket reindriftssamenes rett til kulturut\u00f8velse, som er beskyttet av FNs konvensjon om sivile og politiske rettigheter. Dommen gjorde vedtaket ugyldig, men det ble ikke bestemt hva som skulle skje med vindkraftverkene. Samtidig er vindkraftverkene fortsatt i drift, noe som har skapt frustrasjon og demonstrasjoner blant samene. Dommen p\u00e5legger staten \u00e5 reparere og kompensere for menneskerettsbruddet, samt \u00e5 foreta tiltak for \u00e5 forhindre lignende krenkelser i fremtiden.","og_url":"http:\/\/91.98.205.163:8089\/nyheter-samisk-demonstrasjon-mot-vindmollene-pa-fosen\/","og_site_name":"L\u00e6r norsk n\u00e5","article_published_time":"2023-10-14T21:03:15+00:00","article_modified_time":"2023-10-14T21:05:35+00:00","og_image":[{"width":1273,"height":712,"url":"http:\/\/91.98.205.163:8089\/wp-content\/uploads\/2023\/10\/Fosen-aksjoneb-min.png","type":"image\/png"}],"author":"Marius Stangeland","twitter_card":"summary_large_image","twitter_misc":{"Escrito por":"Marius Stangeland","Tiempo de lectura":"1 minuto"},"schema":{"@context":"https:\/\/schema.org","@graph":[{"@type":"Article","@id":"http:\/\/91.98.205.163:8089\/nyheter-samisk-demonstrasjon-mot-vindmollene-pa-fosen\/#article","isPartOf":{"@id":"http:\/\/91.98.205.163:8089\/nyheter-samisk-demonstrasjon-mot-vindmollene-pa-fosen\/"},"author":{"name":"Marius Stangeland","@id":"http:\/\/91.98.205.163:8089\/#\/schema\/person\/372f7f766a136344430614732659b5f2"},"headline":"Nyheter: Samisk demonstrasjon mot vindm\u00f8llene p\u00e5 Fosen","datePublished":"2023-10-14T21:03:15+00:00","dateModified":"2023-10-14T21:05:35+00:00","mainEntityOfPage":{"@id":"http:\/\/91.98.205.163:8089\/nyheter-samisk-demonstrasjon-mot-vindmollene-pa-fosen\/"},"wordCount":196,"commentCount":0,"publisher":{"@id":"http:\/\/91.98.205.163:8089\/#\/schema\/person\/372f7f766a136344430614732659b5f2"},"image":{"@id":"http:\/\/91.98.205.163:8089\/nyheter-samisk-demonstrasjon-mot-vindmollene-pa-fosen\/#primaryimage"},"thumbnailUrl":"https:\/\/laernorsknaa.com\/wp-content\/uploads\/2023\/10\/Fosen-aksjoneb-min.png","keywords":["Fosen","Nyheter"],"articleSection":["Podcast"],"inLanguage":"es","potentialAction":[{"@type":"CommentAction","name":"Comment","target":["http:\/\/91.98.205.163:8089\/nyheter-samisk-demonstrasjon-mot-vindmollene-pa-fosen\/#respond"]}]},{"@type":"WebPage","@id":"http:\/\/91.98.205.163:8089\/nyheter-samisk-demonstrasjon-mot-vindmollene-pa-fosen\/","url":"http:\/\/91.98.205.163:8089\/nyheter-samisk-demonstrasjon-mot-vindmollene-pa-fosen\/","name":"Nyheter: Samisk demonstrasjon mot vindm\u00f8llene p\u00e5 Fosen &#8211; L\u00e6r norsk n\u00e5","isPartOf":{"@id":"http:\/\/91.98.205.163:8089\/#website"},"primaryImageOfPage":{"@id":"http:\/\/91.98.205.163:8089\/nyheter-samisk-demonstrasjon-mot-vindmollene-pa-fosen\/#primaryimage"},"image":{"@id":"http:\/\/91.98.205.163:8089\/nyheter-samisk-demonstrasjon-mot-vindmollene-pa-fosen\/#primaryimage"},"thumbnailUrl":"https:\/\/laernorsknaa.com\/wp-content\/uploads\/2023\/10\/Fosen-aksjoneb-min.png","datePublished":"2023-10-14T21:03:15+00:00","dateModified":"2023-10-14T21:05:35+00:00","breadcrumb":{"@id":"http:\/\/91.98.205.163:8089\/nyheter-samisk-demonstrasjon-mot-vindmollene-pa-fosen\/#breadcrumb"},"inLanguage":"es","potentialAction":[{"@type":"ReadAction","target":["http:\/\/91.98.205.163:8089\/nyheter-samisk-demonstrasjon-mot-vindmollene-pa-fosen\/"]}]},{"@type":"ImageObject","inLanguage":"es","@id":"http:\/\/91.98.205.163:8089\/nyheter-samisk-demonstrasjon-mot-vindmollene-pa-fosen\/#primaryimage","url":"https:\/\/laernorsknaa.com\/wp-content\/uploads\/2023\/10\/Fosen-aksjoneb-min.png","contentUrl":"https:\/\/laernorsknaa.com\/wp-content\/uploads\/2023\/10\/Fosen-aksjoneb-min.png","width":1273,"height":712},{"@type":"BreadcrumbList","@id":"http:\/\/91.98.205.163:8089\/nyheter-samisk-demonstrasjon-mot-vindmollene-pa-fosen\/#breadcrumb","itemListElement":[{"@type":"ListItem","position":1,"name":"Home","item":"http:\/\/91.98.205.163:8089\/"},{"@type":"ListItem","position":2,"name":"Nyheter: Samisk demonstrasjon mot vindm\u00f8llene p\u00e5 Fosen"}]},{"@type":"WebSite","@id":"http:\/\/91.98.205.163:8089\/#website","url":"http:\/\/91.98.205.163:8089\/","name":"L\u00e6r norsk n\u00e5!","description":"Recursos y podcasts para aprender noruego","publisher":{"@id":"http:\/\/91.98.205.163:8089\/#\/schema\/person\/372f7f766a136344430614732659b5f2"},"potentialAction":[{"@type":"SearchAction","target":{"@type":"EntryPoint","urlTemplate":"http:\/\/91.98.205.163:8089\/?s={search_term_string}"},"query-input":{"@type":"PropertyValueSpecification","valueRequired":true,"valueName":"search_term_string"}}],"inLanguage":"es"},{"@type":["Person","Organization"],"@id":"http:\/\/91.98.205.163:8089\/#\/schema\/person\/372f7f766a136344430614732659b5f2","name":"Marius Stangeland","image":{"@type":"ImageObject","inLanguage":"es","@id":"http:\/\/91.98.205.163:8089\/#\/schema\/person\/image\/","url":"https:\/\/secure.gravatar.com\/avatar\/3ed6f06da2edefcae6cf6bb78721e567c1d9117b6b5b9b98efa5ff3b8d0de5c0?s=96&d=retro&r=g","contentUrl":"https:\/\/secure.gravatar.com\/avatar\/3ed6f06da2edefcae6cf6bb78721e567c1d9117b6b5b9b98efa5ff3b8d0de5c0?s=96&d=retro&r=g","caption":"Marius Stangeland"},"logo":{"@id":"http:\/\/91.98.205.163:8089\/#\/schema\/person\/image\/"}}]}},"_links":{"self":[{"href":"https:\/\/laernorsknaa.com\/es\/wp-json\/wp\/v2\/posts\/33295","targetHints":{"allow":["GET"]}}],"collection":[{"href":"https:\/\/laernorsknaa.com\/es\/wp-json\/wp\/v2\/posts"}],"about":[{"href":"https:\/\/laernorsknaa.com\/es\/wp-json\/wp\/v2\/types\/post"}],"author":[{"embeddable":true,"href":"https:\/\/laernorsknaa.com\/es\/wp-json\/wp\/v2\/users\/2"}],"replies":[{"embeddable":true,"href":"https:\/\/laernorsknaa.com\/es\/wp-json\/wp\/v2\/comments?post=33295"}],"version-history":[{"count":3,"href":"https:\/\/laernorsknaa.com\/es\/wp-json\/wp\/v2\/posts\/33295\/revisions"}],"predecessor-version":[{"id":33303,"href":"https:\/\/laernorsknaa.com\/es\/wp-json\/wp\/v2\/posts\/33295\/revisions\/33303"}],"wp:featuredmedia":[{"embeddable":true,"href":"https:\/\/laernorsknaa.com\/es\/wp-json\/wp\/v2\/media\/33300"}],"wp:attachment":[{"href":"https:\/\/laernorsknaa.com\/es\/wp-json\/wp\/v2\/media?parent=33295"}],"wp:term":[{"taxonomy":"category","embeddable":true,"href":"https:\/\/laernorsknaa.com\/es\/wp-json\/wp\/v2\/categories?post=33295"},{"taxonomy":"post_tag","embeddable":true,"href":"https:\/\/laernorsknaa.com\/es\/wp-json\/wp\/v2\/tags?post=33295"}],"curies":[{"name":"wp","href":"https:\/\/api.w.org\/{rel}","templated":true}]}}