{"id":38585,"date":"2023-11-23T07:00:00","date_gmt":"2023-11-23T06:00:00","guid":{"rendered":"http:\/\/91.98.205.163:8089\/?p=38585"},"modified":"2023-11-05T10:41:08","modified_gmt":"2023-11-05T09:41:08","slug":"108-forholdet-mellom-norge-og-tyskland","status":"publish","type":"post","link":"https:\/\/laernorsknaa.com\/es\/108-forholdet-mellom-norge-og-tyskland\/","title":{"rendered":"108 &#8211; Forholdet mellom Tyskland og Norge"},"content":{"rendered":"<p>23 november 2023 | 9 minutt<\/p>\n\n\n\t\t\t<style type=\"text\/css\">#pp-podcast-9278 a, .pp-modal-window .modal-9278 a, .pp-modal-window .aux-modal-9278 a, #pp-podcast-9278 .ppjs__more { color: #c8102e; } #pp-podcast-9278:not(.modern) .ppjs__audio .ppjs__button.ppjs__playpause-button button *, #pp-podcast-9278:not(.modern) .ppjs__audio .ppjs__button.ppjs__playpause-button button:hover *, #pp-podcast-9278:not(.modern) .ppjs__audio .ppjs__button.ppjs__playpause-button button:focus *, .pp-modal-window .modal-9278 .ppjs__audio .ppjs__button.ppjs__playpause-button button *, .pp-modal-window .modal-9278 .ppjs__audio .ppjs__button.ppjs__playpause-button button:hover *, .pp-modal-window .modal-9278 .ppjs__audio .ppjs__button.ppjs__playpause-button button:focus *, .pp-modal-window .aux-modal-9278 .pod-entry__play *, .pp-modal-window .aux-modal-9278 .pod-entry__play:hover * { color: #c8102e !important; } #pp-podcast-9278.postview .episode-list__load-more, .pp-modal-window .aux-modal-9278 .episode-list__load-more, #pp-podcast-9278:not(.modern) .ppjs__time-handle-content, .modal-9278 .ppjs__time-handle-content { border-color: #c8102e !important; } #pp-podcast-9278:not(.modern) .ppjs__audio-time-rail, #pp-podcast-9278.lv3 .pod-entry__play, #pp-podcast-9278.lv4 .pod-entry__play, #pp-podcast-9278.gv2 .pod-entry__play, #pp-podcast-9278.modern.wide-player .ppjs__audio .ppjs__button.ppjs__playpause-button button, #pp-podcast-9278.modern.wide-player .ppjs__audio .ppjs__button.ppjs__playpause-button button:hover, #pp-podcast-9278.modern.wide-player .ppjs__audio .ppjs__button.ppjs__playpause-button button:focus, .pp-modal-window .modal-9278 button.episode-list__load-more, .pp-modal-window .modal-9278 .ppjs__audio-time-rail, .pp-modal-window .modal-9278 button.pp-modal-close { background-color: #c8102e !important; } #pp-podcast-9278 .hasCover .ppjs__audio .ppjs__button.ppjs__playpause-button button { background-color: rgba(0, 0, 0, 0.5) !important; } .pp-modal-window .modal-9278 button.episode-list__load-more:hover, .pp-modal-window .modal-9278 button.episode-list__load-more:focus, .pp-modal-window .aux-modal-9278 button.episode-list__load-more:hover, .pp-modal-window .aux-modal-9278 button.episode-list__load-more:focus { background-color: rgba( 200,16,46, 0.7 ) !important; } #pp-podcast-9278 .ppjs__button.toggled-on, .pp-modal-window .modal-9278 .ppjs__button.toggled-on, #pp-podcast-9278.playerview .pod-entry.activeEpisode, .pp-modal-window .modal-9278.playerview .pod-entry.activeEpisode { background-color: rgba( 200,16,46, 0.1 ); } #pp-podcast-9278.postview .episode-list__load-more { background-color: transparent !important; } #pp-podcast-9278.modern:not(.wide-player) .ppjs__audio .ppjs__button.ppjs__playpause-button button *, #pp-podcast-9278.modern:not(.wide-player) .ppjs__audio .ppjs__button.ppjs__playpause-button button:hover *, #pp-podcast-9278.modern:not(.wide-player) .ppjs__audio .ppjs__button.ppjs__playpause-button button:focus * { color: #c8102e !important; } #pp-podcast-9278.modern:not(.wide-player) .ppjs__time-handle-content { border-color: #c8102e !important; } #pp-podcast-9278.modern:not(.wide-player) .ppjs__audio-time-rail { background-color: #c8102e !important; } #pp-podcast-9278, .modal-9278, .aux-modal-9278 { --pp-accent-color: #c8102e; }<\/style>\n\t\t\t<div id=\"pp-podcast-9278\" class=\"pp-podcast single-episode has-header header-hidden has-featured playerview media-audio\"  data-teaser=\"\" data-elength=\"25\" data-eunit=\"\" data-ppsdata=\"{&quot;ppe-9278-1&quot;:{&quot;title&quot;:&quot;108 &#8211; Forholdet mellom Tyskland og Norge&quot;,&quot;description&quot;:&quot;&lt;p&gt;Epost: Laernorsknaa@gmail.com&lt;\\\/p&gt;\\n&lt;p&gt;Episoden p\\u00e5 nettstedet:\\u00a0\\u2060 &lt;a href=\\&quot;https:\\\/\\\/laernorsknaa.com\\\/108-forholdet-mellom-norge-og-tyskland\\\/\\&quot; target=\\&quot;_blank\\&quot; rel=\\&quot;noopener noreferer\\&quot;&gt;https:\\\/\\\/laernorsknaa.com\\\/108-forholdet-mellom-norge-og-tyskland\\\/&lt;\\\/a&gt;&lt;\\\/p&gt;\\n&lt;p&gt;YouTube:\\u00a0&lt;a href=\\&quot;https:\\\/\\\/www.youtube.com\\\/channel\\\/UCxdRJ5lW2QlUNRfff-ZoE-A\\\/videos\\&quot;&gt;\\u2060\\u2060https:\\\/\\\/www.youtube.com\\\/channel\\\/UCxdRJ5lW2QlUNRfff-ZoE-A\\\/videos\\u2060&lt;\\\/a&gt;&lt;\\\/p&gt;\\n&lt;p&gt;&lt;\\\/p&gt;\\n&lt;p&gt;&lt;strong&gt;St\\u00f8tt podkasten: &lt;\\\/strong&gt;&lt;\\\/p&gt;\\n&lt;p&gt;Patreon:\\u00a0&lt;a href=\\&quot;https:\\\/\\\/www.patreon.com\\\/laernorsknaa\\&quot;&gt;\\u2060https:\\\/\\\/www.patreon.com\\\/laernorsknaa\\u2060&lt;\\\/a&gt;&lt;\\\/p&gt;\\n&lt;p&gt;Donasjon (Paypal):\\u00a0&lt;a href=\\&quot;https:\\\/\\\/www.paypal.com\\\/donate\\\/?hosted_button_id=KG22H9FPVG22N\\&quot;&gt;\\u2060Doner (paypal.com)\\u2060&lt;\\\/a&gt;&lt;\\\/p&gt;\\n&lt;p&gt;&lt;\\\/p&gt;\\n&quot;,&quot;author&quot;:&quot;Marius Stangeland&quot;,&quot;date&quot;:&quot;23-11-2023&quot;,&quot;link&quot;:&quot;https:\\\/\\\/podcasters.spotify.com\\\/pod\\\/show\\\/marius-stangeland\\\/episodes\\\/108---Forholdet-mellom-Tyskland-og-Norge-e2bgk9o&quot;,&quot;src&quot;:&quot;https:\\\/\\\/anchor.fm\\\/s\\\/19b5cbd8\\\/podcast\\\/play\\\/78188280\\\/https%3A%2F%2Fd3ctxlq1ktw2nl.cloudfront.net%2Fstaging%2F2023-10-5%2F46cc77d6-aa23-cfa9-67d4-7c9c64a8153d.mp3&quot;,&quot;featured&quot;:&quot;https:\\\/\\\/laernorsknaa.com\\\/wp-content\\\/uploads\\\/2023\\\/11\\\/4213446-1699177223145-204a73ad5a30b-1-768x768.jpg&quot;,&quot;featured_id&quot;:43560,&quot;mediatype&quot;:&quot;audio&quot;,&quot;season&quot;:0,&quot;categories&quot;:[],&quot;duration&quot;:&quot;08:51&quot;,&quot;episodetype&quot;:&quot;full&quot;,&quot;timestamp&quot;:1700719200,&quot;key&quot;:&quot;09a4c4dfd159fed468a2599f256028ba&quot;,&quot;fset&quot;:&quot;https:\\\/\\\/laernorsknaa.com\\\/wp-content\\\/uploads\\\/2023\\\/11\\\/4213446-1699177223145-204a73ad5a30b-1-768x768.jpg 768w, https:\\\/\\\/laernorsknaa.com\\\/wp-content\\\/uploads\\\/2023\\\/11\\\/4213446-1699177223145-204a73ad5a30b-1-300x300.jpg 300w, https:\\\/\\\/laernorsknaa.com\\\/wp-content\\\/uploads\\\/2023\\\/11\\\/4213446-1699177223145-204a73ad5a30b-1-1024x1024.jpg 1024w, https:\\\/\\\/laernorsknaa.com\\\/wp-content\\\/uploads\\\/2023\\\/11\\\/4213446-1699177223145-204a73ad5a30b-1-150x150.jpg 150w, https:\\\/\\\/laernorsknaa.com\\\/wp-content\\\/uploads\\\/2023\\\/11\\\/4213446-1699177223145-204a73ad5a30b-1-1536x1536.jpg 1536w, https:\\\/\\\/laernorsknaa.com\\\/wp-content\\\/uploads\\\/2023\\\/11\\\/4213446-1699177223145-204a73ad5a30b-1-2048x2048.jpg 2048w, https:\\\/\\\/laernorsknaa.com\\\/wp-content\\\/uploads\\\/2023\\\/11\\\/4213446-1699177223145-204a73ad5a30b-1-12x12.jpg 12w, https:\\\/\\\/laernorsknaa.com\\\/wp-content\\\/uploads\\\/2023\\\/11\\\/4213446-1699177223145-204a73ad5a30b-1-100x100.jpg 100w&quot;,&quot;fratio&quot;:1},&quot;load_info&quot;:{&quot;loaded&quot;:1,&quot;displayed&quot;:1,&quot;offset&quot;:0,&quot;maxItems&quot;:1,&quot;src&quot;:&quot;b17db09ac4978c39be4e5d07ad0221d4&quot;,&quot;step&quot;:1,&quot;sortby&quot;:&quot;sort_date_desc&quot;,&quot;filterby&quot;:&quot;108 - Forholdet mellom Tyskland og Norge&quot;,&quot;fixed&quot;:&quot;&quot;,&quot;args&quot;:{&quot;imgurl&quot;:&quot;https:\\\/\\\/d3t3ozftmdmh3i.cloudfront.net\\\/production\\\/podcast_uploaded\\\/4213446\\\/4213446-1585566145786-524dbdb4bc3cb.jpg&quot;,&quot;imgset&quot;:&quot;&quot;,&quot;display&quot;:&quot;&quot;,&quot;hddesc&quot;:0,&quot;hdfeat&quot;:0,&quot;oricov&quot;:&quot;https:\\\/\\\/d3t3ozftmdmh3i.cloudfront.net\\\/production\\\/podcast_uploaded\\\/4213446\\\/4213446-1585566145786-524dbdb4bc3cb.jpg&quot;,&quot;elength&quot;:25}},&quot;rdata&quot;:{&quot;permalink&quot;:&quot;https:\\\/\\\/laernorsknaa.com\\\/es\\\/wp-json\\\/wp\\\/v2\\\/posts\\\/38585&quot;,&quot;fprint&quot;:&quot;b17db09ac4978c39be4e5d07ad0221d4&quot;,&quot;from&quot;:&quot;feedurl&quot;,&quot;elen&quot;:25,&quot;eunit&quot;:&quot;&quot;,&quot;teaser&quot;:&quot;&quot;,&quot;title&quot;:&quot;L\\u00e6r norsk n\\u00e5!&quot;,&quot;autoplay&quot;:&quot;&quot;}}\"><div class=\"pp-podcast__wrapper\"><div class=\"pp-podcast__info pod-info\"><div class=\"pod-info__header pod-header\"><div class=\"pod-header__image\"><div class=\"pod-header__image-wrapper\"><img decoding=\"async\" class=\"podcast-cover-image\" src=\"https:\/\/d3t3ozftmdmh3i.cloudfront.net\/production\/podcast_uploaded\/4213446\/4213446-1585566145786-524dbdb4bc3cb.jpg\" srcset=\"\" sizes=\"(max-width: 640px) 100vw, 25vw\" alt=\"L\u00e6r norsk n\u00e5!\"><\/div><span class=\"pod-header__image-style\" style=\"display: block; width: 100%; padding-top: 100%\"><\/div><div class=\"pod-header__items pod-items\"><div class=\"pod-items__title\">L\u00e6r norsk n\u00e5!<\/div><div class=\"pod-items__desc\"><p>\u201cL\u00e6r Norsk N\u00e5!\u201d is a podcast for the intermediate Norwegian learner (B1-B2) who wants to listen to authentic Norwegian spoken in a clear and slow manner. Transcriptions for the episodes are easily available at the website for the podcast, providing textual support for the spoken material. The podcast deals with many different topics including history, culture, science, literature, the Norwegian language and more; this provides the learner with a range of different topics in Norwegian, leading to ample opportunity to improve one\u2019s Norwegian. It is also a fun and engaging way of learning!<\/p>\n<\/div><div class=\"pod-items__navi-menu\"><a href=\"https:\/\/podcasts.apple.com\/us\/podcast\/l%C3%A6r-norsk-n%C3%A5\/id1509716748\" class=\"subscribe-item pp-badge apple-sub\" target=\"_blank\"><svg class=\"icon icon-pp-apple\" aria-hidden=\"true\" role=\"img\" focusable=\"false\"><use href=\"#icon-pp-apple\" xlink:href=\"#icon-pp-apple\"><\/use><\/svg><span class=\"sub-text\"><span class=\"sub-listen-text\">Esc\u00fachalo en:<\/span><span class=\"sub-item-text\">Apple Podcasts<\/span><\/span><\/a><a href=\"https:\/\/podcasts.google.com\/feed\/aHR0cHM6Ly9hbmNob3IuZm0vcy8xOWI1Y2JkOC9wb2RjYXN0L3Jzcw==\" class=\"subscribe-item pp-badge google-sub\" target=\"_blank\"><svg class=\"icon icon-pp-google\" aria-hidden=\"true\" role=\"img\" focusable=\"false\"><use href=\"#icon-pp-google\" xlink:href=\"#icon-pp-google\"><\/use><\/svg><span class=\"sub-text\"><span class=\"sub-listen-text\">Esc\u00fachalo en:<\/span><span class=\"sub-item-text\"><span>Google <\/span><span style=\"font-weight: normal;\">P\u00f3dcast<\/span><\/span><\/span><\/a><a href=\"https:\/\/open.spotify.com\/show\/6GWf9sFwRSFcGZMAeFPyvY\" class=\"subscribe-item pp-badge spotify-sub\" target=\"_blank\"><span class=\"sub-text\"><span class=\"sub-listen-text\">Esc\u00fachalo en:<\/span><\/span><svg class=\"icon icon-pp-spotify\" aria-hidden=\"true\" role=\"img\" focusable=\"false\"><use href=\"#icon-pp-spotify\" xlink:href=\"#icon-pp-spotify\"><\/use><\/svg><span class=\"sub-text\"><span class=\"sub-item-text\">Spotify<\/span><\/span><\/a><\/div><\/div><\/div><\/div><div class=\"pp-podcast__content pod-content\"><div class=\"pp-podcast__single\"><div class=\"pp-podcast__player\"><div class=\"pp-player-episode\"><audio id=\"pp-podcast-9278-player\" preload=\"none\" class=\"pp-podcast-episode\" style=\"width: 100%;\" controls=\"controls\"><source type=\"audio\/mpeg\" src=\"https:\/\/anchor.fm\/s\/19b5cbd8\/podcast\/play\/78188280\/https%3A%2F%2Fd3ctxlq1ktw2nl.cloudfront.net%2Fstaging%2F2023-10-5%2F46cc77d6-aa23-cfa9-67d4-7c9c64a8153d.mp3\" \/><\/audio><\/div><\/div><div class=\"pod-content__episode episode-single\"><button class=\"episode-single__close\" aria-expanded=\"false\" aria-label=\"Cerrar el episodio individual\"><span class=\"btn-icon-wrap\"><svg class=\"icon icon-pp-x\" aria-hidden=\"true\" role=\"img\" focusable=\"false\"><use href=\"#icon-pp-x\" xlink:href=\"#icon-pp-x\"><\/use><\/svg><\/span><\/button><div class=\"episode-single__wrapper\"><div class=\"episode-single__header\"><div class=\"episode-single__title\">108 &#8211; Forholdet mellom Tyskland og Norge<\/div><div class=\"episode-single__author\"><span class=\"byname\">por<\/span><span class=\"single-author\">Marius Stangeland<\/span><\/div><\/div><div class=\"episode-single__description\"><p>Epost: Laernorsknaa@gmail.com<\/p><p>Episoden p\u00e5 nettstedet:\u00a0\u2060 <a href=\"https:\/\/laernorsknaa.com\/es\/108-forholdet-mellom-norge-og-tyskland\/\" target=\"_blank\" rel=\"noopener noreferer\">https:\/\/laernorsknaa.com\/108-forholdet-mellom-norge-og-tyskland\/<\/a><\/p><p>YouTube:\u00a0<a href=\"https:\/\/www.youtube.com\/channel\/UCxdRJ5lW2QlUNRfff-ZoE-A\/videos\">\u2060\u2060https:\/\/www.youtube.com\/channel\/UCxdRJ5lW2QlUNRfff-ZoE-A\/videos\u2060<\/a><\/p><p><\/p><p><strong>St\u00f8tt podkasten: <\/strong><\/p><p>Patreon:\u00a0<a href=\"https:\/\/www.patreon.com\/laernorsknaa\">\u2060https:\/\/www.patreon.com\/laernorsknaa\u2060<\/a><\/p><p>Donasjon (Paypal):\u00a0<a href=\"https:\/\/www.paypal.com\/donate\/?hosted_button_id=KG22H9FPVG22N\">\u2060Doner (paypal.com)\u2060<\/a><\/p><p><\/p><\/div><\/div><div class=\"ppjs__img-wrapper\"><div class=\"ppjs__img-btn-cover\"><img decoding=\"async\" class=\"ppjs__img-btn\" src=\"https:\/\/laernorsknaa.com\/wp-content\/uploads\/2023\/11\/4213446-1699177223145-204a73ad5a30b-1-768x768.jpg\" srcset=\"https:\/\/laernorsknaa.com\/wp-content\/uploads\/2023\/11\/4213446-1699177223145-204a73ad5a30b-1-768x768.jpg 768w, https:\/\/laernorsknaa.com\/wp-content\/uploads\/2023\/11\/4213446-1699177223145-204a73ad5a30b-1-300x300.jpg 300w, https:\/\/laernorsknaa.com\/wp-content\/uploads\/2023\/11\/4213446-1699177223145-204a73ad5a30b-1-1024x1024.jpg 1024w, https:\/\/laernorsknaa.com\/wp-content\/uploads\/2023\/11\/4213446-1699177223145-204a73ad5a30b-1-150x150.jpg 150w, https:\/\/laernorsknaa.com\/wp-content\/uploads\/2023\/11\/4213446-1699177223145-204a73ad5a30b-1-1536x1536.jpg 1536w, https:\/\/laernorsknaa.com\/wp-content\/uploads\/2023\/11\/4213446-1699177223145-204a73ad5a30b-1-2048x2048.jpg 2048w, https:\/\/laernorsknaa.com\/wp-content\/uploads\/2023\/11\/4213446-1699177223145-204a73ad5a30b-1-12x12.jpg 12w, https:\/\/laernorsknaa.com\/wp-content\/uploads\/2023\/11\/4213446-1699177223145-204a73ad5a30b-1-100x100.jpg 100w\" sizes=\"(max-width: 640px) 100vw, 300px\" alt=\"108 &#8211; Forholdet mellom Tyskland og Norge\"><\/div><span class=\"ppjs__img-btn-style\" style=\"display: block; width: 100%; padding-top: 100%\"><\/div><\/div><\/div><\/div><\/div><div class=\"pod-content__launcher pod-launch\"><button class=\"pod-launch__button pod-launch__info pod-button\" aria-expanded=\"false\"><span class=\"ppjs__offscreen\">Mostrar la informaci\u00f3n del p\u00f3dcast<\/span><span class=\"btn-icon-wrap\"><svg class=\"icon icon-pp-podcast\" aria-hidden=\"true\" role=\"img\" focusable=\"false\"><use href=\"#icon-pp-podcast\" xlink:href=\"#icon-pp-podcast\"><\/use><\/svg><svg class=\"icon icon-pp-x\" aria-hidden=\"true\" role=\"img\" focusable=\"false\"><use href=\"#icon-pp-x\" xlink:href=\"#icon-pp-x\"><\/use><\/svg><\/span><\/button><\/div><\/div>\n\n\n<h2 class=\"wp-block-heading\"><strong>Transcript<\/strong><\/h2>\n\n\n\n<div class=\"wp-block-group transcript has-background\" style=\"background-color:#eff8ff\"><div class=\"wp-block-group__inner-container is-layout-flow wp-block-group-is-layout-flow\">\n<p><strong>Gjerne st\u00f8tt podkasten hvis du liker innholdet. Alle bidrag er til stor hjelp: <\/strong><\/p>\n\n\n\n<p>Patreon: <a href=\"https:\/\/www.patreon.com\/laernorsknaa\">https:\/\/www.patreon.com\/laernorsknaa<\/a><\/p>\n\n\n\n<p>Paypal:<a href=\"https:\/\/www.paypal.com\/donate\/?hosted_button_id=KG22H9FPVG22N\"> https:\/\/www.paypal.com\/donate\/?hosted_button_id=KG22H9FPVG22N<\/a><\/p>\n\n\n\n<p><\/p>\n\n\n\n<p><strong>Transcript<\/strong><\/p>\n\n\n\n<p>Heihei og velkommen til en ny episode av podkasten. I denne episoden skal vi snakke om forholdet mellom Norge og Tyskland. Vi skal snakke litt om hvordan Tyskland og tysk kultur har v\u00e6rt med \u00e5 p\u00e5virke Norge n\u00e5 og i l\u00f8pet av historien. Vi skal ogs\u00e5 se litt p\u00e5 hvilke forbindelser Norge og Tyskland har i dag og litt generelt om hvordan forholdet er mellom de to landene og kulturene. La oss sette i gang.&nbsp;<\/p>\n\n\n\n<p>Tyskland og Norge er p\u00e5 mange vis veldig like hverandre, men ogs\u00e5 ulike hverandre, naturlig nok. For eksempel har spr\u00e5kene et felles opphav: germansk. Norsk har ogs\u00e5 tatt inn mange l\u00e5neord fra tysk og nedertysk (se egen episode om nedertyske l\u00e5neord episode 31). P\u00e5 mange vis har vi ogs\u00e5 en lignende kultur. Vi deler mange av de samme skikkene. Vi ligner ogs\u00e5 p\u00e5 hverandre. Og kanskje er vi begge kjent for \u00e5 v\u00e6re litt kalde ved f\u00f8rste m\u00f8te, men ogs\u00e5 skikkelige og til \u00e5 stole p\u00e5. La oss se litt historisk p\u00e5 dette forholdet mellom Tyskland og Norge.<\/p>\n\n\n\n<p>Det er naturlig \u00e5 begynne med Hansatida n\u00e5r vi snakker om begynnelsen p\u00e5 et tysk-norsk forhold. Dette var selvsagt f\u00f8r Tyskland var samlet til et land og f\u00f8r Norge var selvstendig, nemlig p\u00e5 midten av 1300-tallet og s\u00e6rlig p\u00e5 1400-tallet. P\u00e5 1500-tallet og videre gikk det nedover for hanseaterne i Norge, men de var her helt til andre halvdel av 1700-tallet. Hvem var egentlig hanseaterne?&nbsp;<\/p>\n\n\n\n<p>Hanseaterne var tyske og nederlandske kj\u00f8pmenn fra byene som utgjorde Hansaforbundet. Hansaforbundet bestod s\u00e6rlig av nord-tyske og nederlandske byer.&nbsp; De gikk sammen for \u00e5 sammarbeide om handel og diplomati. Hansaforbundet hadde sitt hovedkontor i Bergen der de handlet s\u00e6rlig fisk og t\u00f8mmer fra Norge.&nbsp;<\/p>\n\n\n\n<p>Hanseaterne hadde stor p\u00e5virkning p\u00e5 Norge, \u00f8konomisk og kulturelt. \u00d8konomisk s\u00e5 dominerte hanseaterne handel i Norge i mer enn hundre \u00e5r. De bygde ogs\u00e5 noen fantastiske kontorer i Bergen som vi i dag kan se nede p\u00e5 Bryggen. Bryggen er i dag en del av UNESCO sin verdensarvsliste. Men den kanskje st\u00f8stre p\u00e5virkningen fra hanseaterne kom i spr\u00e5ket. Norsk tok til seg mange nedertyske ord fra denne perioden, s\u00e6rlig ord som begynner p\u00e5 \u201cbe-\u201d og \u201can-\u201d. Noen eksempler er \u201cbetale\u201d, mens vi fra norr\u00f8nt har \u201ckj\u00f8pe\u201d. Andre ord er \u201cbeliggenhet\u201d, \u201cbevege\u201d og \u201canskaffe\u201d. Mange av disse ordene er veldig vanlige p\u00e5 norsk. Se episode 31 om tyske l\u00e5neord p\u00e5 norsk om du \u00f8nsker mer informasjon om dette.<\/p>\n\n\n\n<p>Tyskland har alltid v\u00e6rt viktige for Norge som en handelspartner. For eksempel har Norge solgt fisk og t\u00f8mmer til tyske byer og omr\u00e5der i lang tid. I tillegg har Tyskland sendt b\u00e5de arbeidere og eksperter til Norge. For eksempel var tyske eksperter veldig viktige for opprettelsen av bergverk i Norge. Alts\u00e5 for at Norge skulle klare \u00e5 utvinne metaller og ressurser fra fjell og berg. I dag ser vi fortsatt mange i Norge som har tyske etternavn som Muller.<\/p>\n\n\n\n<p>P\u00e5 1800-tallet var det mange norske intelektuelle som ble inspirert av tyske forfattere og kunstnere. Noen norske forfattere og kunstnere valgte faktisk ogs\u00e5 \u00e5 bosette seg i Tyskland. Et eksempel er den sv\u00e6rt kjente norske dramatikeren Henrik Ibsen. Han bodde i 27 \u00e5r i Tyskland og Italia. Han skreiv alts\u00e5 mesteparten av sine dramastykker enten i Tyskland eller i Italia. Et annet eksempel innenfor malekunsten er de norske malerne som ble inspirert av D\u00fcsseldorfskolen. D\u00fcsseldorfskolen var et malemilj\u00f8 ved universitetet i D\u00fcsseldorf som fremmet en realistisk stil med motiver fra mytologi, historie og natur. Den norske maleren Adolph Tidemand var tydelig inspirert av denne kunstretningen.<\/p>\n\n\n\n<p>La oss hoppe fram til 1900-tallet. P\u00e5 begynnelsen av 1900-tallet er det s\u00e6rlig to store konflikter som preger forholdet mellom Norge og Tyskland. Det er f\u00f8rste og andre verdenskrig. I f\u00f8rste verdenskrig var Norge n\u00f8ytral. Likevel handlet Norge mer med Storbritannia, Tysklands fiende, enn de gjorde med Tyskland i l\u00f8pet av krigen. Mange norske handelsb\u00e5ter ble senket av tyske ub\u00e5ter og mange i Norge \u00f8nsket derfor at Storbritannia og de allierte skulle vinne mot Tyskland og ententemaktene i f\u00f8rste verdenskrig. Likevel var det ikke veldig viktig for Norge hvem som vant f\u00f8rste verdenskrig.<\/p>\n\n\n\n<p>Andre verdenskrig var veldig annerledes. Da pr\u00f8vde Norge igjen \u00e5 holde seg ute av krigen, men de ble presset av b\u00e5de Storbritannia og Tyskland. Storbritannia minela, alts\u00e5 la miner, ved kysten av Norge for \u00e5 hindre tyske skip. Mens Tyskland planla noe langt st\u00f8rre. 9. april 1940 angrep Tyskland Norge. Dette f\u00f8rte til en krig med Tyskland som varte i to m\u00e5neder f\u00f8r Norge ga opp kampen 10. juni 1940. Norge var okkupert av Tyskland i hele fem \u00e5r. De tyske nazistene avskaffet norsk demokrati og begrensa friheten til folk. Dette gjorde selvsagt at veldig mange i Norge var imot Tyskland. De var jo okkupantene, fienden! Noen gikk s\u00e5 langt at de kjempet mot tyskerne og det tyske styre i Norge ved for eksmpel \u00e5 sabotere tyske prosjekt i Norge.<\/p>\n\n\n\n<p>Men det var selvsagt ikke bare fiendskap mellom tyskere og nordmenn i andre verdenskrig. Mange ble venner med tyskerne. De aller fleste tyske soldatene som kom til Norge var ikke nazister, men helt vanlige folk som var tvunget ut i en krig de ikke n\u00f8dvendigvis skj\u00f8nte s\u00e5 mye av. Noen norske jenter ble kj\u00e6rester med tyske soldater. Det var til og med noen nordmenn som st\u00f8ttet de tyske okkupantene og meldte seg inn i det norske fascistiske partiet NS. Disse ble senere kalt for landsforr\u00e6dere etter krigen.<\/p>\n\n\n\n<p>Krigen er en viktig del av Norges historie, men det er bare en liten del av historien om forholdet mellom Norge og Tyskland. Norge og Tysklands forhold har stort sett v\u00e6rt sv\u00e6rt bra, og det ble ogs\u00e5 sv\u00e6rt bra igjen etter andre verdenskrig tok slutt. Vest-Tyskland og Norge var for eksempel allierte i NATO mot Sovjetunionen.&nbsp;<\/p>\n\n\n\n<p>I nyere tid er Tyskland en viktig alliert og handelspartner for Norge. Tyskland er faktisk b\u00e5de blant de fem landene som kj\u00f8per mest varer fra Norge (spesielt gass) og blant de fem landene som selger mest til Norge. Tyskland er ogs\u00e5 viktig for Norges sikkerhet som allierte i NATO. I tillegg er det mange tyskere som reiser til Norge som turister. Faktisk er det s\u00e5 mange tyske turister i Norge at mange skilt blir skrevet p\u00e5 norsk, engelsk og tysk.&nbsp;<\/p>\n\n\n\n<p>Som dere kan se s\u00e5 har Norge hatt et n\u00e6rt forhold til Tyskland og tysk spr\u00e5k og kultur i lang tid. Vi har samme utgangspunkt, nemlig germanske stammer som bosatte seg i Nord-Europa. Tyskland har v\u00e6rt viktig for utviklingen av norsk spr\u00e5k, kultur og historie. Tyskland og Norge har alts\u00e5 hatt n\u00e6re forbindelser, b\u00e5de p\u00e5 godt og vondt, i lang tid.&nbsp;<\/p>\n<\/div><\/div>","protected":false},"excerpt":{"rendered":"<p>Tyskland og Norge er p\u00e5 mange vis veldig like hverandre, men ogs\u00e5 ulike hverandre, naturlig nok. For eksempel har spr\u00e5kene et felles opphav: germansk. Norsk har ogs\u00e5 tatt inn mange l\u00e5neord fra tysk og nedertysk (se egen episode om nedertyske l\u00e5neord episode 31). P\u00e5 mange vis har vi ogs\u00e5 en lignende kultur. Vi deler mange av de samme skikkene. Vi ligner ogs\u00e5 p\u00e5 hverandre. Og kanskje er vi begge kjent for \u00e5 v\u00e6re litt kalde ved f\u00f8rste m\u00f8te, men ogs\u00e5 skikkelige og til \u00e5 stole p\u00e5. La oss se litt historisk p\u00e5 dette forholdet mellom Tyskland og Norge.<\/p>","protected":false},"author":2,"featured_media":38588,"comment_status":"open","ping_status":"closed","sticky":false,"template":"","format":"standard","meta":{"_monsterinsights_skip_tracking":false,"_monsterinsights_sitenote_active":false,"_monsterinsights_sitenote_note":"","_monsterinsights_sitenote_category":0,"footnotes":""},"categories":[5],"tags":[30,35,137,880],"class_list":["post-38585","post","type-post","status-publish","format-standard","has-post-thumbnail","hentry","category-podcast","tag-historie","tag-kultur","tag-norge","tag-tyskland"],"yoast_head":"<!-- This site is optimized with the Yoast SEO plugin v26.4 - https:\/\/yoast.com\/wordpress\/plugins\/seo\/ -->\n<title>108 - Forholdet mellom Tyskland og Norge &#8211; L\u00e6r norsk n\u00e5<\/title>\n<meta name=\"robots\" content=\"index, follow, max-snippet:-1, max-image-preview:large, max-video-preview:-1\" \/>\n<link rel=\"canonical\" href=\"http:\/\/91.98.205.163:8089\/108-forholdet-mellom-norge-og-tyskland\/\" \/>\n<meta property=\"og:locale\" content=\"es_ES\" \/>\n<meta property=\"og:type\" content=\"article\" \/>\n<meta property=\"og:title\" content=\"108 - Forholdet mellom Tyskland og Norge &#8211; L\u00e6r norsk n\u00e5\" \/>\n<meta property=\"og:description\" content=\"Tyskland og Norge er p\u00e5 mange vis veldig like hverandre, men ogs\u00e5 ulike hverandre, naturlig nok. For eksempel har spr\u00e5kene et felles opphav: germansk. Norsk har ogs\u00e5 tatt inn mange l\u00e5neord fra tysk og nedertysk (se egen episode om nedertyske l\u00e5neord episode 31). P\u00e5 mange vis har vi ogs\u00e5 en lignende kultur. Vi deler mange av de samme skikkene. Vi ligner ogs\u00e5 p\u00e5 hverandre. Og kanskje er vi begge kjent for \u00e5 v\u00e6re litt kalde ved f\u00f8rste m\u00f8te, men ogs\u00e5 skikkelige og til \u00e5 stole p\u00e5. La oss se litt historisk p\u00e5 dette forholdet mellom Tyskland og Norge.\" \/>\n<meta property=\"og:url\" content=\"http:\/\/91.98.205.163:8089\/108-forholdet-mellom-norge-og-tyskland\/\" \/>\n<meta property=\"og:site_name\" content=\"L\u00e6r norsk n\u00e5\" \/>\n<meta property=\"article:published_time\" content=\"2023-11-23T06:00:00+00:00\" \/>\n<meta property=\"og:image\" content=\"http:\/\/91.98.205.163:8089\/wp-content\/uploads\/2023\/11\/Bilete.jpg\" \/>\n\t<meta property=\"og:image:width\" content=\"1280\" \/>\n\t<meta property=\"og:image:height\" content=\"853\" \/>\n\t<meta property=\"og:image:type\" content=\"image\/jpeg\" \/>\n<meta name=\"author\" content=\"Marius Stangeland\" \/>\n<meta name=\"twitter:card\" content=\"summary_large_image\" \/>\n<meta name=\"twitter:label1\" content=\"Escrito por\" \/>\n\t<meta name=\"twitter:data1\" content=\"Marius Stangeland\" \/>\n\t<meta name=\"twitter:label2\" content=\"Tiempo de lectura\" \/>\n\t<meta name=\"twitter:data2\" content=\"5 minutos\" \/>\n<script type=\"application\/ld+json\" class=\"yoast-schema-graph\">{\"@context\":\"https:\/\/schema.org\",\"@graph\":[{\"@type\":\"Article\",\"@id\":\"http:\/\/91.98.205.163:8089\/108-forholdet-mellom-norge-og-tyskland\/#article\",\"isPartOf\":{\"@id\":\"http:\/\/91.98.205.163:8089\/108-forholdet-mellom-norge-og-tyskland\/\"},\"author\":{\"name\":\"Marius Stangeland\",\"@id\":\"http:\/\/91.98.205.163:8089\/#\/schema\/person\/372f7f766a136344430614732659b5f2\"},\"headline\":\"108 &#8211; Forholdet mellom Tyskland og Norge\",\"datePublished\":\"2023-11-23T06:00:00+00:00\",\"mainEntityOfPage\":{\"@id\":\"http:\/\/91.98.205.163:8089\/108-forholdet-mellom-norge-og-tyskland\/\"},\"wordCount\":1254,\"commentCount\":2,\"publisher\":{\"@id\":\"http:\/\/91.98.205.163:8089\/#\/schema\/person\/372f7f766a136344430614732659b5f2\"},\"image\":{\"@id\":\"http:\/\/91.98.205.163:8089\/108-forholdet-mellom-norge-og-tyskland\/#primaryimage\"},\"thumbnailUrl\":\"https:\/\/laernorsknaa.com\/wp-content\/uploads\/2023\/11\/Bilete.jpg\",\"keywords\":[\"historie\",\"kultur\",\"Norge\",\"Tyskland\"],\"articleSection\":[\"Podcast\"],\"inLanguage\":\"es\",\"potentialAction\":[{\"@type\":\"CommentAction\",\"name\":\"Comment\",\"target\":[\"http:\/\/91.98.205.163:8089\/108-forholdet-mellom-norge-og-tyskland\/#respond\"]}]},{\"@type\":\"WebPage\",\"@id\":\"http:\/\/91.98.205.163:8089\/108-forholdet-mellom-norge-og-tyskland\/\",\"url\":\"http:\/\/91.98.205.163:8089\/108-forholdet-mellom-norge-og-tyskland\/\",\"name\":\"108 - Forholdet mellom Tyskland og Norge &#8211; L\u00e6r norsk n\u00e5\",\"isPartOf\":{\"@id\":\"http:\/\/91.98.205.163:8089\/#website\"},\"primaryImageOfPage\":{\"@id\":\"http:\/\/91.98.205.163:8089\/108-forholdet-mellom-norge-og-tyskland\/#primaryimage\"},\"image\":{\"@id\":\"http:\/\/91.98.205.163:8089\/108-forholdet-mellom-norge-og-tyskland\/#primaryimage\"},\"thumbnailUrl\":\"https:\/\/laernorsknaa.com\/wp-content\/uploads\/2023\/11\/Bilete.jpg\",\"datePublished\":\"2023-11-23T06:00:00+00:00\",\"breadcrumb\":{\"@id\":\"http:\/\/91.98.205.163:8089\/108-forholdet-mellom-norge-og-tyskland\/#breadcrumb\"},\"inLanguage\":\"es\",\"potentialAction\":[{\"@type\":\"ReadAction\",\"target\":[\"http:\/\/91.98.205.163:8089\/108-forholdet-mellom-norge-og-tyskland\/\"]}]},{\"@type\":\"ImageObject\",\"inLanguage\":\"es\",\"@id\":\"http:\/\/91.98.205.163:8089\/108-forholdet-mellom-norge-og-tyskland\/#primaryimage\",\"url\":\"https:\/\/laernorsknaa.com\/wp-content\/uploads\/2023\/11\/Bilete.jpg\",\"contentUrl\":\"https:\/\/laernorsknaa.com\/wp-content\/uploads\/2023\/11\/Bilete.jpg\",\"width\":1280,\"height\":853,\"caption\":\"Berlin, Tyskland 20221130. Jonas Gahr St\u00f8re m\u00f8ter pressen sammen med den tyske forbundskansleren Olaf Scholz i Forbundskanslerens kontor i Berlin. Foto: Javad Parsa \/ NTB\"},{\"@type\":\"BreadcrumbList\",\"@id\":\"http:\/\/91.98.205.163:8089\/108-forholdet-mellom-norge-og-tyskland\/#breadcrumb\",\"itemListElement\":[{\"@type\":\"ListItem\",\"position\":1,\"name\":\"Home\",\"item\":\"http:\/\/91.98.205.163:8089\/\"},{\"@type\":\"ListItem\",\"position\":2,\"name\":\"108 &#8211; Forholdet mellom Tyskland og Norge\"}]},{\"@type\":\"WebSite\",\"@id\":\"http:\/\/91.98.205.163:8089\/#website\",\"url\":\"http:\/\/91.98.205.163:8089\/\",\"name\":\"L\u00e6r norsk n\u00e5!\",\"description\":\"Resources and podcasts to learn Norwegian\",\"publisher\":{\"@id\":\"http:\/\/91.98.205.163:8089\/#\/schema\/person\/372f7f766a136344430614732659b5f2\"},\"potentialAction\":[{\"@type\":\"SearchAction\",\"target\":{\"@type\":\"EntryPoint\",\"urlTemplate\":\"http:\/\/91.98.205.163:8089\/?s={search_term_string}\"},\"query-input\":{\"@type\":\"PropertyValueSpecification\",\"valueRequired\":true,\"valueName\":\"search_term_string\"}}],\"inLanguage\":\"es\"},{\"@type\":[\"Person\",\"Organization\"],\"@id\":\"http:\/\/91.98.205.163:8089\/#\/schema\/person\/372f7f766a136344430614732659b5f2\",\"name\":\"Marius Stangeland\",\"image\":{\"@type\":\"ImageObject\",\"inLanguage\":\"es\",\"@id\":\"http:\/\/91.98.205.163:8089\/#\/schema\/person\/image\/\",\"url\":\"https:\/\/secure.gravatar.com\/avatar\/3ed6f06da2edefcae6cf6bb78721e567c1d9117b6b5b9b98efa5ff3b8d0de5c0?s=96&d=retro&r=g\",\"contentUrl\":\"https:\/\/secure.gravatar.com\/avatar\/3ed6f06da2edefcae6cf6bb78721e567c1d9117b6b5b9b98efa5ff3b8d0de5c0?s=96&d=retro&r=g\",\"caption\":\"Marius Stangeland\"},\"logo\":{\"@id\":\"http:\/\/91.98.205.163:8089\/#\/schema\/person\/image\/\"}}]}<\/script>\n<!-- \/ Yoast SEO plugin. -->","yoast_head_json":{"title":"108 - Forholdet mellom Tyskland og Norge &#8211; L\u00e6r norsk n\u00e5","robots":{"index":"index","follow":"follow","max-snippet":"max-snippet:-1","max-image-preview":"max-image-preview:large","max-video-preview":"max-video-preview:-1"},"canonical":"http:\/\/91.98.205.163:8089\/108-forholdet-mellom-norge-og-tyskland\/","og_locale":"es_ES","og_type":"article","og_title":"108 - Forholdet mellom Tyskland og Norge &#8211; L\u00e6r norsk n\u00e5","og_description":"Tyskland og Norge er p\u00e5 mange vis veldig like hverandre, men ogs\u00e5 ulike hverandre, naturlig nok. For eksempel har spr\u00e5kene et felles opphav: germansk. Norsk har ogs\u00e5 tatt inn mange l\u00e5neord fra tysk og nedertysk (se egen episode om nedertyske l\u00e5neord episode 31). P\u00e5 mange vis har vi ogs\u00e5 en lignende kultur. Vi deler mange av de samme skikkene. Vi ligner ogs\u00e5 p\u00e5 hverandre. Og kanskje er vi begge kjent for \u00e5 v\u00e6re litt kalde ved f\u00f8rste m\u00f8te, men ogs\u00e5 skikkelige og til \u00e5 stole p\u00e5. La oss se litt historisk p\u00e5 dette forholdet mellom Tyskland og Norge.","og_url":"http:\/\/91.98.205.163:8089\/108-forholdet-mellom-norge-og-tyskland\/","og_site_name":"L\u00e6r norsk n\u00e5","article_published_time":"2023-11-23T06:00:00+00:00","og_image":[{"width":1280,"height":853,"url":"http:\/\/91.98.205.163:8089\/wp-content\/uploads\/2023\/11\/Bilete.jpg","type":"image\/jpeg"}],"author":"Marius Stangeland","twitter_card":"summary_large_image","twitter_misc":{"Escrito por":"Marius Stangeland","Tiempo de lectura":"5 minutos"},"schema":{"@context":"https:\/\/schema.org","@graph":[{"@type":"Article","@id":"http:\/\/91.98.205.163:8089\/108-forholdet-mellom-norge-og-tyskland\/#article","isPartOf":{"@id":"http:\/\/91.98.205.163:8089\/108-forholdet-mellom-norge-og-tyskland\/"},"author":{"name":"Marius Stangeland","@id":"http:\/\/91.98.205.163:8089\/#\/schema\/person\/372f7f766a136344430614732659b5f2"},"headline":"108 &#8211; Forholdet mellom Tyskland og Norge","datePublished":"2023-11-23T06:00:00+00:00","mainEntityOfPage":{"@id":"http:\/\/91.98.205.163:8089\/108-forholdet-mellom-norge-og-tyskland\/"},"wordCount":1254,"commentCount":2,"publisher":{"@id":"http:\/\/91.98.205.163:8089\/#\/schema\/person\/372f7f766a136344430614732659b5f2"},"image":{"@id":"http:\/\/91.98.205.163:8089\/108-forholdet-mellom-norge-og-tyskland\/#primaryimage"},"thumbnailUrl":"https:\/\/laernorsknaa.com\/wp-content\/uploads\/2023\/11\/Bilete.jpg","keywords":["historie","kultur","Norge","Tyskland"],"articleSection":["Podcast"],"inLanguage":"es","potentialAction":[{"@type":"CommentAction","name":"Comment","target":["http:\/\/91.98.205.163:8089\/108-forholdet-mellom-norge-og-tyskland\/#respond"]}]},{"@type":"WebPage","@id":"http:\/\/91.98.205.163:8089\/108-forholdet-mellom-norge-og-tyskland\/","url":"http:\/\/91.98.205.163:8089\/108-forholdet-mellom-norge-og-tyskland\/","name":"108 - Forholdet mellom Tyskland og Norge &#8211; L\u00e6r norsk n\u00e5","isPartOf":{"@id":"http:\/\/91.98.205.163:8089\/#website"},"primaryImageOfPage":{"@id":"http:\/\/91.98.205.163:8089\/108-forholdet-mellom-norge-og-tyskland\/#primaryimage"},"image":{"@id":"http:\/\/91.98.205.163:8089\/108-forholdet-mellom-norge-og-tyskland\/#primaryimage"},"thumbnailUrl":"https:\/\/laernorsknaa.com\/wp-content\/uploads\/2023\/11\/Bilete.jpg","datePublished":"2023-11-23T06:00:00+00:00","breadcrumb":{"@id":"http:\/\/91.98.205.163:8089\/108-forholdet-mellom-norge-og-tyskland\/#breadcrumb"},"inLanguage":"es","potentialAction":[{"@type":"ReadAction","target":["http:\/\/91.98.205.163:8089\/108-forholdet-mellom-norge-og-tyskland\/"]}]},{"@type":"ImageObject","inLanguage":"es","@id":"http:\/\/91.98.205.163:8089\/108-forholdet-mellom-norge-og-tyskland\/#primaryimage","url":"https:\/\/laernorsknaa.com\/wp-content\/uploads\/2023\/11\/Bilete.jpg","contentUrl":"https:\/\/laernorsknaa.com\/wp-content\/uploads\/2023\/11\/Bilete.jpg","width":1280,"height":853,"caption":"Berlin, Tyskland 20221130. Jonas Gahr St\u00f8re m\u00f8ter pressen sammen med den tyske forbundskansleren Olaf Scholz i Forbundskanslerens kontor i Berlin. Foto: Javad Parsa \/ NTB"},{"@type":"BreadcrumbList","@id":"http:\/\/91.98.205.163:8089\/108-forholdet-mellom-norge-og-tyskland\/#breadcrumb","itemListElement":[{"@type":"ListItem","position":1,"name":"Home","item":"http:\/\/91.98.205.163:8089\/"},{"@type":"ListItem","position":2,"name":"108 &#8211; Forholdet mellom Tyskland og Norge"}]},{"@type":"WebSite","@id":"http:\/\/91.98.205.163:8089\/#website","url":"http:\/\/91.98.205.163:8089\/","name":"L\u00e6r norsk n\u00e5!","description":"Recursos y podcasts para aprender noruego","publisher":{"@id":"http:\/\/91.98.205.163:8089\/#\/schema\/person\/372f7f766a136344430614732659b5f2"},"potentialAction":[{"@type":"SearchAction","target":{"@type":"EntryPoint","urlTemplate":"http:\/\/91.98.205.163:8089\/?s={search_term_string}"},"query-input":{"@type":"PropertyValueSpecification","valueRequired":true,"valueName":"search_term_string"}}],"inLanguage":"es"},{"@type":["Person","Organization"],"@id":"http:\/\/91.98.205.163:8089\/#\/schema\/person\/372f7f766a136344430614732659b5f2","name":"Marius Stangeland","image":{"@type":"ImageObject","inLanguage":"es","@id":"http:\/\/91.98.205.163:8089\/#\/schema\/person\/image\/","url":"https:\/\/secure.gravatar.com\/avatar\/3ed6f06da2edefcae6cf6bb78721e567c1d9117b6b5b9b98efa5ff3b8d0de5c0?s=96&d=retro&r=g","contentUrl":"https:\/\/secure.gravatar.com\/avatar\/3ed6f06da2edefcae6cf6bb78721e567c1d9117b6b5b9b98efa5ff3b8d0de5c0?s=96&d=retro&r=g","caption":"Marius Stangeland"},"logo":{"@id":"http:\/\/91.98.205.163:8089\/#\/schema\/person\/image\/"}}]}},"_links":{"self":[{"href":"https:\/\/laernorsknaa.com\/es\/wp-json\/wp\/v2\/posts\/38585","targetHints":{"allow":["GET"]}}],"collection":[{"href":"https:\/\/laernorsknaa.com\/es\/wp-json\/wp\/v2\/posts"}],"about":[{"href":"https:\/\/laernorsknaa.com\/es\/wp-json\/wp\/v2\/types\/post"}],"author":[{"embeddable":true,"href":"https:\/\/laernorsknaa.com\/es\/wp-json\/wp\/v2\/users\/2"}],"replies":[{"embeddable":true,"href":"https:\/\/laernorsknaa.com\/es\/wp-json\/wp\/v2\/comments?post=38585"}],"version-history":[{"count":3,"href":"https:\/\/laernorsknaa.com\/es\/wp-json\/wp\/v2\/posts\/38585\/revisions"}],"predecessor-version":[{"id":38596,"href":"https:\/\/laernorsknaa.com\/es\/wp-json\/wp\/v2\/posts\/38585\/revisions\/38596"}],"wp:featuredmedia":[{"embeddable":true,"href":"https:\/\/laernorsknaa.com\/es\/wp-json\/wp\/v2\/media\/38588"}],"wp:attachment":[{"href":"https:\/\/laernorsknaa.com\/es\/wp-json\/wp\/v2\/media?parent=38585"}],"wp:term":[{"taxonomy":"category","embeddable":true,"href":"https:\/\/laernorsknaa.com\/es\/wp-json\/wp\/v2\/categories?post=38585"},{"taxonomy":"post_tag","embeddable":true,"href":"https:\/\/laernorsknaa.com\/es\/wp-json\/wp\/v2\/tags?post=38585"}],"curies":[{"name":"wp","href":"https:\/\/api.w.org\/{rel}","templated":true}]}}