{"id":40446,"date":"2023-12-06T07:00:00","date_gmt":"2023-12-06T06:00:00","guid":{"rendered":"http:\/\/91.98.205.163:8089\/?p=40446"},"modified":"2023-11-12T16:16:44","modified_gmt":"2023-11-12T15:16:44","slug":"109-den-gangen-norge-nesten-starta-tredje-verdenskrig","status":"publish","type":"post","link":"https:\/\/laernorsknaa.com\/es\/109-den-gangen-norge-nesten-starta-tredje-verdenskrig\/","title":{"rendered":"109 &#8211; Den gangen Norge nesten starta tredje verdenskrig"},"content":{"rendered":"<p>06 desember 2023 | 7 minutter<\/p>\n\n\n\t\t\t<style type=\"text\/css\">#pp-podcast-5943 a, .pp-modal-window .modal-5943 a, .pp-modal-window .aux-modal-5943 a, #pp-podcast-5943 .ppjs__more { color: #c8102e; } #pp-podcast-5943:not(.modern) .ppjs__audio .ppjs__button.ppjs__playpause-button button *, #pp-podcast-5943:not(.modern) .ppjs__audio .ppjs__button.ppjs__playpause-button button:hover *, #pp-podcast-5943:not(.modern) .ppjs__audio .ppjs__button.ppjs__playpause-button button:focus *, .pp-modal-window .modal-5943 .ppjs__audio .ppjs__button.ppjs__playpause-button button *, .pp-modal-window .modal-5943 .ppjs__audio .ppjs__button.ppjs__playpause-button button:hover *, .pp-modal-window .modal-5943 .ppjs__audio .ppjs__button.ppjs__playpause-button button:focus *, .pp-modal-window .aux-modal-5943 .pod-entry__play *, .pp-modal-window .aux-modal-5943 .pod-entry__play:hover * { color: #c8102e !important; } #pp-podcast-5943.postview .episode-list__load-more, .pp-modal-window .aux-modal-5943 .episode-list__load-more, #pp-podcast-5943:not(.modern) .ppjs__time-handle-content, .modal-5943 .ppjs__time-handle-content { border-color: #c8102e !important; } #pp-podcast-5943:not(.modern) .ppjs__audio-time-rail, #pp-podcast-5943.lv3 .pod-entry__play, #pp-podcast-5943.lv4 .pod-entry__play, #pp-podcast-5943.gv2 .pod-entry__play, #pp-podcast-5943.modern.wide-player .ppjs__audio .ppjs__button.ppjs__playpause-button button, #pp-podcast-5943.modern.wide-player .ppjs__audio .ppjs__button.ppjs__playpause-button button:hover, #pp-podcast-5943.modern.wide-player .ppjs__audio .ppjs__button.ppjs__playpause-button button:focus, .pp-modal-window .modal-5943 button.episode-list__load-more, .pp-modal-window .modal-5943 .ppjs__audio-time-rail, .pp-modal-window .modal-5943 button.pp-modal-close { background-color: #c8102e !important; } #pp-podcast-5943 .hasCover .ppjs__audio .ppjs__button.ppjs__playpause-button button { background-color: rgba(0, 0, 0, 0.5) !important; } .pp-modal-window .modal-5943 button.episode-list__load-more:hover, .pp-modal-window .modal-5943 button.episode-list__load-more:focus, .pp-modal-window .aux-modal-5943 button.episode-list__load-more:hover, .pp-modal-window .aux-modal-5943 button.episode-list__load-more:focus { background-color: rgba( 200,16,46, 0.7 ) !important; } #pp-podcast-5943 .ppjs__button.toggled-on, .pp-modal-window .modal-5943 .ppjs__button.toggled-on, #pp-podcast-5943.playerview .pod-entry.activeEpisode, .pp-modal-window .modal-5943.playerview .pod-entry.activeEpisode { background-color: rgba( 200,16,46, 0.1 ); } #pp-podcast-5943.postview .episode-list__load-more { background-color: transparent !important; } #pp-podcast-5943.modern:not(.wide-player) .ppjs__audio .ppjs__button.ppjs__playpause-button button *, #pp-podcast-5943.modern:not(.wide-player) .ppjs__audio .ppjs__button.ppjs__playpause-button button:hover *, #pp-podcast-5943.modern:not(.wide-player) .ppjs__audio .ppjs__button.ppjs__playpause-button button:focus * { color: #c8102e !important; } #pp-podcast-5943.modern:not(.wide-player) .ppjs__time-handle-content { border-color: #c8102e !important; } #pp-podcast-5943.modern:not(.wide-player) .ppjs__audio-time-rail { background-color: #c8102e !important; } #pp-podcast-5943, .modal-5943, .aux-modal-5943 { --pp-accent-color: #c8102e; }<\/style>\n\t\t\t<div id=\"pp-podcast-5943\" class=\"pp-podcast single-episode has-header header-hidden has-featured playerview media-audio\"  data-teaser=\"\" data-elength=\"25\" data-eunit=\"\" data-ppsdata=\"{&quot;ppe-5943-1&quot;:{&quot;title&quot;:&quot;109 &#8211; Den gangen Norge nesten starta tredje verdenskrig&quot;,&quot;description&quot;:&quot;&lt;p&gt;Epost: Laernorsknaa@gmail.com&lt;\\\/p&gt;\\n&lt;p&gt;&lt;\\\/p&gt;\\n&lt;p&gt;Se Youtube-videoen om hendelsen: &lt;a href=\\&quot;https:\\\/\\\/www.youtube.com\\\/watch?v=NNSr5o5XZXA&amp;ab_channel=LearnNorwegianNow%21\\&quot; target=\\&quot;_blank\\&quot; rel=\\&quot;noopener noreferer\\&quot;&gt;https:\\\/\\\/www.youtube.com\\\/watch?v=NNSr5o5XZXA&amp;ab_channel=LearnNorwegianNow%21&lt;\\\/a&gt;&lt;\\\/p&gt;\\n&lt;p&gt;&lt;\\\/p&gt;\\n&lt;p&gt;Episoden p\\u00e5 nettstedet: &lt;a href=\\&quot; laernorsknaa.com\\\/109-den-gangen-norge-nesten-starta-tredje-verdenskrig\\&quot; target=\\&quot;_blank\\&quot; rel=\\&quot;noopener noreferer\\&quot;&gt;laernorsknaa.com\\\/109-den-gangen-norge-nesten-starta-tredje-verdenskrig&lt;br \\\/&gt;\\n&lt;\\\/a&gt;&lt;\\\/p&gt;\\n&lt;p&gt;&lt;strong&gt;St\\u00f8tt podkasten: &lt;\\\/strong&gt;&lt;\\\/p&gt;\\n&lt;p&gt;Patreon:\\u00a0&lt;a href=\\&quot;https:\\\/\\\/www.patreon.com\\\/laernorsknaa\\&quot;&gt;\\u2060\\u2060https:\\\/\\\/www.patreon.com\\\/laernorsknaa\\u2060\\u2060&lt;\\\/a&gt;&lt;\\\/p&gt;\\n&lt;p&gt;Donasjon (Paypal):\\u00a0&lt;a href=\\&quot;https:\\\/\\\/www.paypal.com\\\/donate\\\/?hosted_button_id=KG22H9FPVG22N\\&quot;&gt;\\u2060\\u2060Doner (paypal.com)\\u2060&lt;\\\/a&gt;&lt;\\\/p&gt;\\n&quot;,&quot;author&quot;:&quot;Marius Stangeland&quot;,&quot;date&quot;:&quot;06-12-2023&quot;,&quot;link&quot;:&quot;https:\\\/\\\/podcasters.spotify.com\\\/pod\\\/show\\\/marius-stangeland\\\/episodes\\\/109---Den-gangen-Norge-nesten-starta-tredje-verdenskrig-e2bqop8&quot;,&quot;src&quot;:&quot;https:\\\/\\\/anchor.fm\\\/s\\\/19b5cbd8\\\/podcast\\\/play\\\/78520552\\\/https%3A%2F%2Fd3ctxlq1ktw2nl.cloudfront.net%2Fstaging%2F2023-10-12%2Fc425abfc-257b-95ce-fdda-3811783da5fd.mp3&quot;,&quot;featured&quot;:&quot;https:\\\/\\\/laernorsknaa.com\\\/wp-content\\\/uploads\\\/2023\\\/12\\\/4213446-1699801884424-6b20bf46caca9-768x768.jpg&quot;,&quot;featured_id&quot;:46275,&quot;mediatype&quot;:&quot;audio&quot;,&quot;season&quot;:0,&quot;categories&quot;:[],&quot;duration&quot;:&quot;06:46&quot;,&quot;episodetype&quot;:&quot;full&quot;,&quot;timestamp&quot;:1701842400,&quot;key&quot;:&quot;bbe0fba74c1c7404fe6effc4b1da0927&quot;,&quot;fset&quot;:&quot;https:\\\/\\\/laernorsknaa.com\\\/wp-content\\\/uploads\\\/2023\\\/12\\\/4213446-1699801884424-6b20bf46caca9-768x768.jpg 768w, https:\\\/\\\/laernorsknaa.com\\\/wp-content\\\/uploads\\\/2023\\\/12\\\/4213446-1699801884424-6b20bf46caca9-300x300.jpg 300w, https:\\\/\\\/laernorsknaa.com\\\/wp-content\\\/uploads\\\/2023\\\/12\\\/4213446-1699801884424-6b20bf46caca9-1024x1024.jpg 1024w, https:\\\/\\\/laernorsknaa.com\\\/wp-content\\\/uploads\\\/2023\\\/12\\\/4213446-1699801884424-6b20bf46caca9-150x150.jpg 150w, https:\\\/\\\/laernorsknaa.com\\\/wp-content\\\/uploads\\\/2023\\\/12\\\/4213446-1699801884424-6b20bf46caca9-1536x1536.jpg 1536w, https:\\\/\\\/laernorsknaa.com\\\/wp-content\\\/uploads\\\/2023\\\/12\\\/4213446-1699801884424-6b20bf46caca9-2048x2048.jpg 2048w, https:\\\/\\\/laernorsknaa.com\\\/wp-content\\\/uploads\\\/2023\\\/12\\\/4213446-1699801884424-6b20bf46caca9-12x12.jpg 12w, https:\\\/\\\/laernorsknaa.com\\\/wp-content\\\/uploads\\\/2023\\\/12\\\/4213446-1699801884424-6b20bf46caca9-100x100.jpg 100w&quot;,&quot;fratio&quot;:1},&quot;load_info&quot;:{&quot;loaded&quot;:1,&quot;displayed&quot;:1,&quot;offset&quot;:0,&quot;maxItems&quot;:1,&quot;src&quot;:&quot;b17db09ac4978c39be4e5d07ad0221d4&quot;,&quot;step&quot;:1,&quot;sortby&quot;:&quot;sort_date_desc&quot;,&quot;filterby&quot;:&quot;109 - Den gangen Norge nesten starta tredje verdenskrig&quot;,&quot;fixed&quot;:&quot;&quot;,&quot;args&quot;:{&quot;imgurl&quot;:&quot;https:\\\/\\\/d3t3ozftmdmh3i.cloudfront.net\\\/production\\\/podcast_uploaded\\\/4213446\\\/4213446-1585566145786-524dbdb4bc3cb.jpg&quot;,&quot;imgset&quot;:&quot;&quot;,&quot;display&quot;:&quot;&quot;,&quot;hddesc&quot;:0,&quot;hdfeat&quot;:0,&quot;oricov&quot;:&quot;https:\\\/\\\/d3t3ozftmdmh3i.cloudfront.net\\\/production\\\/podcast_uploaded\\\/4213446\\\/4213446-1585566145786-524dbdb4bc3cb.jpg&quot;,&quot;elength&quot;:25}},&quot;rdata&quot;:{&quot;permalink&quot;:&quot;https:\\\/\\\/laernorsknaa.com\\\/es\\\/wp-json\\\/wp\\\/v2\\\/posts\\\/40446&quot;,&quot;fprint&quot;:&quot;b17db09ac4978c39be4e5d07ad0221d4&quot;,&quot;from&quot;:&quot;feedurl&quot;,&quot;elen&quot;:25,&quot;eunit&quot;:&quot;&quot;,&quot;teaser&quot;:&quot;&quot;,&quot;title&quot;:&quot;L\\u00e6r norsk n\\u00e5!&quot;,&quot;autoplay&quot;:&quot;&quot;}}\"><div class=\"pp-podcast__wrapper\"><div class=\"pp-podcast__info pod-info\"><div class=\"pod-info__header pod-header\"><div class=\"pod-header__image\"><div class=\"pod-header__image-wrapper\"><img decoding=\"async\" class=\"podcast-cover-image\" src=\"https:\/\/d3t3ozftmdmh3i.cloudfront.net\/production\/podcast_uploaded\/4213446\/4213446-1585566145786-524dbdb4bc3cb.jpg\" srcset=\"\" sizes=\"(max-width: 640px) 100vw, 25vw\" alt=\"L\u00e6r norsk n\u00e5!\"><\/div><span class=\"pod-header__image-style\" style=\"display: block; width: 100%; padding-top: 100%\"><\/div><div class=\"pod-header__items pod-items\"><div class=\"pod-items__title\">L\u00e6r norsk n\u00e5!<\/div><div class=\"pod-items__desc\"><p>\u201cL\u00e6r Norsk N\u00e5!\u201d is a podcast for the intermediate Norwegian learner (B1-B2) who wants to listen to authentic Norwegian spoken in a clear and slow manner. Transcriptions for the episodes are easily available at the website for the podcast, providing textual support for the spoken material. The podcast deals with many different topics including history, culture, science, literature, the Norwegian language and more; this provides the learner with a range of different topics in Norwegian, leading to ample opportunity to improve one\u2019s Norwegian. It is also a fun and engaging way of learning!<\/p>\n<\/div><div class=\"pod-items__navi-menu\"><a href=\"https:\/\/podcasts.apple.com\/us\/podcast\/l%C3%A6r-norsk-n%C3%A5\/id1509716748\" class=\"subscribe-item pp-badge apple-sub\" target=\"_blank\"><svg class=\"icon icon-pp-apple\" aria-hidden=\"true\" role=\"img\" focusable=\"false\"><use href=\"#icon-pp-apple\" xlink:href=\"#icon-pp-apple\"><\/use><\/svg><span class=\"sub-text\"><span class=\"sub-listen-text\">Esc\u00fachalo en:<\/span><span class=\"sub-item-text\">Apple Podcasts<\/span><\/span><\/a><a href=\"https:\/\/podcasts.google.com\/feed\/aHR0cHM6Ly9hbmNob3IuZm0vcy8xOWI1Y2JkOC9wb2RjYXN0L3Jzcw==\" class=\"subscribe-item pp-badge google-sub\" target=\"_blank\"><svg class=\"icon icon-pp-google\" aria-hidden=\"true\" role=\"img\" focusable=\"false\"><use href=\"#icon-pp-google\" xlink:href=\"#icon-pp-google\"><\/use><\/svg><span class=\"sub-text\"><span class=\"sub-listen-text\">Esc\u00fachalo en:<\/span><span class=\"sub-item-text\"><span>Google <\/span><span style=\"font-weight: normal;\">P\u00f3dcast<\/span><\/span><\/span><\/a><a href=\"https:\/\/open.spotify.com\/show\/6GWf9sFwRSFcGZMAeFPyvY\" class=\"subscribe-item pp-badge spotify-sub\" target=\"_blank\"><span class=\"sub-text\"><span class=\"sub-listen-text\">Esc\u00fachalo en:<\/span><\/span><svg class=\"icon icon-pp-spotify\" aria-hidden=\"true\" role=\"img\" focusable=\"false\"><use href=\"#icon-pp-spotify\" xlink:href=\"#icon-pp-spotify\"><\/use><\/svg><span class=\"sub-text\"><span class=\"sub-item-text\">Spotify<\/span><\/span><\/a><\/div><\/div><\/div><\/div><div class=\"pp-podcast__content pod-content\"><div class=\"pp-podcast__single\"><div class=\"pp-podcast__player\"><div class=\"pp-player-episode\"><audio id=\"pp-podcast-5943-player\" preload=\"none\" class=\"pp-podcast-episode\" style=\"width: 100%;\" controls=\"controls\"><source type=\"audio\/mpeg\" src=\"https:\/\/anchor.fm\/s\/19b5cbd8\/podcast\/play\/78520552\/https%3A%2F%2Fd3ctxlq1ktw2nl.cloudfront.net%2Fstaging%2F2023-10-12%2Fc425abfc-257b-95ce-fdda-3811783da5fd.mp3\" \/><\/audio><\/div><\/div><div class=\"pod-content__episode episode-single\"><button class=\"episode-single__close\" aria-expanded=\"false\" aria-label=\"Cerrar el episodio individual\"><span class=\"btn-icon-wrap\"><svg class=\"icon icon-pp-x\" aria-hidden=\"true\" role=\"img\" focusable=\"false\"><use href=\"#icon-pp-x\" xlink:href=\"#icon-pp-x\"><\/use><\/svg><\/span><\/button><div class=\"episode-single__wrapper\"><div class=\"episode-single__header\"><div class=\"episode-single__title\">109 &#8211; Den gangen Norge nesten starta tredje verdenskrig<\/div><div class=\"episode-single__author\"><span class=\"byname\">por<\/span><span class=\"single-author\">Marius Stangeland<\/span><\/div><\/div><div class=\"episode-single__description\"><p>Epost: Laernorsknaa@gmail.com<\/p><p><\/p><p>Se Youtube-videoen om hendelsen: <a href=\"https:\/\/www.youtube.com\/watch?v=NNSr5o5XZXA&amp;ab_channel=LearnNorwegianNow%21\" target=\"_blank\" rel=\"noopener noreferer\">https:\/\/www.youtube.com\/watch?v=NNSr5o5XZXA&amp;ab_channel=LearnNorwegianNow%21<\/a><\/p><p><\/p><p>Episoden p\u00e5 nettstedet: <a href=\"\/es\/laernorsknaa.com\/109-den-gangen-norge-nesten-starta-tredje-verdenskrig\/\" target=\"_blank\" rel=\"noopener noreferer\">laernorsknaa.com\/109-den-gangen-norge-nesten-starta-tredje-verdenskrig<br \/><\/a><\/p><p><strong>St\u00f8tt podkasten: <\/strong><\/p><p>Patreon:\u00a0<a href=\"https:\/\/www.patreon.com\/laernorsknaa\">\u2060\u2060https:\/\/www.patreon.com\/laernorsknaa\u2060\u2060<\/a><\/p><p>Donasjon (Paypal):\u00a0<a href=\"https:\/\/www.paypal.com\/donate\/?hosted_button_id=KG22H9FPVG22N\">\u2060\u2060Doner (paypal.com)\u2060<\/a><\/p><\/div><\/div><div class=\"ppjs__img-wrapper\"><div class=\"ppjs__img-btn-cover\"><img decoding=\"async\" class=\"ppjs__img-btn\" src=\"https:\/\/laernorsknaa.com\/wp-content\/uploads\/2023\/12\/4213446-1699801884424-6b20bf46caca9-768x768.jpg\" srcset=\"https:\/\/laernorsknaa.com\/wp-content\/uploads\/2023\/12\/4213446-1699801884424-6b20bf46caca9-768x768.jpg 768w, https:\/\/laernorsknaa.com\/wp-content\/uploads\/2023\/12\/4213446-1699801884424-6b20bf46caca9-300x300.jpg 300w, https:\/\/laernorsknaa.com\/wp-content\/uploads\/2023\/12\/4213446-1699801884424-6b20bf46caca9-1024x1024.jpg 1024w, https:\/\/laernorsknaa.com\/wp-content\/uploads\/2023\/12\/4213446-1699801884424-6b20bf46caca9-150x150.jpg 150w, https:\/\/laernorsknaa.com\/wp-content\/uploads\/2023\/12\/4213446-1699801884424-6b20bf46caca9-1536x1536.jpg 1536w, https:\/\/laernorsknaa.com\/wp-content\/uploads\/2023\/12\/4213446-1699801884424-6b20bf46caca9-2048x2048.jpg 2048w, https:\/\/laernorsknaa.com\/wp-content\/uploads\/2023\/12\/4213446-1699801884424-6b20bf46caca9-12x12.jpg 12w, https:\/\/laernorsknaa.com\/wp-content\/uploads\/2023\/12\/4213446-1699801884424-6b20bf46caca9-100x100.jpg 100w\" sizes=\"(max-width: 640px) 100vw, 300px\" alt=\"109 &#8211; Den gangen Norge nesten starta tredje verdenskrig\"><\/div><span class=\"ppjs__img-btn-style\" style=\"display: block; width: 100%; padding-top: 100%\"><\/div><\/div><\/div><\/div><\/div><div class=\"pod-content__launcher pod-launch\"><button class=\"pod-launch__button pod-launch__info pod-button\" aria-expanded=\"false\"><span class=\"ppjs__offscreen\">Mostrar la informaci\u00f3n del p\u00f3dcast<\/span><span class=\"btn-icon-wrap\"><svg class=\"icon icon-pp-podcast\" aria-hidden=\"true\" role=\"img\" focusable=\"false\"><use href=\"#icon-pp-podcast\" xlink:href=\"#icon-pp-podcast\"><\/use><\/svg><svg class=\"icon icon-pp-x\" aria-hidden=\"true\" role=\"img\" focusable=\"false\"><use href=\"#icon-pp-x\" xlink:href=\"#icon-pp-x\"><\/use><\/svg><\/span><\/button><\/div><\/div>\n\n\n<h2 class=\"wp-block-heading\"><strong>Transcript<\/strong><\/h2>\n\n\n\n<div class=\"wp-block-group transcript has-background\" style=\"background-color:#eff8ff\"><div class=\"wp-block-group__inner-container is-layout-flow wp-block-group-is-layout-flow\">\n<p id=\"viewer-ah1pe\">Youtube-video: <a href=\"https:\/\/www.youtube.com\/watch?v=NNSr5o5XZXA&amp;ab_channel=LearnNorwegianNow%21\">https:\/\/www.youtube.com\/watch?v=NNSr5o5XZXA&amp;ab_channel=LearnNorwegianNow%21<\/a><\/p>\n\n\n\n<p style=\"font-size:22px\"><strong>109 &#8211; Den gangen Norge nesten starta tredje verdenskrig<\/strong><\/p>\n\n\n\n<p>F\u00f8r vi begynner, vil jeg bare si at dere ogs\u00e5 kan se en vide av denne hendelsen som jeg har lagt ut p\u00e5 YouTube-kanalen. Den har tekster p\u00e5 norsk og engelsk, og jeg snakker p\u00e5 min dialekt. Dere finner ei lenke i deskripsjonen.&nbsp;<\/p>\n\n\n\n<p>Hendelsen p\u00e5 And\u00f8ya den 25. januar 1995, kjent som &#8220;Black Brant scare&#8221; p\u00e5 engelsk, skjedde i forbindelse med en rakettoppskytning fra And\u00f8ya Rakettskytefelt i Nord-Norge. Form\u00e5let med oppskytingen var \u00e5 studere nordlys over Svalbard ved hjelp av m\u00e5leutstyr ombord i raketten. De norske og amerikanske forskerne visste ingenting om hvor dramatisk denne oppskytingen skulle bli.&nbsp;<\/p>\n\n\n\n<p>Selv om Den kalde krigen var over i 1995 og Sovjetunionen ikke fantes mer, betydde ikke det at forholdet mellom USA og Russland var veldig godt p\u00e5 dette tidspunktet. De to landene stolte fortsatt ikke p\u00e5 hverandre. I tillegg hadde de to landene de klart st\u00f8rste lagrene av atomv\u00e5pen i verden. Men dette tenkte de norske og amerikanske forskerne p\u00e5 And\u00f8ya lite p\u00e5. De skulle skyte opp en forskningsrakett fra Nord-Norge til Svalbard for \u00e5 forske p\u00e5 nordlyset. De brukte en helt ny rakettype fra NASA kalt for Black Brant XII. Problemet var bare at raketten Black Brant var akkurat like stor som den amerikanske atomraketten Trident II. Og p\u00e5 raderen ser de to rakettene helt like ut.&nbsp;<\/p>\n\n\n\n<p>Russerne som jobbet p\u00e5 raderstasjonen s\u00e5 plutselig at det var en rakett som var p\u00e5 vei mot dem fra Norge. Og den gikk mot Moskva! Oppskytningen av denne forskningraketten s\u00e5 helt likt ut som Moskva sitt bilde av hvordan en atomkrig med vesten kom til \u00e5 begynne. Selvsagt var ikke raketten p\u00e5 vei mot Moskva, men det klarer man ikke \u00e5 se i oppskytningsfasen. I den f\u00f8rste fasen ser det helt likt ut, og russerne som overv\u00e5ket raketten p\u00e5 raderne sine, rapporterte at det var en rakett p\u00e5 vei mot Moskva. Hvordan kunne dette skje? Hadde ingen gitt beskjed til russerne om forksningsraketten?&nbsp;<\/p>\n\n\n\n<p>Jo, faktisk hadde russerne f\u00e5tt beskjed om at Norge og USA kom til \u00e5 sende en forksningsrakett fra And\u00f8ya. Problemet var bare at de hadde sendt dette flere uker i forveien f\u00f8r de sendte opp raketten. Denne informasjonen ble aldri gitt til radaroperat\u00f8rene i Russland. Det tok tid f\u00f8r de norske og amerikanske forskerne p\u00e5 And\u00f8ya forstod hva de hadde gjort.&nbsp;<\/p>\n\n\n\n<p>De russiske myndighetene trodde en amerikansk atomrakett var p\u00e5 vei mot dem fra Norge, og de satte i gang forberedelser for \u00e5 svare tilbake. Atomv\u00e5pnene ble satt i beredskap. Atomv\u00e5pnene ble satt klar til \u00e5 brukes. 8000 russiske atomv\u00e5pen var klare til \u00e5 skytes mot USA, Norge og andre NATO-land. Atomkofferten ble f\u00f8rt til og gitt til Boris Jeltsin, Russlands president, og han fikk en 10-minutters frist til \u00e5 avgj\u00f8re om Russland skulle svare. Etter 5 minutter var g\u00e5tt fikk russiske ub\u00e5ter ordre om \u00e5 innta kampposisjon og forberede seg p\u00e5 \u00e5 skyte atomraketter mot Vesten. Mannskapet p\u00e5 ub\u00e5tene ventet i fire nervepirrende minutter p\u00e5 en ordre som aldri kom. De fryktet at tredje verdenskrig kom til \u00e5 starte.&nbsp;<\/p>\n\n\n\n<p>Det var g\u00e5tt \u00e5tte minutter etter at alarmen f\u00f8rst gikk. Boris Jeltsin m\u00e5tte snart ta en avgj\u00f8relse. Det var bare to minutter igjen av den 10-minutters fristen. Snart ville det v\u00e6re for seint med \u00e5 svare USAs angrep. Presidenten m\u00e5tte snart bestemme seg for om de skulle skyte russiske atomraketter mot Vesten. Det ville bety begynnelsen p\u00e5 tredje verdenskrig. Men han visste samtidig at om USA angrep f\u00f8rst, ville de ha fordelen i krigen. Russland m\u00e5tte svare med et atomangrep tilbake; m\u00e5tte de ikke?<\/p>\n\n\n\n<p>Og det var akkurat p\u00e5 det \u00e5ttende minuttet at raketten gikk ned i Barentshavet, to minutter f\u00f8r den 10-minutter lange fristen Boris Jeltsin fikk. Motangrepet ble aldri starta, heldigvis. Likevel var misforst\u00e5elsen ekstremt alvorlig. If\u00f8lge russiske myndigheter var dette det n\u00e6rmeste de noensinne hadde v\u00e6rt et atomangrep. Dette var f\u00f8rste gang man vet at et land har aktivert sin s\u00e5kalte atomkoffert for \u00e5 v\u00e6re klar til \u00e5 starte et atomangrep.&nbsp; Hendelsen blir ofte sammenlignet med den beryktede Cubakrisen i 1962 og var nok minst like alvorlig, om ikke enda mer alvorlig. Norge var alts\u00e5 sv\u00e6rt n\u00e6re med \u00e5 starte tredje verdenskrig p\u00e5 grunn av en forskningsrakett.&nbsp;<\/p>\n\n\n\n<p>Etter denne hendelsen endra man rutinene for \u00e5 varsle om slike rakettoppskytninger. Likevel viser hendelsen p\u00e5 And\u00f8ya hvor lite som skal til for at en ulykke skjer. Dersom raketten bare hadde fl\u00f8yet litt lenger, kan det v\u00e6re at Russland hadde satt i gang et atomrakettangrep mot NATO. Da ville tredje verdenskrig ha starta. Det har v\u00e6rt diskutert om atomv\u00e5pen har gjort verden fredeligere eller ikke. Kanskje har atomv\u00e5pen hindra en stor konflikt mellom stormakter. Om atomv\u00e5pen har gjort verden fredeligere eller ikke, kommer vi aldri til \u00e5 vite. Men det vi kan vite med sikkerhet er at atomv\u00e5pen har gjort verden farligere. Jeg h\u00e5per at en slik hendelse aldri vil skje igjen, men som dere har sett skal det bare en liten misforst\u00e5else til f\u00f8r det kan g\u00e5 skikkelig galt.&nbsp;<\/p>\n\n\n\n<p>F\u00f8r vi avslutter, vil jeg bare minne dere p\u00e5 at dere ogs\u00e5 kan se denne historien som en video p\u00e5 YouTube-kanalen. Dere finner ei lenke i deskripsjonen.&nbsp;<\/p>\n<\/div><\/div>","protected":false},"excerpt":{"rendered":"<p>Hendelsen p\u00e5 And\u00f8ya den 25. januar 1995, kjent som &#8220;Black Brant scare&#8221; p\u00e5 engelsk, skjedde i forbindelse med en rakettoppskytning fra And\u00f8ya Rakettskytefelt i Nord-Norge. Form\u00e5let med oppskytingen var \u00e5 studere nordlys over Svalbard ved hjelp av m\u00e5leutstyr ombord i raketten. De norske og amerikanske forskerne visste ingenting om hvor dramatisk denne oppskytingen skulle bli. <\/p>","protected":false},"author":2,"featured_media":40447,"comment_status":"open","ping_status":"closed","sticky":false,"template":"","format":"standard","meta":{"_monsterinsights_skip_tracking":false,"_monsterinsights_sitenote_active":false,"_monsterinsights_sitenote_note":"","_monsterinsights_sitenote_category":0,"footnotes":""},"categories":[5],"tags":[30],"class_list":["post-40446","post","type-post","status-publish","format-standard","has-post-thumbnail","hentry","category-podcast","tag-historie"],"yoast_head":"<!-- This site is optimized with the Yoast SEO plugin v26.4 - https:\/\/yoast.com\/wordpress\/plugins\/seo\/ -->\n<title>109 - Den gangen Norge nesten starta tredje verdenskrig &#8211; L\u00e6r norsk n\u00e5<\/title>\n<meta name=\"robots\" content=\"index, follow, max-snippet:-1, max-image-preview:large, max-video-preview:-1\" \/>\n<link rel=\"canonical\" href=\"http:\/\/91.98.205.163:8089\/109-den-gangen-norge-nesten-starta-tredje-verdenskrig\/\" \/>\n<meta property=\"og:locale\" content=\"es_ES\" \/>\n<meta property=\"og:type\" content=\"article\" \/>\n<meta property=\"og:title\" content=\"109 - Den gangen Norge nesten starta tredje verdenskrig &#8211; L\u00e6r norsk n\u00e5\" \/>\n<meta property=\"og:description\" content=\"Hendelsen p\u00e5 And\u00f8ya den 25. januar 1995, kjent som &quot;Black Brant scare&quot; p\u00e5 engelsk, skjedde i forbindelse med en rakettoppskytning fra And\u00f8ya Rakettskytefelt i Nord-Norge. Form\u00e5let med oppskytingen var \u00e5 studere nordlys over Svalbard ved hjelp av m\u00e5leutstyr ombord i raketten. De norske og amerikanske forskerne visste ingenting om hvor dramatisk denne oppskytingen skulle bli.\" \/>\n<meta property=\"og:url\" content=\"http:\/\/91.98.205.163:8089\/109-den-gangen-norge-nesten-starta-tredje-verdenskrig\/\" \/>\n<meta property=\"og:site_name\" content=\"L\u00e6r norsk n\u00e5\" \/>\n<meta property=\"article:published_time\" content=\"2023-12-06T06:00:00+00:00\" \/>\n<meta property=\"og:image\" content=\"http:\/\/91.98.205.163:8089\/wp-content\/uploads\/2023\/11\/7-Black-Brant-XII.jpg\" \/>\n\t<meta property=\"og:image:width\" content=\"942\" \/>\n\t<meta property=\"og:image:height\" content=\"1183\" \/>\n\t<meta property=\"og:image:type\" content=\"image\/jpeg\" \/>\n<meta name=\"author\" content=\"Marius Stangeland\" \/>\n<meta name=\"twitter:card\" content=\"summary_large_image\" \/>\n<meta name=\"twitter:label1\" content=\"Escrito por\" \/>\n\t<meta name=\"twitter:data1\" content=\"Marius Stangeland\" \/>\n\t<meta name=\"twitter:label2\" content=\"Tiempo de lectura\" \/>\n\t<meta name=\"twitter:data2\" content=\"4 minutos\" \/>\n<script type=\"application\/ld+json\" class=\"yoast-schema-graph\">{\"@context\":\"https:\/\/schema.org\",\"@graph\":[{\"@type\":\"Article\",\"@id\":\"http:\/\/91.98.205.163:8089\/109-den-gangen-norge-nesten-starta-tredje-verdenskrig\/#article\",\"isPartOf\":{\"@id\":\"http:\/\/91.98.205.163:8089\/109-den-gangen-norge-nesten-starta-tredje-verdenskrig\/\"},\"author\":{\"name\":\"Marius Stangeland\",\"@id\":\"http:\/\/91.98.205.163:8089\/#\/schema\/person\/372f7f766a136344430614732659b5f2\"},\"headline\":\"109 &#8211; Den gangen Norge nesten starta tredje verdenskrig\",\"datePublished\":\"2023-12-06T06:00:00+00:00\",\"mainEntityOfPage\":{\"@id\":\"http:\/\/91.98.205.163:8089\/109-den-gangen-norge-nesten-starta-tredje-verdenskrig\/\"},\"wordCount\":989,\"commentCount\":2,\"publisher\":{\"@id\":\"http:\/\/91.98.205.163:8089\/#\/schema\/person\/372f7f766a136344430614732659b5f2\"},\"image\":{\"@id\":\"http:\/\/91.98.205.163:8089\/109-den-gangen-norge-nesten-starta-tredje-verdenskrig\/#primaryimage\"},\"thumbnailUrl\":\"https:\/\/laernorsknaa.com\/wp-content\/uploads\/2023\/11\/7-Black-Brant-XII.jpg\",\"keywords\":[\"historie\"],\"articleSection\":[\"Podcast\"],\"inLanguage\":\"es\",\"potentialAction\":[{\"@type\":\"CommentAction\",\"name\":\"Comment\",\"target\":[\"http:\/\/91.98.205.163:8089\/109-den-gangen-norge-nesten-starta-tredje-verdenskrig\/#respond\"]}]},{\"@type\":\"WebPage\",\"@id\":\"http:\/\/91.98.205.163:8089\/109-den-gangen-norge-nesten-starta-tredje-verdenskrig\/\",\"url\":\"http:\/\/91.98.205.163:8089\/109-den-gangen-norge-nesten-starta-tredje-verdenskrig\/\",\"name\":\"109 - Den gangen Norge nesten starta tredje verdenskrig &#8211; L\u00e6r norsk n\u00e5\",\"isPartOf\":{\"@id\":\"http:\/\/91.98.205.163:8089\/#website\"},\"primaryImageOfPage\":{\"@id\":\"http:\/\/91.98.205.163:8089\/109-den-gangen-norge-nesten-starta-tredje-verdenskrig\/#primaryimage\"},\"image\":{\"@id\":\"http:\/\/91.98.205.163:8089\/109-den-gangen-norge-nesten-starta-tredje-verdenskrig\/#primaryimage\"},\"thumbnailUrl\":\"https:\/\/laernorsknaa.com\/wp-content\/uploads\/2023\/11\/7-Black-Brant-XII.jpg\",\"datePublished\":\"2023-12-06T06:00:00+00:00\",\"breadcrumb\":{\"@id\":\"http:\/\/91.98.205.163:8089\/109-den-gangen-norge-nesten-starta-tredje-verdenskrig\/#breadcrumb\"},\"inLanguage\":\"es\",\"potentialAction\":[{\"@type\":\"ReadAction\",\"target\":[\"http:\/\/91.98.205.163:8089\/109-den-gangen-norge-nesten-starta-tredje-verdenskrig\/\"]}]},{\"@type\":\"ImageObject\",\"inLanguage\":\"es\",\"@id\":\"http:\/\/91.98.205.163:8089\/109-den-gangen-norge-nesten-starta-tredje-verdenskrig\/#primaryimage\",\"url\":\"https:\/\/laernorsknaa.com\/wp-content\/uploads\/2023\/11\/7-Black-Brant-XII.jpg\",\"contentUrl\":\"https:\/\/laernorsknaa.com\/wp-content\/uploads\/2023\/11\/7-Black-Brant-XII.jpg\",\"width\":942,\"height\":1183},{\"@type\":\"BreadcrumbList\",\"@id\":\"http:\/\/91.98.205.163:8089\/109-den-gangen-norge-nesten-starta-tredje-verdenskrig\/#breadcrumb\",\"itemListElement\":[{\"@type\":\"ListItem\",\"position\":1,\"name\":\"Home\",\"item\":\"http:\/\/91.98.205.163:8089\/\"},{\"@type\":\"ListItem\",\"position\":2,\"name\":\"109 &#8211; Den gangen Norge nesten starta tredje verdenskrig\"}]},{\"@type\":\"WebSite\",\"@id\":\"http:\/\/91.98.205.163:8089\/#website\",\"url\":\"http:\/\/91.98.205.163:8089\/\",\"name\":\"L\u00e6r norsk n\u00e5!\",\"description\":\"Resources and podcasts to learn Norwegian\",\"publisher\":{\"@id\":\"http:\/\/91.98.205.163:8089\/#\/schema\/person\/372f7f766a136344430614732659b5f2\"},\"potentialAction\":[{\"@type\":\"SearchAction\",\"target\":{\"@type\":\"EntryPoint\",\"urlTemplate\":\"http:\/\/91.98.205.163:8089\/?s={search_term_string}\"},\"query-input\":{\"@type\":\"PropertyValueSpecification\",\"valueRequired\":true,\"valueName\":\"search_term_string\"}}],\"inLanguage\":\"es\"},{\"@type\":[\"Person\",\"Organization\"],\"@id\":\"http:\/\/91.98.205.163:8089\/#\/schema\/person\/372f7f766a136344430614732659b5f2\",\"name\":\"Marius Stangeland\",\"image\":{\"@type\":\"ImageObject\",\"inLanguage\":\"es\",\"@id\":\"http:\/\/91.98.205.163:8089\/#\/schema\/person\/image\/\",\"url\":\"https:\/\/secure.gravatar.com\/avatar\/3ed6f06da2edefcae6cf6bb78721e567c1d9117b6b5b9b98efa5ff3b8d0de5c0?s=96&d=retro&r=g\",\"contentUrl\":\"https:\/\/secure.gravatar.com\/avatar\/3ed6f06da2edefcae6cf6bb78721e567c1d9117b6b5b9b98efa5ff3b8d0de5c0?s=96&d=retro&r=g\",\"caption\":\"Marius Stangeland\"},\"logo\":{\"@id\":\"http:\/\/91.98.205.163:8089\/#\/schema\/person\/image\/\"}}]}<\/script>\n<!-- \/ Yoast SEO plugin. -->","yoast_head_json":{"title":"109 - Den gangen Norge nesten starta tredje verdenskrig &#8211; L\u00e6r norsk n\u00e5","robots":{"index":"index","follow":"follow","max-snippet":"max-snippet:-1","max-image-preview":"max-image-preview:large","max-video-preview":"max-video-preview:-1"},"canonical":"http:\/\/91.98.205.163:8089\/109-den-gangen-norge-nesten-starta-tredje-verdenskrig\/","og_locale":"es_ES","og_type":"article","og_title":"109 - Den gangen Norge nesten starta tredje verdenskrig &#8211; L\u00e6r norsk n\u00e5","og_description":"Hendelsen p\u00e5 And\u00f8ya den 25. januar 1995, kjent som \"Black Brant scare\" p\u00e5 engelsk, skjedde i forbindelse med en rakettoppskytning fra And\u00f8ya Rakettskytefelt i Nord-Norge. Form\u00e5let med oppskytingen var \u00e5 studere nordlys over Svalbard ved hjelp av m\u00e5leutstyr ombord i raketten. De norske og amerikanske forskerne visste ingenting om hvor dramatisk denne oppskytingen skulle bli.","og_url":"http:\/\/91.98.205.163:8089\/109-den-gangen-norge-nesten-starta-tredje-verdenskrig\/","og_site_name":"L\u00e6r norsk n\u00e5","article_published_time":"2023-12-06T06:00:00+00:00","og_image":[{"width":942,"height":1183,"url":"http:\/\/91.98.205.163:8089\/wp-content\/uploads\/2023\/11\/7-Black-Brant-XII.jpg","type":"image\/jpeg"}],"author":"Marius Stangeland","twitter_card":"summary_large_image","twitter_misc":{"Escrito por":"Marius Stangeland","Tiempo de lectura":"4 minutos"},"schema":{"@context":"https:\/\/schema.org","@graph":[{"@type":"Article","@id":"http:\/\/91.98.205.163:8089\/109-den-gangen-norge-nesten-starta-tredje-verdenskrig\/#article","isPartOf":{"@id":"http:\/\/91.98.205.163:8089\/109-den-gangen-norge-nesten-starta-tredje-verdenskrig\/"},"author":{"name":"Marius Stangeland","@id":"http:\/\/91.98.205.163:8089\/#\/schema\/person\/372f7f766a136344430614732659b5f2"},"headline":"109 &#8211; Den gangen Norge nesten starta tredje verdenskrig","datePublished":"2023-12-06T06:00:00+00:00","mainEntityOfPage":{"@id":"http:\/\/91.98.205.163:8089\/109-den-gangen-norge-nesten-starta-tredje-verdenskrig\/"},"wordCount":989,"commentCount":2,"publisher":{"@id":"http:\/\/91.98.205.163:8089\/#\/schema\/person\/372f7f766a136344430614732659b5f2"},"image":{"@id":"http:\/\/91.98.205.163:8089\/109-den-gangen-norge-nesten-starta-tredje-verdenskrig\/#primaryimage"},"thumbnailUrl":"https:\/\/laernorsknaa.com\/wp-content\/uploads\/2023\/11\/7-Black-Brant-XII.jpg","keywords":["historie"],"articleSection":["Podcast"],"inLanguage":"es","potentialAction":[{"@type":"CommentAction","name":"Comment","target":["http:\/\/91.98.205.163:8089\/109-den-gangen-norge-nesten-starta-tredje-verdenskrig\/#respond"]}]},{"@type":"WebPage","@id":"http:\/\/91.98.205.163:8089\/109-den-gangen-norge-nesten-starta-tredje-verdenskrig\/","url":"http:\/\/91.98.205.163:8089\/109-den-gangen-norge-nesten-starta-tredje-verdenskrig\/","name":"109 - Den gangen Norge nesten starta tredje verdenskrig &#8211; L\u00e6r norsk n\u00e5","isPartOf":{"@id":"http:\/\/91.98.205.163:8089\/#website"},"primaryImageOfPage":{"@id":"http:\/\/91.98.205.163:8089\/109-den-gangen-norge-nesten-starta-tredje-verdenskrig\/#primaryimage"},"image":{"@id":"http:\/\/91.98.205.163:8089\/109-den-gangen-norge-nesten-starta-tredje-verdenskrig\/#primaryimage"},"thumbnailUrl":"https:\/\/laernorsknaa.com\/wp-content\/uploads\/2023\/11\/7-Black-Brant-XII.jpg","datePublished":"2023-12-06T06:00:00+00:00","breadcrumb":{"@id":"http:\/\/91.98.205.163:8089\/109-den-gangen-norge-nesten-starta-tredje-verdenskrig\/#breadcrumb"},"inLanguage":"es","potentialAction":[{"@type":"ReadAction","target":["http:\/\/91.98.205.163:8089\/109-den-gangen-norge-nesten-starta-tredje-verdenskrig\/"]}]},{"@type":"ImageObject","inLanguage":"es","@id":"http:\/\/91.98.205.163:8089\/109-den-gangen-norge-nesten-starta-tredje-verdenskrig\/#primaryimage","url":"https:\/\/laernorsknaa.com\/wp-content\/uploads\/2023\/11\/7-Black-Brant-XII.jpg","contentUrl":"https:\/\/laernorsknaa.com\/wp-content\/uploads\/2023\/11\/7-Black-Brant-XII.jpg","width":942,"height":1183},{"@type":"BreadcrumbList","@id":"http:\/\/91.98.205.163:8089\/109-den-gangen-norge-nesten-starta-tredje-verdenskrig\/#breadcrumb","itemListElement":[{"@type":"ListItem","position":1,"name":"Home","item":"http:\/\/91.98.205.163:8089\/"},{"@type":"ListItem","position":2,"name":"109 &#8211; Den gangen Norge nesten starta tredje verdenskrig"}]},{"@type":"WebSite","@id":"http:\/\/91.98.205.163:8089\/#website","url":"http:\/\/91.98.205.163:8089\/","name":"L\u00e6r norsk n\u00e5!","description":"Recursos y podcasts para aprender noruego","publisher":{"@id":"http:\/\/91.98.205.163:8089\/#\/schema\/person\/372f7f766a136344430614732659b5f2"},"potentialAction":[{"@type":"SearchAction","target":{"@type":"EntryPoint","urlTemplate":"http:\/\/91.98.205.163:8089\/?s={search_term_string}"},"query-input":{"@type":"PropertyValueSpecification","valueRequired":true,"valueName":"search_term_string"}}],"inLanguage":"es"},{"@type":["Person","Organization"],"@id":"http:\/\/91.98.205.163:8089\/#\/schema\/person\/372f7f766a136344430614732659b5f2","name":"Marius Stangeland","image":{"@type":"ImageObject","inLanguage":"es","@id":"http:\/\/91.98.205.163:8089\/#\/schema\/person\/image\/","url":"https:\/\/secure.gravatar.com\/avatar\/3ed6f06da2edefcae6cf6bb78721e567c1d9117b6b5b9b98efa5ff3b8d0de5c0?s=96&d=retro&r=g","contentUrl":"https:\/\/secure.gravatar.com\/avatar\/3ed6f06da2edefcae6cf6bb78721e567c1d9117b6b5b9b98efa5ff3b8d0de5c0?s=96&d=retro&r=g","caption":"Marius Stangeland"},"logo":{"@id":"http:\/\/91.98.205.163:8089\/#\/schema\/person\/image\/"}}]}},"_links":{"self":[{"href":"https:\/\/laernorsknaa.com\/es\/wp-json\/wp\/v2\/posts\/40446","targetHints":{"allow":["GET"]}}],"collection":[{"href":"https:\/\/laernorsknaa.com\/es\/wp-json\/wp\/v2\/posts"}],"about":[{"href":"https:\/\/laernorsknaa.com\/es\/wp-json\/wp\/v2\/types\/post"}],"author":[{"embeddable":true,"href":"https:\/\/laernorsknaa.com\/es\/wp-json\/wp\/v2\/users\/2"}],"replies":[{"embeddable":true,"href":"https:\/\/laernorsknaa.com\/es\/wp-json\/wp\/v2\/comments?post=40446"}],"version-history":[{"count":2,"href":"https:\/\/laernorsknaa.com\/es\/wp-json\/wp\/v2\/posts\/40446\/revisions"}],"predecessor-version":[{"id":40450,"href":"https:\/\/laernorsknaa.com\/es\/wp-json\/wp\/v2\/posts\/40446\/revisions\/40450"}],"wp:featuredmedia":[{"embeddable":true,"href":"https:\/\/laernorsknaa.com\/es\/wp-json\/wp\/v2\/media\/40447"}],"wp:attachment":[{"href":"https:\/\/laernorsknaa.com\/es\/wp-json\/wp\/v2\/media?parent=40446"}],"wp:term":[{"taxonomy":"category","embeddable":true,"href":"https:\/\/laernorsknaa.com\/es\/wp-json\/wp\/v2\/categories?post=40446"},{"taxonomy":"post_tag","embeddable":true,"href":"https:\/\/laernorsknaa.com\/es\/wp-json\/wp\/v2\/tags?post=40446"}],"curies":[{"name":"wp","href":"https:\/\/api.w.org\/{rel}","templated":true}]}}