{"id":40474,"date":"2023-12-06T07:00:00","date_gmt":"2023-12-06T06:00:00","guid":{"rendered":"http:\/\/91.98.205.163:8089\/?p=40474"},"modified":"2023-11-12T17:51:47","modified_gmt":"2023-11-12T16:51:47","slug":"7-9-norway-in-the-cold-war-1945-1995","status":"publish","type":"post","link":"https:\/\/laernorsknaa.com\/es\/7-9-norway-in-the-cold-war-1945-1995\/","title":{"rendered":"7.9 &#8211; Norway in the Cold War (1945-1995)"},"content":{"rendered":"<p>06 desember 2023 | 19 minutter<\/p>\n\n\n\t\t\t<style type=\"text\/css\">#pp-podcast-305 a, .pp-modal-window .modal-305 a, .pp-modal-window .aux-modal-305 a, #pp-podcast-305 .ppjs__more { color: #c8102e; } #pp-podcast-305:not(.modern) .ppjs__audio .ppjs__button.ppjs__playpause-button button *, #pp-podcast-305:not(.modern) .ppjs__audio .ppjs__button.ppjs__playpause-button button:hover *, #pp-podcast-305:not(.modern) .ppjs__audio .ppjs__button.ppjs__playpause-button button:focus *, .pp-modal-window .modal-305 .ppjs__audio .ppjs__button.ppjs__playpause-button button *, .pp-modal-window .modal-305 .ppjs__audio .ppjs__button.ppjs__playpause-button button:hover *, .pp-modal-window .modal-305 .ppjs__audio .ppjs__button.ppjs__playpause-button button:focus *, .pp-modal-window .aux-modal-305 .pod-entry__play *, .pp-modal-window .aux-modal-305 .pod-entry__play:hover * { color: #c8102e !important; } #pp-podcast-305.postview .episode-list__load-more, .pp-modal-window .aux-modal-305 .episode-list__load-more, #pp-podcast-305:not(.modern) .ppjs__time-handle-content, .modal-305 .ppjs__time-handle-content { border-color: #c8102e !important; } #pp-podcast-305:not(.modern) .ppjs__audio-time-rail, #pp-podcast-305.lv3 .pod-entry__play, #pp-podcast-305.lv4 .pod-entry__play, #pp-podcast-305.gv2 .pod-entry__play, #pp-podcast-305.modern.wide-player .ppjs__audio .ppjs__button.ppjs__playpause-button button, #pp-podcast-305.modern.wide-player .ppjs__audio .ppjs__button.ppjs__playpause-button button:hover, #pp-podcast-305.modern.wide-player .ppjs__audio .ppjs__button.ppjs__playpause-button button:focus, .pp-modal-window .modal-305 button.episode-list__load-more, .pp-modal-window .modal-305 .ppjs__audio-time-rail, .pp-modal-window .modal-305 button.pp-modal-close { background-color: #c8102e !important; } #pp-podcast-305 .hasCover .ppjs__audio .ppjs__button.ppjs__playpause-button button { background-color: rgba(0, 0, 0, 0.5) !important; } .pp-modal-window .modal-305 button.episode-list__load-more:hover, .pp-modal-window .modal-305 button.episode-list__load-more:focus, .pp-modal-window .aux-modal-305 button.episode-list__load-more:hover, .pp-modal-window .aux-modal-305 button.episode-list__load-more:focus { background-color: rgba( 200,16,46, 0.7 ) !important; } #pp-podcast-305 .ppjs__button.toggled-on, .pp-modal-window .modal-305 .ppjs__button.toggled-on, #pp-podcast-305.playerview .pod-entry.activeEpisode, .pp-modal-window .modal-305.playerview .pod-entry.activeEpisode { background-color: rgba( 200,16,46, 0.1 ); } #pp-podcast-305.postview .episode-list__load-more { background-color: transparent !important; } #pp-podcast-305.modern:not(.wide-player) .ppjs__audio .ppjs__button.ppjs__playpause-button button *, #pp-podcast-305.modern:not(.wide-player) .ppjs__audio .ppjs__button.ppjs__playpause-button button:hover *, #pp-podcast-305.modern:not(.wide-player) .ppjs__audio .ppjs__button.ppjs__playpause-button button:focus * { color: #c8102e !important; } #pp-podcast-305.modern:not(.wide-player) .ppjs__time-handle-content { border-color: #c8102e !important; } #pp-podcast-305.modern:not(.wide-player) .ppjs__audio-time-rail { background-color: #c8102e !important; } #pp-podcast-305, .modal-305, .aux-modal-305 { --pp-accent-color: #c8102e; }<\/style>\n\t\t\t<div id=\"pp-podcast-305\" class=\"pp-podcast has-header header-hidden has-featured playerview media-audio\"  data-teaser=\"\" data-elength=\"25\" data-eunit=\"\" data-ppsdata=\"{&quot;ppe-305-1&quot;:{&quot;title&quot;:&quot;Ytringsfrihet &#8211; Free Speech&quot;,&quot;description&quot;:&quot;&lt;p&gt;Transcript: &lt;a href=\\&quot;https:\\\/\\\/laernorsknaa.com\\\/ytringsfrihet-free-speech\\\/\\&quot;&gt;Ytringsfrihet &#8211; Free Speech \\u2013 L\\u00e6r norsk n\\u00e5&lt;\\\/a&gt;&lt;\\\/p&gt;\\n&lt;p&gt;&lt;\\\/p&gt;\\n&lt;p&gt;L\\u00e6r norsk n\\u00e5! episode: &lt;a href=\\&quot;https:\\\/\\\/laernorsknaa.com\\\/121-ytringsfrihet-i-norge\\\/\\&quot; target=\\&quot;_blank\\&quot; rel=\\&quot;ugc noopener noreferrer\\&quot;&gt;\\u2060\\u2060https:\\\/\\\/laernorsknaa.com\\\/121-ytringsfrihet-i-norge\\\/\\u2060\\u2060\\u2060&lt;\\\/a&gt;&lt;\\\/p&gt;\\n&lt;p&gt;&lt;\\\/p&gt;\\n&lt;p&gt;Buy muy new book &#8221;Learn Norwegian with Norse Mythology&#8221;: &lt;a href=\\&quot;https:\\\/\\\/buy.stripe.com\\\/bIYdT7dCM1wLeVGdQQ?locale=en&amp;__embed_source=buy_btn_1QhRZFLUx0JXaC0N4FoHRjI1\\&quot; target=\\&quot;_blank\\&quot; rel=\\&quot;ugc noopener noreferrer\\&quot;&gt;\\u2060\\u2060https:\\\/\\\/buy.stripe.com\\\/bIYdT7dCM1wLeVGdQQ?locale=en&amp;__embed_source=buy_btn_1QhRZFLUx0JXaC0N4FoHRjI1\\u2060\\u2060&lt;\\\/a&gt;&lt;\\\/p&gt;\\n&lt;p&gt;&lt;\\\/p&gt;\\n&lt;p&gt;More information about &#8221;Learn Norwegian with Norse Mythology&#8221;:&lt;a href=\\&quot;https:\\\/\\\/laernorsknaa.com\\\/shop-butikk\\\/\\&quot; target=\\&quot;_blank\\&quot; rel=\\&quot;ugc noopener noreferrer\\&quot;&gt;\\u2060\\u2060 https:\\\/\\\/laernorsknaa.com\\\/shop-butikk\\\/\\u2060\\u2060&lt;\\\/a&gt;&lt;\\\/p&gt;\\n&lt;p&gt;Email: Laernorsknaa@gmail.com&lt;\\\/p&gt;\\n&lt;p&gt;Transcript: &lt;a href=\\&quot;https:\\\/\\\/laernorsknaa.com\\\/fordeler-med-a-bo-i-byen\\\/\\&quot; target=\\&quot;_blank\\&quot; rel=\\&quot;ugc noopener noreferrer\\&quot;&gt;\\u2060\\u2060Fordeler med \\u00e5 bo i byen \\u2013 L\\u00e6r norsk n\\u00e5\\u2060\\u2060\\u2060&lt;\\\/a&gt;&lt;\\\/p&gt;\\n&lt;p&gt;Support the channel:&lt;\\\/p&gt;\\n&lt;p&gt;Patreon:&lt;a href=\\&quot;https:\\\/\\\/www.patreon.com\\\/laernorsknaa\\&quot; target=\\&quot;_blank\\&quot; rel=\\&quot;ugc noopener noreferrer\\&quot;&gt;\\u2060\\u2060 https:\\\/\\\/www.patreon.com\\\/laernorsknaa\\u2060\\u2060&lt;\\\/a&gt;&lt;\\\/p&gt;\\n&lt;p&gt;&lt;\\\/p&gt;\\n&lt;p&gt;Donation: (Paypal): &lt;a href=\\&quot;https:\\\/\\\/www.paypal.com\\\/donate\\\/?hosted_button_id=KG22H9FPVG22N\\&quot; target=\\&quot;_blank\\&quot; rel=\\&quot;ugc noopener noreferrer\\&quot;&gt;\\u2060\\u2060https:\\\/\\\/www.paypal.com\\\/donate\\\/?hosted_button_id=KG22H9FPVG22N\\u2060\\u2060&lt;\\\/a&gt;&lt;\\\/p&gt;\\n&lt;p&gt;&lt;\\\/p&gt;\\n&lt;p&gt;&lt;\\\/p&gt;\\n&lt;p&gt;Picture: Copy of the original constitution of 1814. &lt;\\\/p&gt;\\n&quot;,&quot;author&quot;:&quot;Marius Stangeland&quot;,&quot;date&quot;:&quot;07-03-2026&quot;,&quot;link&quot;:&quot;https:\\\/\\\/podcasters.spotify.com\\\/pod\\\/show\\\/marius-stangeland1\\\/episodes\\\/Ytringsfrihet---Free-Speech-e3g2s4k&quot;,&quot;src&quot;:&quot;https:\\\/\\\/anchor.fm\\\/s\\\/4adac90c\\\/podcast\\\/play\\\/116534868\\\/https%3A%2F%2Fd3ctxlq1ktw2nl.cloudfront.net%2Fstaging%2F2026-2-7%2F419484468-44100-2-5f7ba2d4acb93.m4a&quot;,&quot;featured&quot;:&quot;https:\\\/\\\/d3t3ozftmdmh3i.cloudfront.net\\\/staging\\\/podcast_uploaded_episode\\\/12458523\\\/12458523-1772883952179-66993fb1d9b99.jpg&quot;,&quot;featured_id&quot;:0,&quot;mediatype&quot;:&quot;audio&quot;,&quot;season&quot;:0,&quot;categories&quot;:[],&quot;duration&quot;:&quot;05:59&quot;,&quot;episodetype&quot;:&quot;full&quot;,&quot;timestamp&quot;:1772883989,&quot;key&quot;:&quot;165511fd876a2d29fba37d67797e381c&quot;,&quot;fset&quot;:&quot;&quot;,&quot;fratio&quot;:1},&quot;ppe-305-2&quot;:{&quot;title&quot;:&quot;Which languages do Norwegians learn?&quot;,&quot;description&quot;:&quot;&lt;p&gt;Buy the book and audiobook &#8221;Learn Norwegian with Norse Mythology&#8221; :&lt;a href=\\&quot;https:\\\/\\\/buy.stripe.com\\\/bIYdT7dCM1wLeVGdQQ?locale=en&amp;__embed_source=buy_btn_1QhRZFLUx0JXaC0N4FoHRjI1\\&quot; target=\\&quot;_blank\\&quot; rel=\\&quot;ugc noopener noreferrer\\&quot;&gt; \\u2060\\u2060\\u2060https:\\\/\\\/buy.stripe.com\\\/bIYdT7dCM1wLeVGdQQ?locale=en&amp;__embed_source=buy_btn_1QhRZFLUx0JXaC0N4FoHRjI1\\u2060\\u2060\\u2060\\u2060\\u2060\\u2060&lt;\\\/a&gt;&lt;\\\/p&gt;\\n&lt;p&gt;&lt;\\\/p&gt;\\n&lt;p&gt;More information about the book&lt;a href=\\&quot;https:\\\/\\\/laernorsknaa.com\\\/shop-butikk\\\/\\&quot; target=\\&quot;_blank\\&quot; rel=\\&quot;ugc noopener noreferrer\\&quot;&gt;:\\u2060\\u2060\\u2060\\u2060\\u2060\\u2060Shop \\u2013 L\\u00e6r norsk n\\u00e5\\u2060\\u2060\\u2060\\u2060\\u2060&lt;\\\/a&gt;&lt;\\\/p&gt;\\n&lt;p&gt;&#8212;&#8212;&#8212;&#8212;&#8212;&#8212;&#8212;&#8212;&#8212;&#8212;&#8212;&#8212;&#8212;&#8212;&#8212;&#8212;&#8212;&#8212;&#8212;&#8212;&#8212;&#8212;-&lt;\\\/p&gt;\\n&lt;p&gt;&lt;\\\/p&gt;\\n&lt;p&gt;Email: Laernorsknaa@gmail.com&lt;\\\/p&gt;\\n&lt;p&gt;Transcript: &lt;a href=\\&quot;https:\\\/\\\/laernorsknaa.com\\\/which-languages-do-norwegians-learn\\\/\\&quot; target=\\&quot;_blank\\&quot; rel=\\&quot;noopener noreferer\\&quot;&gt;https:\\\/\\\/laernorsknaa.com\\\/which-languages-do-norwegians-learn\\\/\\u2060&lt;\\\/a&gt;&lt;\\\/p&gt;\\n&lt;p&gt;&lt;\\\/p&gt;\\n&lt;p&gt;&lt;strong&gt;Support me here &#8211;&gt;&lt;\\\/strong&gt;&lt;\\\/p&gt;\\n&lt;p&gt;Patreon:\\u00a0\\u2060\\u2060\\u2060\\u2060\\u2060\\u2060\\u2060\\u2060\\u2060\\u2060\\u2060\\u2060\\u2060\\u2060\\u2060\\u2060\\u2060\\u2060\\u2060\\u2060\\u2060&lt;a href=\\&quot;https:\\\/\\\/www.patreon.com\\\/laernorsknaa\\&quot; target=\\&quot;_blank\\&quot; rel=\\&quot;ugc noopener noreferrer\\&quot;&gt;https:\\\/\\\/www.patreon.com\\\/laernorsknaa\\u2060\\u2060\\u2060\\u2060\\u2060\\u2060\\u2060\\u2060\\u2060\\u2060\\u2060\\u2060\\u2060\\u2060\\u2060\\u2060\\u2060\\u2060\\u2060\\u2060\\u2060&lt;\\\/a&gt;&lt;\\\/p&gt;\\n&lt;p&gt;Donasjon (Paypal):\\u00a0\\u2060\\u2060\\u2060\\u2060\\u2060\\u2060\\u2060\\u2060\\u2060\\u2060\\u2060\\u2060\\u2060\\u2060\\u2060\\u2060\\u2060\\u2060\\u2060\\u2060\\u2060&lt;a href=\\&quot;https:\\\/\\\/www.paypal.com\\\/donate\\\/?hosted_button_id=KG22H9FPVG22N\\&quot; target=\\&quot;_blank\\&quot; rel=\\&quot;ugc noopener noreferrer\\&quot;&gt;Doner (paypal.com)\\u2060\\u2060\\u2060\\u2060\\u2060\\u2060\\u2060\\u2060\\u2060\\u2060\\u2060\\u2060\\u2060\\u2060&lt;\\\/a&gt;&lt;\\\/p&gt;\\n&lt;p&gt;&lt;\\\/p&gt;\\n&quot;,&quot;author&quot;:&quot;Marius Stangeland&quot;,&quot;date&quot;:&quot;13-12-2025&quot;,&quot;link&quot;:&quot;https:\\\/\\\/podcasters.spotify.com\\\/pod\\\/show\\\/marius-stangeland1\\\/episodes\\\/Which-languages-do-Norwegians-learn-e3c9jrv&quot;,&quot;src&quot;:&quot;https:\\\/\\\/anchor.fm\\\/s\\\/4adac90c\\\/podcast\\\/play\\\/112561471\\\/https%3A%2F%2Fd3ctxlq1ktw2nl.cloudfront.net%2Fstaging%2F2025-11-12%2F414292697-44100-2-1b42fc6fe59e8.m4a&quot;,&quot;featured&quot;:&quot;https:\\\/\\\/laernorsknaa.com\\\/wp-content\\\/uploads\\\/2025\\\/12\\\/12458523-1765577127682-1e3eb8cdc5bab-768x768.jpg&quot;,&quot;featured_id&quot;:80269,&quot;mediatype&quot;:&quot;audio&quot;,&quot;season&quot;:0,&quot;categories&quot;:[],&quot;duration&quot;:&quot;06:48&quot;,&quot;episodetype&quot;:&quot;full&quot;,&quot;timestamp&quot;:1765602000,&quot;key&quot;:&quot;7351beba03e15d34e6aaa1f1b248ebb7&quot;,&quot;fset&quot;:&quot;https:\\\/\\\/laernorsknaa.com\\\/wp-content\\\/uploads\\\/2025\\\/12\\\/12458523-1765577127682-1e3eb8cdc5bab-768x768.jpg 768w, https:\\\/\\\/laernorsknaa.com\\\/wp-content\\\/uploads\\\/2025\\\/12\\\/12458523-1765577127682-1e3eb8cdc5bab-300x300.jpg 300w, https:\\\/\\\/laernorsknaa.com\\\/wp-content\\\/uploads\\\/2025\\\/12\\\/12458523-1765577127682-1e3eb8cdc5bab-1024x1024.jpg 1024w, https:\\\/\\\/laernorsknaa.com\\\/wp-content\\\/uploads\\\/2025\\\/12\\\/12458523-1765577127682-1e3eb8cdc5bab-150x150.jpg 150w, https:\\\/\\\/laernorsknaa.com\\\/wp-content\\\/uploads\\\/2025\\\/12\\\/12458523-1765577127682-1e3eb8cdc5bab-1536x1536.jpg 1536w, https:\\\/\\\/laernorsknaa.com\\\/wp-content\\\/uploads\\\/2025\\\/12\\\/12458523-1765577127682-1e3eb8cdc5bab-2048x2048.jpg 2048w, https:\\\/\\\/laernorsknaa.com\\\/wp-content\\\/uploads\\\/2025\\\/12\\\/12458523-1765577127682-1e3eb8cdc5bab-12x12.jpg 12w, https:\\\/\\\/laernorsknaa.com\\\/wp-content\\\/uploads\\\/2025\\\/12\\\/12458523-1765577127682-1e3eb8cdc5bab-100x100.jpg 100w&quot;,&quot;fratio&quot;:1},&quot;load_info&quot;:{&quot;loaded&quot;:2,&quot;displayed&quot;:1,&quot;offset&quot;:0,&quot;maxItems&quot;:107,&quot;src&quot;:&quot;3ededa9a19390bfc730d953d0b77d32d&quot;,&quot;step&quot;:1,&quot;sortby&quot;:&quot;sort_date_desc&quot;,&quot;filterby&quot;:&quot;&quot;,&quot;fixed&quot;:&quot;&quot;,&quot;args&quot;:{&quot;imgurl&quot;:&quot;https:\\\/\\\/d3t3ozftmdmh3i.cloudfront.net\\\/production\\\/podcast_uploaded_nologo\\\/12458523\\\/12458523-1612293410160-23a9be9fbb4dc.jpg&quot;,&quot;imgset&quot;:&quot;&quot;,&quot;display&quot;:&quot;&quot;,&quot;hddesc&quot;:0,&quot;hdfeat&quot;:0,&quot;oricov&quot;:&quot;https:\\\/\\\/d3t3ozftmdmh3i.cloudfront.net\\\/production\\\/podcast_uploaded_nologo\\\/12458523\\\/12458523-1612293410160-23a9be9fbb4dc.jpg&quot;,&quot;elength&quot;:25}},&quot;rdata&quot;:{&quot;permalink&quot;:&quot;https:\\\/\\\/laernorsknaa.com\\\/es\\\/wp-json\\\/wp\\\/v2\\\/posts\\\/40474&quot;,&quot;fprint&quot;:&quot;3ededa9a19390bfc730d953d0b77d32d&quot;,&quot;from&quot;:&quot;feedurl&quot;,&quot;elen&quot;:25,&quot;eunit&quot;:&quot;&quot;,&quot;teaser&quot;:&quot;&quot;,&quot;title&quot;:&quot;Norsk for Beginners&quot;,&quot;autoplay&quot;:&quot;&quot;}}\"><div class=\"pp-podcast__wrapper\"><div class=\"pp-podcast__info pod-info\"><div class=\"pod-info__header pod-header\"><div class=\"pod-header__image\"><div class=\"pod-header__image-wrapper\"><img decoding=\"async\" class=\"podcast-cover-image\" src=\"https:\/\/d3t3ozftmdmh3i.cloudfront.net\/production\/podcast_uploaded_nologo\/12458523\/12458523-1612293410160-23a9be9fbb4dc.jpg\" srcset=\"\" sizes=\"(max-width: 640px) 100vw, 25vw\" alt=\"Norsk for Beginners\"><\/div><span class=\"pod-header__image-style\" style=\"display: block; width: 100%; padding-top: 100%\"><\/div><div class=\"pod-header__items pod-items\"><div class=\"pod-items__title\">Noruego hecho divertido<\/div><div class=\"pod-items__desc\"><p>Norsk for Beginners is a podcast aimed at beginners of Norwegian (A1-A2). The episodes are structured in two parts: One Norwegian speaking part and the second in English, explaining the Norwegian part and examining some Norwegian vocabulary used in the episode. I speak Norwegian in a clear, slow and deliberate manner, perfect for beginners. Get some listening practice by listening to &#8220;Norsk for Beginners&#8221;!<\/p>\n<\/div><div class=\"pod-items__navi-menu\"><a href=\"https:\/\/podcasts.google.com\/feed\/aHR0cHM6Ly9hbmNob3IuZm0vcy80YWRhYzkwYy9wb2RjYXN0L3Jzcw==\" class=\"subscribe-item pp-badge google-sub\" target=\"_blank\"><svg class=\"icon icon-pp-google\" aria-hidden=\"true\" role=\"img\" focusable=\"false\"><use href=\"#icon-pp-google\" xlink:href=\"#icon-pp-google\"><\/use><\/svg><span class=\"sub-text\"><span class=\"sub-listen-text\">Esc\u00fachalo en:<\/span><span class=\"sub-item-text\"><span>Google <\/span><span style=\"font-weight: normal;\">P\u00f3dcast<\/span><\/span><\/span><\/a><a href=\"https:\/\/open.spotify.com\/show\/4SfBgxjXLwoVjtkHY1nCZb\" class=\"subscribe-item pp-badge spotify-sub\" target=\"_blank\"><span class=\"sub-text\"><span class=\"sub-listen-text\">Esc\u00fachalo en:<\/span><\/span><svg class=\"icon icon-pp-spotify\" aria-hidden=\"true\" role=\"img\" focusable=\"false\"><use href=\"#icon-pp-spotify\" xlink:href=\"#icon-pp-spotify\"><\/use><\/svg><span class=\"sub-text\"><span class=\"sub-item-text\">Spotify<\/span><\/span><\/a><\/div><\/div><\/div><\/div><div class=\"pp-podcast__content pod-content\"><div class=\"pp-podcast__single\"><div class=\"pp-podcast__player\"><div class=\"pp-player-episode\"><audio id=\"pp-podcast-305-player\" preload=\"none\" class=\"pp-podcast-episode\" style=\"width: 100%;\" controls=\"controls\"><source type=\"audio\/mpeg\" src=\"https:\/\/anchor.fm\/s\/4adac90c\/podcast\/play\/116534868\/https%3A%2F%2Fd3ctxlq1ktw2nl.cloudfront.net%2Fstaging%2F2026-2-7%2F419484468-44100-2-5f7ba2d4acb93.m4a\" \/><\/audio><\/div><\/div><div class=\"pod-content__episode episode-single\"><button class=\"episode-single__close\" aria-expanded=\"false\" aria-label=\"Cerrar el episodio individual\"><span class=\"btn-icon-wrap\"><svg class=\"icon icon-pp-x\" aria-hidden=\"true\" role=\"img\" focusable=\"false\"><use href=\"#icon-pp-x\" xlink:href=\"#icon-pp-x\"><\/use><\/svg><\/span><\/button><div class=\"episode-single__wrapper\"><div class=\"episode-single__header\"><div class=\"episode-single__title\">Ytringsfrihet &#8211; Free Speech<\/div><div class=\"episode-single__author\"><span class=\"byname\">por<\/span><span class=\"single-author\">Marius Stangeland<\/span><\/div><\/div><div class=\"episode-single__description\"><p>Transcript: <a href=\"https:\/\/laernorsknaa.com\/es\/ytringsfrihet-free-speech\/\">Ytringsfrihet &#8211; Free Speech \u2013 L\u00e6r norsk n\u00e5<\/a><\/p><p><\/p><p>L\u00e6r norsk n\u00e5! episode: <a href=\"https:\/\/laernorsknaa.com\/es\/121-ytringsfrihet-i-norge\/\" target=\"_blank\" rel=\"ugc noopener noreferrer\">\u2060\u2060https:\/\/laernorsknaa.com\/121-ytringsfrihet-i-norge\/\u2060\u2060\u2060<\/a><\/p><p><\/p><p>Buy muy new book &#8221;Learn Norwegian with Norse Mythology&#8221;: <a href=\"https:\/\/buy.stripe.com\/bIYdT7dCM1wLeVGdQQ?locale=en&amp;__embed_source=buy_btn_1QhRZFLUx0JXaC0N4FoHRjI1\" target=\"_blank\" rel=\"ugc noopener noreferrer\">\u2060\u2060https:\/\/buy.stripe.com\/bIYdT7dCM1wLeVGdQQ?locale=en&amp;__embed_source=buy_btn_1QhRZFLUx0JXaC0N4FoHRjI1\u2060\u2060<\/a><\/p><p><\/p><p>More information about &#8221;Learn Norwegian with Norse Mythology&#8221;:<a href=\"https:\/\/laernorsknaa.com\/es\/shop-butikk\/\" target=\"_blank\" rel=\"ugc noopener noreferrer\">\u2060\u2060 https:\/\/laernorsknaa.com\/shop-butikk\/\u2060\u2060<\/a><\/p><p>Email: Laernorsknaa@gmail.com<\/p><p>Transcript: <a href=\"https:\/\/laernorsknaa.com\/es\/fordeler-med-a-bo-i-byen\/\" target=\"_blank\" rel=\"ugc noopener noreferrer\">\u2060\u2060Fordeler med \u00e5 bo i byen \u2013 L\u00e6r norsk n\u00e5\u2060\u2060\u2060<\/a><\/p><p>Support the channel:<\/p><p>Patreon:<a href=\"https:\/\/www.patreon.com\/laernorsknaa\" target=\"_blank\" rel=\"ugc noopener noreferrer\">\u2060\u2060 https:\/\/www.patreon.com\/laernorsknaa\u2060\u2060<\/a><\/p><p><\/p><p>Donation: (Paypal): <a href=\"https:\/\/www.paypal.com\/donate\/?hosted_button_id=KG22H9FPVG22N\" target=\"_blank\" rel=\"ugc noopener noreferrer\">\u2060\u2060https:\/\/www.paypal.com\/donate\/?hosted_button_id=KG22H9FPVG22N\u2060\u2060<\/a><\/p><p><\/p><p><\/p><p>Picture: Copy of the original constitution of 1814. <\/p><\/div><\/div><div class=\"ppjs__img-wrapper\"><div class=\"ppjs__img-btn-cover\"><img decoding=\"async\" class=\"ppjs__img-btn\" src=\"https:\/\/d3t3ozftmdmh3i.cloudfront.net\/staging\/podcast_uploaded_episode\/12458523\/12458523-1772883952179-66993fb1d9b99.jpg\" srcset=\"\" sizes=\"(max-width: 640px) 100vw, 300px\" alt=\"Ytringsfrihet &#8211; Free Speech\"><\/div><span class=\"ppjs__img-btn-style\" style=\"display: block; width: 100%; padding-top: 100%\"><\/div><\/div><\/div><div class=\"pod-content__list episode-list\"><div class=\"episode-list__filters\"><div class=\"episode-list__search\"><label class=\"label-episode-search\"><span class=\"ppjs__offscreen\">Buscar episodios<\/span><input type=\"text\" placeholder=\"Buscar episodios\" title=\"Buscar episodios de p\u00f3dcast\"\/><\/label><span class=\"episode-list__search-icon\"><svg class=\"icon icon-pp-search\" aria-hidden=\"true\" role=\"img\" focusable=\"false\"><use href=\"#icon-pp-search\" xlink:href=\"#icon-pp-search\"><\/use><\/svg><\/span><\/div><button class=\"episode-list__clear-search pod-button\"><svg class=\"icon icon-pp-x\" aria-hidden=\"true\" role=\"img\" focusable=\"false\"><use href=\"#icon-pp-x\" xlink:href=\"#icon-pp-x\"><\/use><\/svg><span class=\"ppjs__offscreen\">Vaciar la b\u00fasqueda<\/span><\/button><\/div><div class=\"episode-list__wrapper\">\n<div id=\"ppe-305-1\" class=\"episode-list__entry pod-entry\" data-search-term=\"ytringsfrihet &#8211; free speech\" data-cats=\"\">\n\t<div class=\"pod-entry__wrapper\">\n\t\t<div class=\"pod-entry__content\">\n\t\t\t<div class=\"pod-entry__title\">\n\t\t\t\t<a href=\"https:\/\/podcasters.spotify.com\/pod\/show\/marius-stangeland1\/episodes\/Ytringsfrihet---Free-Speech-e3g2s4k\">Ytringsfrihet &#8211; Free Speech<\/a>\n\t\t\t<\/div>\n\t\t\t<div class=\"pod-entry__date\">07-03-2026<\/div>\n\t\t\t\t\t\t\t<div class=\"pod-entry__author\">Marius Stangeland<\/div>\n\t\t\t\t\t<\/div>\n\t<\/div>\n<\/div>\n<div class=\"lm-button-wrapper\"><button class=\"episode-list__load-more\"><span>Cargar m\u00e1s<\/span><\/button><\/div><div class=\"episode-list__search-results episode-search\"><span class=\"ppjs__offscreen\">Marcador de posici\u00f3n de resultados de b\u00fasqueda<\/span><\/div><\/div><\/div><div class=\"ppjs__list-reveal\"><div class=\"ppjs__button\"><button class=\"pp-prev-btn\"><span class=\"ppjs__offscreen\">Episodio anterior<\/span><span class=\"btn-icon-wrap\"><svg class=\"icon icon-pp-previous\" aria-hidden=\"true\" role=\"img\" focusable=\"false\"><use href=\"#icon-pp-previous\" xlink:href=\"#icon-pp-previous\"><\/use><\/svg><\/span><\/button><\/div><div class=\"ppjs__button\"><button class=\"pp-list-btn\"><span class=\"ppjs__offscreen\">Mostrar la lista de episodios<\/span><span class=\"btn-icon-wrap\"><svg class=\"icon icon-pp-show-list\" aria-hidden=\"true\" role=\"img\" focusable=\"false\"><use href=\"#icon-pp-show-list\" xlink:href=\"#icon-pp-show-list\"><\/use><\/svg><svg class=\"icon icon-pp-hide-list\" aria-hidden=\"true\" role=\"img\" focusable=\"false\"><use href=\"#icon-pp-hide-list\" xlink:href=\"#icon-pp-hide-list\"><\/use><\/svg><\/span><\/button><\/div><div class=\"ppjs__button\"><button class=\"pp-next-btn\"><span class=\"ppjs__offscreen\">Siguiente episodio<\/span><span class=\"btn-icon-wrap\"><svg class=\"icon icon-pp-next\" aria-hidden=\"true\" role=\"img\" focusable=\"false\"><use href=\"#icon-pp-next\" xlink:href=\"#icon-pp-next\"><\/use><\/svg><\/span><\/button><\/div><\/div><\/div><\/div><div class=\"pod-content__launcher pod-launch\"><button class=\"pod-launch__button pod-launch__info pod-button\" aria-expanded=\"false\"><span class=\"ppjs__offscreen\">Mostrar la informaci\u00f3n del p\u00f3dcast<\/span><span class=\"btn-icon-wrap\"><svg class=\"icon icon-pp-podcast\" aria-hidden=\"true\" role=\"img\" focusable=\"false\"><use href=\"#icon-pp-podcast\" xlink:href=\"#icon-pp-podcast\"><\/use><\/svg><svg class=\"icon icon-pp-x\" aria-hidden=\"true\" role=\"img\" focusable=\"false\"><use href=\"#icon-pp-x\" xlink:href=\"#icon-pp-x\"><\/use><\/svg><\/span><\/button><\/div><\/div>\n\n\n<h2 class=\"wp-block-heading\"><strong>Transcript<\/strong><\/h2>\n\n\n\n<div class=\"wp-block-group transcript has-background\" style=\"background-color:#eff8ff\"><div class=\"wp-block-group__inner-container is-layout-flow wp-block-group-is-layout-flow\">\n<p><strong>YouTube video of the 1995 incident<\/strong>: <a href=\"https:\/\/www.youtube.com\/watch?v=NNSr5o5XZXA&amp;ab_channel=LearnNorwegianNow%21\">\u2060https:\/\/www.youtube.com\/watch?v=NNSr5o5XZXA&amp;ab_channel=LearnNorwegianNow%21\u2060<\/a><\/p>\n\n\n\n<p><strong>Podcast episode of the 1995 incident: <a href=\"\/es\/laernorsknaa.com\/109-den-gangen-norge-nesten-starta-tredje-verdenskrig\/\">\u2060<\/a><\/strong><a href=\"\/es\/laernorsknaa.com\/109-den-gangen-norge-nesten-starta-tredje-verdenskrig\/\">laernorsknaa.com\/109-den-gangen-norge-nesten-starta-tredje-verdenskrig<\/a><\/p>\n\n\n\n<p><\/p>\n\n\n\n<p id=\"viewer-ah1pe\">F\u00f8r vi begynner vil jeg bare minne dere p\u00e5 at dere kan finne teksten til episoden p\u00e5 nettstedet til podcasten. Dere finner en link i deskripsjonen under. I tillegg vil jeg bare nevne at det er mulig \u00e5 st\u00f8tte podck!<\/p>\n\n\n\n<p>Heihei og velkommen til en ny episode av podkasten. In this episode, we will talk about Norway between the two great powers the US and the USSR in the cold war. We will talk about Norway\u2019s western alignment, it&#8217;s complicated relationship with its eastern neigbhour, and, of course, the incident in 1995 that almost caused an Atomic war due to a Norwegian research rocket. Let\u2019s start.&nbsp;<\/p>\n\n\n\n<h1 class=\"wp-block-heading\">Norge i den kalde krigen (1945-1995)<\/h1>\n\n\n\n<p>Norge hadde pr\u00f8vd \u00e5 v\u00e6re n\u00f8ytrale i andre verdenskrig, men ble da okkupert av Tyskland. Det var alts\u00e5 \u00e5penbart for Norge at noe m\u00e5tte gj\u00f8res etter krigen. Norge var for utsatt og s\u00e5rbart mot invasjoner. Det var for strategisk, spesielt i den kalde krigen mellom USA og Sovjetunionen.&nbsp;<\/p>\n\n\n\n<p>Norge \u00f8nsket egentlig \u00e5 fortsette \u00e5 v\u00e6re et n\u00f8ytralt land, og mange i Norge h\u00e5pet at FN, De forente nasjoner, kunne sikre Norge mot angrep. Norge \u00f8nsket nemlig \u00e5 v\u00e6re en brobygger mellom \u00f8st og vest etter krigen. Vi har jo tross alt en grense til Russland, under Den kalde krigen, Sovjetunionen, i nord. Norges sikkerhet skulle dermed garanteres av stormaktene via FN. Men det ble raskt klart at dette ikke var mulig. Sovjetunionen og USA, \u00f8st og vest, var for fiendtlige mot hverandre. Norge m\u00e5tte finne et alternativ.<\/p>\n\n\n\n<p>Alternativet for Norge var et skandinavisk sikkerhetssamarbeid. Norge \u00f8nsket \u00e5 samarbeide med Danmark og Sverige om forsvar, og f\u00e5 stormaktene til \u00e5 garantere sikkerheten til Skandinavia. Dette var ikke mulig. Sverige \u00f8nsket \u00e5 holde p\u00e5 sin n\u00f8ytralitet. De \u00f8nsket ikke \u00e5 provosere Sovjetunionen, mens Danmark og Norge, som begge hadde blitt okkupert i andre verdenskrig, \u00f8nsket en sterkere forsvarsallianse.&nbsp;<\/p>\n\n\n\n<p>I 1949 ble derfor b\u00e5de Norge og Danmark med i NATO. Norge \u00f8nsket ikke \u00e5 havne i samme situasjon som Finland. Finland ble mer eller mindre tvunget av Sovjetunionen til \u00e5 holde seg n\u00f8ytral. I Norge s\u00e5 man Sovjetunionen som en trussel, mens samarbeid med vestlige land som Storbritannia var naturlig. Norge gikk derfor med i det USA ledede NATO i 1949 og ble med det blant landene som oppretta NATO. Dette var et tydelig skille i norsk utenrikspolitikk. Norge var ikke lenger et n\u00f8ytralt land. Norge hadde valgt side i den kalde krigen. Norge var med USA og vesten.&nbsp;<\/p>\n\n\n\n<p>Dette betydde ikke at folk i Norge ikke var skeptiske til NATO eller til USA. Spesielt p\u00e5 venstresiden i norsk politikk var det mange som var skeptisike til NATO og USA. De s\u00e5 gjerne p\u00e5 NATO som en imperialistisk og anti-sovjetisk organisasjon. Likevel var flertallet i Norge for NATO. Flertallet i Norge f\u00f8lte seg tryggere i NATO enn utenfor.&nbsp;<\/p>\n\n\n\n<p>Selv om Norge var et tydelig vestlig land, betydde ikke det at Norge st\u00f8ttet alt USA gjorde. Men det var som sagt stor enighet i norsk politikk. Norge var i NATO og Norge var med USA. Dette skulle endre seg med Vietnamkrigen. Sv\u00e6rt mange i Norge var imot USAs krigf\u00f8ring i Vietnam fra 1965 til 1973. Mange nordmenn gikk ut \u00e5 demonstrerte og det ble laget en egen organisasjon for Vietnam. Norge var kritiske til det USA gjorde der. Men dette endra likevel ikke Norges oppslutning til NATO. Sovjetunionen var et naboland og en potensiell trussel for Norge.<\/p>\n\n\n\n<p>Selv om Norge var med i NATO og st\u00f8ttet USA, ville ikke Norge ha atomv\u00e5pen i landet. Norge ville ikke at USA skulle plassere ut atomv\u00e5pen i Norge. I tillegg hadde Norge klare begrensninger p\u00e5 allierte NATO \u00f8vinger i Norge. Grunnen til det var at Norge ikke ville provosere Sovjetunionen un\u00f8dvendig. Men forholdet mellom Sovjetunionen og Norge var aldri bra under Den kalde krigen. Forholdet mellom Norge og Sovjetunionen var preget av mistillit fra begge sider. Ingen stolte p\u00e5 hverandre.<\/p>\n\n\n\n<p>Da Sovjetunionen ble oppl\u00f8st i 1991, h\u00e5pet mange i Norge at forholdet mellom Norge og Russland skulle forbedre seg. Men det betydde ikke at de to landene plutselig stolte p\u00e5 hverandre eller at det plutselig ble et veldig bra forhold mellom dem. Og i 1995 var verden utrolig n\u00e6r atomkrig, og det p\u00e5 grunn av en norsk forskningsrakett.<\/p>\n\n\n\n<p>Norge sendte opp en forskningsrakett fra And\u00f8ya mot Svalbard for \u00e5 forske p\u00e5 nordlyset p\u00e5 Svalbard, ei \u00f8y som ligger 78 grader nord. Problemet var at Norge hadde glemt \u00e5 gi beskjed til Russland om at de kom til \u00e5 skyte opp en slik rakett. Og ikke nok med det, raketten gikk ogs\u00e5 litt for langt mot \u00f8st, alts\u00e5 litt for langt mot Russland. Da Russland oppdaget raketten p\u00e5 radaren sin, trodde de det var en atomrakett fra USA og ikke en forskningsrakett. Russland gjorde seg klar til \u00e5 svare med \u00e5 skyte atomraketter tilbake. Heldigvis falt raketten i havet f\u00f8r Russlands president Boris Jeltsin, fikk svart. Men han var klar til \u00e5 sende atomraketter mot Norge, USA og vesten. If\u00f8lge Russland, er dette det n\u00e6rmeste verden har v\u00e6rt en atomkrig siden Cubakrisa i 1962. Og det p\u00e5 grunn av en norsk forskningsrakett!<\/p>\n\n\n\n<p>Om dere har lyst til \u00e5 h\u00f8re mer om denne hendelsen kan dere sjekke ut episode 109 i den andre podkasten min \u201cL\u00e6r norsk n\u00e5!\u201d for viderekommede. Du kan ogs\u00e5 se en video der jeg forklarer hendelsen p\u00e5 min YouTube kanal. Se ei lenke i deskripsjonen.&nbsp;<\/p>\n\n\n\n<h1 class=\"wp-block-heading\">Norway in the Cold War (1945-1995)<\/h1>\n\n\n\n<p>Norway had tried to remain neutral during World War II but was ultimately occupied by Germany, and it became evident for the country that action needed to be taken so as not to be too exposed and vulnerable to invasions. This became especially important in the context of the Cold War.<\/p>\n\n\n\n<p>Initially after the war, Norway aimed to maintain its neutrality, hoping that the United Nations could provide security against potential threats. Also, Norway wanted to serve as a bridge between the East and the West given its border with the Soviet Union. Norway&#8217;s security was intended to be guaranteed by the major powers through the UN. However, it quickly became clear that this was not feasible due to the hostilities between the Soviet Union and the USA.<\/p>\n\n\n\n<p>The alternative for Norway was a Scandinavian security collaboration. Norway sought to cooperate with Denmark and Sweden on defense and have the major powers guarantee the security of this union. However, Sweden wanted to maintain its neutrality and avoid provoking the Soviet Union, while both Denmark and Norway, having been occupied during World War II, sought a stronger defense alliance. It became evident that such a Scandinavian alliance was not doable.&nbsp;<\/p>\n\n\n\n<p>As a result, in 1949, both Norway and Denmark joined NATO. Norway did not want to find itself in the same situation as Finland, which had effectively been coerced by the Soviet Union into maintaining neutrality. Norway viewed the Soviet Union as a threat, while cooperation with Western countries like Britain seemed natural. Therefore, Norway aligned with the US-led NATO in 1949, marking a clear shift in Norwegian foreign policy. Norway was no longer a neutral country; it had chosen to side with the West in the Cold War.<\/p>\n\n\n\n<p>This did not mean that people in Norway were uncritical of NATO or the USA. Especially on the left side of Norwegian politics, many were skeptical of NATO and the USA, viewing NATO as an imperialistic and anti-Soviet organization. Nevertheless, the majority in Norway supported NATO, feeling safer within the alliance than outside of it.<\/p>\n\n\n\n<p>Even though Norway was part of NATO it opposed the idea of the USA deploying nuclear weapons on Norwegian soil. Additionally, Norway had clear limitations on allied NATO exercises on its territory to avoid unnecessary provocation of the Soviet Union. Despite this, the relationship between the Soviet Union and Norway was never good during the Cold War. It was characterized by mutual mistrust.&nbsp;<\/p>\n\n\n\n<p>When the Soviet Union dissolved in 1991, many in Norway hoped for an improvement in relations between Norway and Russia. However, this did not mean that the two countries suddenly trusted each other or that their relationship improved drastically. And, in 1995, the world came incredibly close to nuclear war, all because of a Norwegian research rocket.<\/p>\n\n\n\n<p>Norway launched a research rocket from And\u00f8ya towards Svalbard to study the Northern Lights on the island. The problem was that Norway had forgotten to notify Russia about the rocket launch. Furthermore, the rocket veered slightly too far east, towards Russia. When Russia detected the rocket on their radar, they believed it to be a nuclear missile from the US, not a research rocket. Russia prepared to respond by launching nuclear missiles in return. Fortunately, the rocket fell into the sea before Russia&#8217;s president Boris Yeltsin could give the order. However, he was ready to launch nuclear missiles towards Norway, the USA, and the West. According to Russia, this is the closest the world has come to nuclear war since the Cuban Missile Crisis in 1962\u2014all because of a Norwegian research rocket!<\/p>\n\n\n\n<p>If you want to learn more about this incident, you can check out episode 109 of my other podcast &#8220;Learn Norwegian Now!&#8221; for intermediate learners. You can also watch a video where I explain the incident on my YouTube channel. Check the link in the description of this episode.&nbsp;<\/p>\n\n\n\n<h1 class=\"wp-block-heading\">Vocabulario:<\/h1>\n\n\n\n<figure class=\"wp-block-table\"><table><tbody><tr><td><strong>Norsk<\/strong><\/td><td><strong>Engelsk<\/strong><\/td><td><strong>Eksempelsetning p\u00e5 norsk<\/strong><\/td><\/tr><tr><td>\u00c5penbart<\/td><td>Obvious<\/td><td>Det er \u00e5penbart at situasjonen er alvorlig.<\/td><\/tr><tr><td>S\u00e5rbar<\/td><td>Vulnerable<\/td><td>En s\u00e5rbar \u00f8konomi kan v\u00e6re utsatt for \u00f8konomiske kriser.<\/td><\/tr><tr><td>\u00c5 sikre<\/td><td>To secure<\/td><td>Vi m\u00e5 sikre at alle data er trygge.<\/td><\/tr><tr><td>Brobygger<\/td><td>Mediator<\/td><td>Han er en dyktig brobygger mellom ulike samfunnsgrupper.<\/td><\/tr><tr><td>Tross alt<\/td><td>After all<\/td><td>Tross alt er Norge et ganske bra land \u00e5 bo i.<\/td><\/tr><tr><td>Grense<\/td><td>Border<\/td><td>Grensen mellom Norge og Sverige er tydelig markert.<\/td><\/tr><tr><td>Sikkerhet<\/td><td>Security<\/td><td>Sikkerhet er en prioritet i denne organisasjonen.<\/td><\/tr><tr><td>\u00c5 garantere<\/td><td>To guarantee<\/td><td>Vi kan garantere kvaliteten p\u00e5 produktene v\u00e5re.<\/td><\/tr><tr><td>Stormakt<\/td><td>Great power<\/td><td>USA og Kina er eksempler p\u00e5 globale stormakter.<\/td><\/tr><tr><td>Fiendtlig<\/td><td>Hostile<\/td><td>Diplomati er viktig for \u00e5 redusere fiendtligheten mellom land.<\/td><\/tr><tr><td>Sikkerhetssamarbeid<\/td><td>Security cooperation<\/td><td>Sikkerhetssamarbeid er essensielt for regional stabilitet.<\/td><\/tr><tr><td>\u00c5 provosere<\/td><td>To provoke<\/td><td>\u00c5 provosere konflikter kan f\u00f8re til u\u00f8nskede konsekvenser.<\/td><\/tr><tr><td>Mer eller mindre<\/td><td>More or less<\/td><td>Resultatene var mer eller mindre som forventet.<\/td><\/tr><tr><td>Tvunget<\/td><td>Forced<\/td><td>De ble tvunget til \u00e5 evakuere p\u00e5 grunn av flommen.<\/td><\/tr><tr><td>Trussel<\/td><td>Threat<\/td><td>Klimaendringer utgj\u00f8r en alvorlig trussel mot planeten.<\/td><\/tr><tr><td>Utenrikspolitikk<\/td><td>Foreign policy<\/td><td>Utenrikspolitikken fokuserer p\u00e5 \u00e5 styrke diplomatiske b\u00e5nd.<\/td><\/tr><tr><td>Krigf\u00f8ring<\/td><td>Warfare<\/td><td>Moderne krigf\u00f8ring involverer ogs\u00e5 cyberangrep.<\/td><\/tr><tr><td>Oppslutning<\/td><td>Support<\/td><td>De fikk bred oppslutning for sitt humanit\u00e6re arbeid.<\/td><\/tr><tr><td>Naboland<\/td><td>Neighboring countries<\/td><td>Sverige og Danmark er v\u00e5re n\u00e6rmeste naboland.<\/td><\/tr><tr><td>Begrensninger<\/td><td>Limitations<\/td><td>Teknologien har sine begrensninger.<\/td><\/tr><tr><td>Mistillit<\/td><td>Distrust<\/td><td>Mistillit mellom partene gjorde forhandlingene utfordrende.<\/td><\/tr><tr><td>\u00c5 oppl\u00f8se<\/td><td>To dissolve<\/td><td>Beslutningen om \u00e5 oppl\u00f8se selskapet ble tatt kollektivt.<\/td><\/tr><tr><td>Rakett<\/td><td>Rocket<\/td><td>Romfart\u00f8y bruker raketter for \u00e5 n\u00e5 verdensrommet.<\/td><\/tr><tr><td>Heldigvis<\/td><td>Fortunately<\/td><td>Heldigvis ble ingen skadet i ulykken.<\/td><\/tr><\/tbody><\/table><\/figure>\n<\/div><\/div>","protected":false},"excerpt":{"rendered":"<p>I 1949 ble derfor b\u00e5de Norge og Danmark med i NATO. Norge \u00f8nsket ikke \u00e5 havne i samme situasjon som Finland. Finland ble mer eller mindre tvunget av Sovjetunionen til \u00e5 holde seg n\u00f8ytral. I Norge s\u00e5 man Sovjetunionen som en trussel, mens samarbeid med vestlige land som Storbritannia var naturlig. Norge gikk derfor med i det USA ledede NATO i 1949 og ble med det blant landene som oppretta NATO. Dette var et tydelig skille i norsk utenrikspolitikk. Norge var ikke lenger et n\u00f8ytralt land. Norge hadde valgt side i den kalde krigen. Norge var med USA og vesten. <\/p>","protected":false},"author":2,"featured_media":40477,"comment_status":"open","ping_status":"closed","sticky":false,"template":"","format":"standard","meta":{"_monsterinsights_skip_tracking":false,"_monsterinsights_sitenote_active":false,"_monsterinsights_sitenote_note":"","_monsterinsights_sitenote_category":0,"footnotes":""},"categories":[249],"tags":[30,881,55,137],"class_list":["post-40474","post","type-post","status-publish","format-standard","has-post-thumbnail","hentry","category-norsk-for-beginners","tag-historie","tag-kald","tag-kald-krig","tag-norge"],"yoast_head":"<!-- This site is optimized with the Yoast SEO plugin v26.4 - https:\/\/yoast.com\/wordpress\/plugins\/seo\/ -->\n<title>7.9 - Norway in the Cold War (1945-1995) &#8211; L\u00e6r norsk n\u00e5<\/title>\n<meta name=\"robots\" content=\"index, follow, max-snippet:-1, max-image-preview:large, max-video-preview:-1\" \/>\n<link rel=\"canonical\" href=\"http:\/\/91.98.205.163:8089\/7-9-norway-in-the-cold-war-1945-1995\/\" \/>\n<meta property=\"og:locale\" content=\"es_ES\" \/>\n<meta property=\"og:type\" content=\"article\" \/>\n<meta property=\"og:title\" content=\"7.9 - Norway in the Cold War (1945-1995) &#8211; L\u00e6r norsk n\u00e5\" \/>\n<meta property=\"og:description\" content=\"I 1949 ble derfor b\u00e5de Norge og Danmark med i NATO. Norge \u00f8nsket ikke \u00e5 havne i samme situasjon som Finland. Finland ble mer eller mindre tvunget av Sovjetunionen til \u00e5 holde seg n\u00f8ytral. I Norge s\u00e5 man Sovjetunionen som en trussel, mens samarbeid med vestlige land som Storbritannia var naturlig. Norge gikk derfor med i det USA ledede NATO i 1949 og ble med det blant landene som oppretta NATO. Dette var et tydelig skille i norsk utenrikspolitikk. Norge var ikke lenger et n\u00f8ytralt land. Norge hadde valgt side i den kalde krigen. Norge var med USA og vesten.\" \/>\n<meta property=\"og:url\" content=\"http:\/\/91.98.205.163:8089\/7-9-norway-in-the-cold-war-1945-1995\/\" \/>\n<meta property=\"og:site_name\" content=\"L\u00e6r norsk n\u00e5\" \/>\n<meta property=\"article:published_time\" content=\"2023-12-06T06:00:00+00:00\" \/>\n<meta property=\"og:image\" content=\"http:\/\/91.98.205.163:8089\/wp-content\/uploads\/2023\/11\/Norge-kald-krig.png\" \/>\n\t<meta property=\"og:image:width\" content=\"742\" \/>\n\t<meta property=\"og:image:height\" content=\"642\" \/>\n\t<meta property=\"og:image:type\" content=\"image\/png\" \/>\n<meta name=\"author\" content=\"Marius Stangeland\" \/>\n<meta name=\"twitter:card\" content=\"summary_large_image\" \/>\n<meta name=\"twitter:label1\" content=\"Escrito por\" \/>\n\t<meta name=\"twitter:data1\" content=\"Marius Stangeland\" \/>\n\t<meta name=\"twitter:label2\" content=\"Tiempo de lectura\" \/>\n\t<meta name=\"twitter:data2\" content=\"9 minutos\" \/>\n<script type=\"application\/ld+json\" class=\"yoast-schema-graph\">{\"@context\":\"https:\/\/schema.org\",\"@graph\":[{\"@type\":\"Article\",\"@id\":\"http:\/\/91.98.205.163:8089\/7-9-norway-in-the-cold-war-1945-1995\/#article\",\"isPartOf\":{\"@id\":\"http:\/\/91.98.205.163:8089\/7-9-norway-in-the-cold-war-1945-1995\/\"},\"author\":{\"name\":\"Marius Stangeland\",\"@id\":\"http:\/\/91.98.205.163:8089\/#\/schema\/person\/372f7f766a136344430614732659b5f2\"},\"headline\":\"7.9 &#8211; Norway in the Cold War (1945-1995)\",\"datePublished\":\"2023-12-06T06:00:00+00:00\",\"mainEntityOfPage\":{\"@id\":\"http:\/\/91.98.205.163:8089\/7-9-norway-in-the-cold-war-1945-1995\/\"},\"wordCount\":1900,\"commentCount\":0,\"publisher\":{\"@id\":\"http:\/\/91.98.205.163:8089\/#\/schema\/person\/372f7f766a136344430614732659b5f2\"},\"image\":{\"@id\":\"http:\/\/91.98.205.163:8089\/7-9-norway-in-the-cold-war-1945-1995\/#primaryimage\"},\"thumbnailUrl\":\"https:\/\/laernorsknaa.com\/wp-content\/uploads\/2023\/11\/Norge-kald-krig.png\",\"keywords\":[\"historie\",\"Kald\",\"kald krig\",\"Norge\"],\"articleSection\":[\"Norsk for Beginners\"],\"inLanguage\":\"es\",\"potentialAction\":[{\"@type\":\"CommentAction\",\"name\":\"Comment\",\"target\":[\"http:\/\/91.98.205.163:8089\/7-9-norway-in-the-cold-war-1945-1995\/#respond\"]}]},{\"@type\":\"WebPage\",\"@id\":\"http:\/\/91.98.205.163:8089\/7-9-norway-in-the-cold-war-1945-1995\/\",\"url\":\"http:\/\/91.98.205.163:8089\/7-9-norway-in-the-cold-war-1945-1995\/\",\"name\":\"7.9 - Norway in the Cold War (1945-1995) &#8211; L\u00e6r norsk n\u00e5\",\"isPartOf\":{\"@id\":\"http:\/\/91.98.205.163:8089\/#website\"},\"primaryImageOfPage\":{\"@id\":\"http:\/\/91.98.205.163:8089\/7-9-norway-in-the-cold-war-1945-1995\/#primaryimage\"},\"image\":{\"@id\":\"http:\/\/91.98.205.163:8089\/7-9-norway-in-the-cold-war-1945-1995\/#primaryimage\"},\"thumbnailUrl\":\"https:\/\/laernorsknaa.com\/wp-content\/uploads\/2023\/11\/Norge-kald-krig.png\",\"datePublished\":\"2023-12-06T06:00:00+00:00\",\"breadcrumb\":{\"@id\":\"http:\/\/91.98.205.163:8089\/7-9-norway-in-the-cold-war-1945-1995\/#breadcrumb\"},\"inLanguage\":\"es\",\"potentialAction\":[{\"@type\":\"ReadAction\",\"target\":[\"http:\/\/91.98.205.163:8089\/7-9-norway-in-the-cold-war-1945-1995\/\"]}]},{\"@type\":\"ImageObject\",\"inLanguage\":\"es\",\"@id\":\"http:\/\/91.98.205.163:8089\/7-9-norway-in-the-cold-war-1945-1995\/#primaryimage\",\"url\":\"https:\/\/laernorsknaa.com\/wp-content\/uploads\/2023\/11\/Norge-kald-krig.png\",\"contentUrl\":\"https:\/\/laernorsknaa.com\/wp-content\/uploads\/2023\/11\/Norge-kald-krig.png\",\"width\":742,\"height\":642},{\"@type\":\"BreadcrumbList\",\"@id\":\"http:\/\/91.98.205.163:8089\/7-9-norway-in-the-cold-war-1945-1995\/#breadcrumb\",\"itemListElement\":[{\"@type\":\"ListItem\",\"position\":1,\"name\":\"Home\",\"item\":\"http:\/\/91.98.205.163:8089\/\"},{\"@type\":\"ListItem\",\"position\":2,\"name\":\"7.9 &#8211; Norway in the Cold War (1945-1995)\"}]},{\"@type\":\"WebSite\",\"@id\":\"http:\/\/91.98.205.163:8089\/#website\",\"url\":\"http:\/\/91.98.205.163:8089\/\",\"name\":\"L\u00e6r norsk n\u00e5!\",\"description\":\"Resources and podcasts to learn Norwegian\",\"publisher\":{\"@id\":\"http:\/\/91.98.205.163:8089\/#\/schema\/person\/372f7f766a136344430614732659b5f2\"},\"potentialAction\":[{\"@type\":\"SearchAction\",\"target\":{\"@type\":\"EntryPoint\",\"urlTemplate\":\"http:\/\/91.98.205.163:8089\/?s={search_term_string}\"},\"query-input\":{\"@type\":\"PropertyValueSpecification\",\"valueRequired\":true,\"valueName\":\"search_term_string\"}}],\"inLanguage\":\"es\"},{\"@type\":[\"Person\",\"Organization\"],\"@id\":\"http:\/\/91.98.205.163:8089\/#\/schema\/person\/372f7f766a136344430614732659b5f2\",\"name\":\"Marius Stangeland\",\"image\":{\"@type\":\"ImageObject\",\"inLanguage\":\"es\",\"@id\":\"http:\/\/91.98.205.163:8089\/#\/schema\/person\/image\/\",\"url\":\"https:\/\/secure.gravatar.com\/avatar\/3ed6f06da2edefcae6cf6bb78721e567c1d9117b6b5b9b98efa5ff3b8d0de5c0?s=96&d=retro&r=g\",\"contentUrl\":\"https:\/\/secure.gravatar.com\/avatar\/3ed6f06da2edefcae6cf6bb78721e567c1d9117b6b5b9b98efa5ff3b8d0de5c0?s=96&d=retro&r=g\",\"caption\":\"Marius Stangeland\"},\"logo\":{\"@id\":\"http:\/\/91.98.205.163:8089\/#\/schema\/person\/image\/\"}}]}<\/script>\n<!-- \/ Yoast SEO plugin. -->","yoast_head_json":{"title":"7.9 - Norway in the Cold War (1945-1995) &#8211; L\u00e6r norsk n\u00e5","robots":{"index":"index","follow":"follow","max-snippet":"max-snippet:-1","max-image-preview":"max-image-preview:large","max-video-preview":"max-video-preview:-1"},"canonical":"http:\/\/91.98.205.163:8089\/7-9-norway-in-the-cold-war-1945-1995\/","og_locale":"es_ES","og_type":"article","og_title":"7.9 - Norway in the Cold War (1945-1995) &#8211; L\u00e6r norsk n\u00e5","og_description":"I 1949 ble derfor b\u00e5de Norge og Danmark med i NATO. Norge \u00f8nsket ikke \u00e5 havne i samme situasjon som Finland. Finland ble mer eller mindre tvunget av Sovjetunionen til \u00e5 holde seg n\u00f8ytral. I Norge s\u00e5 man Sovjetunionen som en trussel, mens samarbeid med vestlige land som Storbritannia var naturlig. Norge gikk derfor med i det USA ledede NATO i 1949 og ble med det blant landene som oppretta NATO. Dette var et tydelig skille i norsk utenrikspolitikk. Norge var ikke lenger et n\u00f8ytralt land. Norge hadde valgt side i den kalde krigen. Norge var med USA og vesten.","og_url":"http:\/\/91.98.205.163:8089\/7-9-norway-in-the-cold-war-1945-1995\/","og_site_name":"L\u00e6r norsk n\u00e5","article_published_time":"2023-12-06T06:00:00+00:00","og_image":[{"width":742,"height":642,"url":"http:\/\/91.98.205.163:8089\/wp-content\/uploads\/2023\/11\/Norge-kald-krig.png","type":"image\/png"}],"author":"Marius Stangeland","twitter_card":"summary_large_image","twitter_misc":{"Escrito por":"Marius Stangeland","Tiempo de lectura":"9 minutos"},"schema":{"@context":"https:\/\/schema.org","@graph":[{"@type":"Article","@id":"http:\/\/91.98.205.163:8089\/7-9-norway-in-the-cold-war-1945-1995\/#article","isPartOf":{"@id":"http:\/\/91.98.205.163:8089\/7-9-norway-in-the-cold-war-1945-1995\/"},"author":{"name":"Marius Stangeland","@id":"http:\/\/91.98.205.163:8089\/#\/schema\/person\/372f7f766a136344430614732659b5f2"},"headline":"7.9 &#8211; Norway in the Cold War (1945-1995)","datePublished":"2023-12-06T06:00:00+00:00","mainEntityOfPage":{"@id":"http:\/\/91.98.205.163:8089\/7-9-norway-in-the-cold-war-1945-1995\/"},"wordCount":1900,"commentCount":0,"publisher":{"@id":"http:\/\/91.98.205.163:8089\/#\/schema\/person\/372f7f766a136344430614732659b5f2"},"image":{"@id":"http:\/\/91.98.205.163:8089\/7-9-norway-in-the-cold-war-1945-1995\/#primaryimage"},"thumbnailUrl":"https:\/\/laernorsknaa.com\/wp-content\/uploads\/2023\/11\/Norge-kald-krig.png","keywords":["historie","Kald","kald krig","Norge"],"articleSection":["Norsk for Beginners"],"inLanguage":"es","potentialAction":[{"@type":"CommentAction","name":"Comment","target":["http:\/\/91.98.205.163:8089\/7-9-norway-in-the-cold-war-1945-1995\/#respond"]}]},{"@type":"WebPage","@id":"http:\/\/91.98.205.163:8089\/7-9-norway-in-the-cold-war-1945-1995\/","url":"http:\/\/91.98.205.163:8089\/7-9-norway-in-the-cold-war-1945-1995\/","name":"7.9 - Norway in the Cold War (1945-1995) &#8211; L\u00e6r norsk n\u00e5","isPartOf":{"@id":"http:\/\/91.98.205.163:8089\/#website"},"primaryImageOfPage":{"@id":"http:\/\/91.98.205.163:8089\/7-9-norway-in-the-cold-war-1945-1995\/#primaryimage"},"image":{"@id":"http:\/\/91.98.205.163:8089\/7-9-norway-in-the-cold-war-1945-1995\/#primaryimage"},"thumbnailUrl":"https:\/\/laernorsknaa.com\/wp-content\/uploads\/2023\/11\/Norge-kald-krig.png","datePublished":"2023-12-06T06:00:00+00:00","breadcrumb":{"@id":"http:\/\/91.98.205.163:8089\/7-9-norway-in-the-cold-war-1945-1995\/#breadcrumb"},"inLanguage":"es","potentialAction":[{"@type":"ReadAction","target":["http:\/\/91.98.205.163:8089\/7-9-norway-in-the-cold-war-1945-1995\/"]}]},{"@type":"ImageObject","inLanguage":"es","@id":"http:\/\/91.98.205.163:8089\/7-9-norway-in-the-cold-war-1945-1995\/#primaryimage","url":"https:\/\/laernorsknaa.com\/wp-content\/uploads\/2023\/11\/Norge-kald-krig.png","contentUrl":"https:\/\/laernorsknaa.com\/wp-content\/uploads\/2023\/11\/Norge-kald-krig.png","width":742,"height":642},{"@type":"BreadcrumbList","@id":"http:\/\/91.98.205.163:8089\/7-9-norway-in-the-cold-war-1945-1995\/#breadcrumb","itemListElement":[{"@type":"ListItem","position":1,"name":"Home","item":"http:\/\/91.98.205.163:8089\/"},{"@type":"ListItem","position":2,"name":"7.9 &#8211; Norway in the Cold War (1945-1995)"}]},{"@type":"WebSite","@id":"http:\/\/91.98.205.163:8089\/#website","url":"http:\/\/91.98.205.163:8089\/","name":"L\u00e6r norsk n\u00e5!","description":"Recursos y podcasts para aprender noruego","publisher":{"@id":"http:\/\/91.98.205.163:8089\/#\/schema\/person\/372f7f766a136344430614732659b5f2"},"potentialAction":[{"@type":"SearchAction","target":{"@type":"EntryPoint","urlTemplate":"http:\/\/91.98.205.163:8089\/?s={search_term_string}"},"query-input":{"@type":"PropertyValueSpecification","valueRequired":true,"valueName":"search_term_string"}}],"inLanguage":"es"},{"@type":["Person","Organization"],"@id":"http:\/\/91.98.205.163:8089\/#\/schema\/person\/372f7f766a136344430614732659b5f2","name":"Marius Stangeland","image":{"@type":"ImageObject","inLanguage":"es","@id":"http:\/\/91.98.205.163:8089\/#\/schema\/person\/image\/","url":"https:\/\/secure.gravatar.com\/avatar\/3ed6f06da2edefcae6cf6bb78721e567c1d9117b6b5b9b98efa5ff3b8d0de5c0?s=96&d=retro&r=g","contentUrl":"https:\/\/secure.gravatar.com\/avatar\/3ed6f06da2edefcae6cf6bb78721e567c1d9117b6b5b9b98efa5ff3b8d0de5c0?s=96&d=retro&r=g","caption":"Marius Stangeland"},"logo":{"@id":"http:\/\/91.98.205.163:8089\/#\/schema\/person\/image\/"}}]}},"_links":{"self":[{"href":"https:\/\/laernorsknaa.com\/es\/wp-json\/wp\/v2\/posts\/40474","targetHints":{"allow":["GET"]}}],"collection":[{"href":"https:\/\/laernorsknaa.com\/es\/wp-json\/wp\/v2\/posts"}],"about":[{"href":"https:\/\/laernorsknaa.com\/es\/wp-json\/wp\/v2\/types\/post"}],"author":[{"embeddable":true,"href":"https:\/\/laernorsknaa.com\/es\/wp-json\/wp\/v2\/users\/2"}],"replies":[{"embeddable":true,"href":"https:\/\/laernorsknaa.com\/es\/wp-json\/wp\/v2\/comments?post=40474"}],"version-history":[{"count":2,"href":"https:\/\/laernorsknaa.com\/es\/wp-json\/wp\/v2\/posts\/40474\/revisions"}],"predecessor-version":[{"id":40478,"href":"https:\/\/laernorsknaa.com\/es\/wp-json\/wp\/v2\/posts\/40474\/revisions\/40478"}],"wp:featuredmedia":[{"embeddable":true,"href":"https:\/\/laernorsknaa.com\/es\/wp-json\/wp\/v2\/media\/40477"}],"wp:attachment":[{"href":"https:\/\/laernorsknaa.com\/es\/wp-json\/wp\/v2\/media?parent=40474"}],"wp:term":[{"taxonomy":"category","embeddable":true,"href":"https:\/\/laernorsknaa.com\/es\/wp-json\/wp\/v2\/categories?post=40474"},{"taxonomy":"post_tag","embeddable":true,"href":"https:\/\/laernorsknaa.com\/es\/wp-json\/wp\/v2\/tags?post=40474"}],"curies":[{"name":"wp","href":"https:\/\/api.w.org\/{rel}","templated":true}]}}