{"id":664,"date":"2020-12-07T06:55:00","date_gmt":"2020-12-07T05:55:00","guid":{"rendered":"http:\/\/91.98.205.163:8089\/?p=664"},"modified":"2021-11-30T13:46:58","modified_gmt":"2021-11-30T12:46:58","slug":"43-advent","status":"publish","type":"post","link":"https:\/\/laernorsknaa.com\/es\/43-advent\/","title":{"rendered":"43 &#8211; Advent"},"content":{"rendered":"<p>Desember 07 2020 | 23 minutes<\/p>\n\n\n\t\t\t<style type=\"text\/css\">#pp-podcast-9659 a, .pp-modal-window .modal-9659 a, .pp-modal-window .aux-modal-9659 a, #pp-podcast-9659 .ppjs__more { color: #c8102e; } #pp-podcast-9659:not(.modern) .ppjs__audio .ppjs__button.ppjs__playpause-button button *, #pp-podcast-9659:not(.modern) .ppjs__audio .ppjs__button.ppjs__playpause-button button:hover *, #pp-podcast-9659:not(.modern) .ppjs__audio .ppjs__button.ppjs__playpause-button button:focus *, .pp-modal-window .modal-9659 .ppjs__audio .ppjs__button.ppjs__playpause-button button *, .pp-modal-window .modal-9659 .ppjs__audio .ppjs__button.ppjs__playpause-button button:hover *, .pp-modal-window .modal-9659 .ppjs__audio .ppjs__button.ppjs__playpause-button button:focus *, .pp-modal-window .aux-modal-9659 .pod-entry__play *, .pp-modal-window .aux-modal-9659 .pod-entry__play:hover * { color: #c8102e !important; } #pp-podcast-9659.postview .episode-list__load-more, .pp-modal-window .aux-modal-9659 .episode-list__load-more, #pp-podcast-9659:not(.modern) .ppjs__time-handle-content, .modal-9659 .ppjs__time-handle-content { border-color: #c8102e !important; } #pp-podcast-9659:not(.modern) .ppjs__audio-time-rail, #pp-podcast-9659.lv3 .pod-entry__play, #pp-podcast-9659.lv4 .pod-entry__play, #pp-podcast-9659.gv2 .pod-entry__play, #pp-podcast-9659.modern.wide-player .ppjs__audio .ppjs__button.ppjs__playpause-button button, #pp-podcast-9659.modern.wide-player .ppjs__audio .ppjs__button.ppjs__playpause-button button:hover, #pp-podcast-9659.modern.wide-player .ppjs__audio .ppjs__button.ppjs__playpause-button button:focus, .pp-modal-window .modal-9659 button.episode-list__load-more, .pp-modal-window .modal-9659 .ppjs__audio-time-rail, .pp-modal-window .modal-9659 button.pp-modal-close { background-color: #c8102e !important; } #pp-podcast-9659 .hasCover .ppjs__audio .ppjs__button.ppjs__playpause-button button { background-color: rgba(0, 0, 0, 0.5) !important; } .pp-modal-window .modal-9659 button.episode-list__load-more:hover, .pp-modal-window .modal-9659 button.episode-list__load-more:focus, .pp-modal-window .aux-modal-9659 button.episode-list__load-more:hover, .pp-modal-window .aux-modal-9659 button.episode-list__load-more:focus { background-color: rgba( 200,16,46, 0.7 ) !important; } #pp-podcast-9659 .ppjs__button.toggled-on, .pp-modal-window .modal-9659 .ppjs__button.toggled-on, #pp-podcast-9659.playerview .pod-entry.activeEpisode, .pp-modal-window .modal-9659.playerview .pod-entry.activeEpisode { background-color: rgba( 200,16,46, 0.1 ); } #pp-podcast-9659.postview .episode-list__load-more { background-color: transparent !important; } #pp-podcast-9659.modern:not(.wide-player) .ppjs__audio .ppjs__button.ppjs__playpause-button button *, #pp-podcast-9659.modern:not(.wide-player) .ppjs__audio .ppjs__button.ppjs__playpause-button button:hover *, #pp-podcast-9659.modern:not(.wide-player) .ppjs__audio .ppjs__button.ppjs__playpause-button button:focus * { color: #c8102e !important; } #pp-podcast-9659.modern:not(.wide-player) .ppjs__time-handle-content { border-color: #c8102e !important; } #pp-podcast-9659.modern:not(.wide-player) .ppjs__audio-time-rail { background-color: #c8102e !important; } #pp-podcast-9659, .modal-9659, .aux-modal-9659 { --pp-accent-color: #c8102e; }<\/style>\n\t\t\t<div id=\"pp-podcast-9659\" class=\"pp-podcast single-episode has-header header-hidden has-featured playerview media-audio\"  data-teaser=\"\" data-elength=\"25\" data-eunit=\"\" data-ppsdata=\"{&quot;ppe-9659-1&quot;:{&quot;title&quot;:&quot;43 &#8211; Advent&quot;,&quot;description&quot;:&quot;&lt;p&gt;Epost: Laernorsknaa@gmail.com&lt;\\\/p&gt;\\n&lt;p&gt;Tekst til episoden: &lt;a href=\\&quot;https:\\\/\\\/laernorsknaa.com\\\/?p=664\\&quot; target=\\&quot;_blank\\&quot; rel=\\&quot;external noreferrer noopener\\&quot;&gt;https:\\\/\\\/laernorsknaa.com\\\/&lt;strong&gt;43-advent&lt;\\\/strong&gt;\\\/&lt;\\\/a&gt;\\n&lt;\\\/p&gt;\\n&lt;p&gt;YouTube:\\u00a0&lt;a href=\\&quot;https:\\\/\\\/www.youtube.com\\\/channel\\\/UCxdRJ5lW2QlUNRfff-ZoE-A\\\/videos\\&quot;&gt;\\u2060\\u2060\\u2060https:\\\/\\\/www.youtube.com\\\/channel\\\/UCxdRJ5lW2QlUNRfff-ZoE-A\\\/videos\\u2060\\u2060&lt;\\\/a&gt;&lt;\\\/p&gt;\\n&lt;p&gt;&lt;\\\/p&gt;\\n&lt;p&gt;&lt;strong&gt;St\\u00f8tt podkasten: &lt;\\\/strong&gt;&lt;\\\/p&gt;\\n&lt;p&gt;Patreon:\\u00a0&lt;a href=\\&quot;https:\\\/\\\/www.patreon.com\\\/laernorsknaa\\&quot;&gt;\\u2060\\u2060https:\\\/\\\/www.patreon.com\\\/laernorsknaa\\u2060\\u2060&lt;\\\/a&gt;&lt;\\\/p&gt;\\n&lt;p&gt;Donasjon (Paypal):\\u00a0&lt;a href=\\&quot;https:\\\/\\\/www.paypal.com\\\/donate\\\/?hosted_button_id=KG22H9FPVG22N\\&quot;&gt;\\u2060\\u2060Doner (paypal.com)\\u2060&lt;\\\/a&gt;&lt;\\\/p&gt;\\n&lt;p&gt;&lt;\\\/p&gt;\\n&lt;p&gt;Tenn lys (sang): &lt;a href=\\&quot;https:\\\/\\\/www.youtube.com\\\/watch?v=EA0tJCaLAc8&amp;ab_channel=KirkensN%C3%B8dhjelp\\&quot;&gt;https:\\\/\\\/www.youtube.com\\\/watch?v=EA0tJCaLAc8&amp;ab_channel=KirkensN%C3%B8dhjelp&lt;\\\/a&gt;&lt;\\\/p&gt;\\n&lt;p&gt;Luciasangen: &lt;a href=\\&quot;https:\\\/\\\/www.youtube.com\\\/watch?v=TJ_dKMDxq4I&amp;ab_channel=Pudding-TV\\&quot;&gt;https:\\\/\\\/www.youtube.com\\\/watch?v=TJ_dKMDxq4I&amp;ab_channel=Pudding-TV&lt;\\\/a&gt;&lt;\\\/p&gt;\\n&lt;p&gt;&lt;\\\/p&gt;\\n&lt;p&gt;N\\u00e5 g\\u00e5r vi inn i adventstida her i Norge. Advent er ei kristen h\\u00f8ytid som markerer begynnelsen av ventetida fram til julaften. Advent varer i fire uker fram til jul og begynner alltid p\\u00e5 en s\\u00f8ndag. Det betyr at advent kan starte p\\u00e5 en dag mellom 27. november og 3. desember. Med advent begynner ogs\\u00e5 kirke\\u00e5ret. Kirke\\u00e5ret er en kalender som viser alle de kristne feiringene som den Norske Kirka feirer. I \\u00e5r, 2020, starta advent 29. november. I Norge er jula en av de viktigste h\\u00f8ytidene i l\\u00f8pet av \\u00e5ret. Det er kanskje den viktigste h\\u00f8ytida. Advent er ventetida f\\u00f8r dette. Her i Norge har vi noen faste tradisjoner i adventstida. I dag tenkte jeg vi kunne se litt n\\u00e6rmere p\\u00e5 ventetida f\\u00f8r jul.&lt;\\\/p&gt;\\n&lt;p&gt;Hva betyr advent? Advent kommer fra latin: &lt;em&gt;Adventus Redemptoris &lt;\\\/em&gt;eller &lt;em&gt;Adventus Domini&lt;\\\/em&gt;. Det betyr \\u00abfrelserens ankomst\\u00bb eller \\u00abHerrens ankomst\\u00bb. \\u00abFrelseren\\u00bb eller \\u00abHerren\\u00bb betyr i denne sammenhengen Jesus. Advent er en del av ei kristen feiring og det latinske navnet viser at det er en sv\\u00e6rt gammel feiring. Navnet kommer fra den katolske kirka, men det har overlevd reformasjonen i Norge. Reformasjonen var da Norge gikk fra katolisismen til den Lutherske reformerte kristendommen. I dag er det mange som ikke tenker p\\u00e5 advent som en kristen h\\u00f8ytid, men ser p\\u00e5 det som en viktig norsk h\\u00f8ytid. Likevel er det ikke bare i Norge at man markerer advent. Markere advent vil si at man har noen faste markeringer for h\\u00f8ytida. Ogs\\u00e5 andre steder i verden feirer de advent.&lt;\\\/p&gt;\\n&quot;,&quot;author&quot;:&quot;Marius Stangeland&quot;,&quot;date&quot;:&quot;07-12-2020&quot;,&quot;link&quot;:&quot;https:\\\/\\\/podcasters.spotify.com\\\/pod\\\/show\\\/marius-stangeland\\\/episodes\\\/43---Advent-enaddm&quot;,&quot;src&quot;:&quot;https:\\\/\\\/anchor.fm\\\/s\\\/19b5cbd8\\\/podcast\\\/play\\\/23458678\\\/https%3A%2F%2Fd3ctxlq1ktw2nl.cloudfront.net%2Fstaging%2F2020-11-3%2F8058c505-999f-3e43-f54a-0fbee7fcf628.mp3&quot;,&quot;featured&quot;:&quot;https:\\\/\\\/laernorsknaa.com\\\/wp-content\\\/uploads\\\/2022\\\/06\\\/4213446-1607012006144-f65b5b90629ce.jpg&quot;,&quot;featured_id&quot;:2881,&quot;mediatype&quot;:&quot;audio&quot;,&quot;season&quot;:0,&quot;categories&quot;:[],&quot;duration&quot;:&quot;22:57&quot;,&quot;episodetype&quot;:&quot;full&quot;,&quot;timestamp&quot;:1607320800,&quot;key&quot;:&quot;679d5408a8a0a8e069656f006ebeadf5&quot;,&quot;fset&quot;:&quot;https:\\\/\\\/laernorsknaa.com\\\/wp-content\\\/uploads\\\/2022\\\/06\\\/4213446-1607012006144-f65b5b90629ce.jpg 400w, https:\\\/\\\/laernorsknaa.com\\\/wp-content\\\/uploads\\\/2022\\\/06\\\/4213446-1607012006144-f65b5b90629ce-300x300.jpg 300w, https:\\\/\\\/laernorsknaa.com\\\/wp-content\\\/uploads\\\/2022\\\/06\\\/4213446-1607012006144-f65b5b90629ce-150x150.jpg 150w, https:\\\/\\\/laernorsknaa.com\\\/wp-content\\\/uploads\\\/2022\\\/06\\\/4213446-1607012006144-f65b5b90629ce-100x100.jpg 100w&quot;,&quot;fratio&quot;:1},&quot;load_info&quot;:{&quot;loaded&quot;:1,&quot;displayed&quot;:1,&quot;offset&quot;:0,&quot;maxItems&quot;:1,&quot;src&quot;:&quot;b17db09ac4978c39be4e5d07ad0221d4&quot;,&quot;step&quot;:1,&quot;sortby&quot;:&quot;sort_date_desc&quot;,&quot;filterby&quot;:&quot;43 - Advent&quot;,&quot;fixed&quot;:&quot;&quot;,&quot;args&quot;:{&quot;imgurl&quot;:&quot;https:\\\/\\\/d3t3ozftmdmh3i.cloudfront.net\\\/production\\\/podcast_uploaded\\\/4213446\\\/4213446-1585566145786-524dbdb4bc3cb.jpg&quot;,&quot;imgset&quot;:&quot;&quot;,&quot;display&quot;:&quot;&quot;,&quot;hddesc&quot;:0,&quot;hdfeat&quot;:0,&quot;oricov&quot;:&quot;https:\\\/\\\/d3t3ozftmdmh3i.cloudfront.net\\\/production\\\/podcast_uploaded\\\/4213446\\\/4213446-1585566145786-524dbdb4bc3cb.jpg&quot;,&quot;elength&quot;:25}},&quot;rdata&quot;:{&quot;permalink&quot;:&quot;https:\\\/\\\/laernorsknaa.com\\\/es\\\/wp-json\\\/wp\\\/v2\\\/posts\\\/664&quot;,&quot;fprint&quot;:&quot;b17db09ac4978c39be4e5d07ad0221d4&quot;,&quot;from&quot;:&quot;feedurl&quot;,&quot;elen&quot;:25,&quot;eunit&quot;:&quot;&quot;,&quot;teaser&quot;:&quot;&quot;,&quot;title&quot;:&quot;L\\u00e6r norsk n\\u00e5!&quot;,&quot;autoplay&quot;:&quot;&quot;}}\"><div class=\"pp-podcast__wrapper\"><div class=\"pp-podcast__info pod-info\"><div class=\"pod-info__header pod-header\"><div class=\"pod-header__image\"><div class=\"pod-header__image-wrapper\"><img decoding=\"async\" class=\"podcast-cover-image\" src=\"https:\/\/d3t3ozftmdmh3i.cloudfront.net\/production\/podcast_uploaded\/4213446\/4213446-1585566145786-524dbdb4bc3cb.jpg\" srcset=\"\" sizes=\"(max-width: 640px) 100vw, 25vw\" alt=\"L\u00e6r norsk n\u00e5!\"><\/div><span class=\"pod-header__image-style\" style=\"display: block; width: 100%; padding-top: 100%\"><\/div><div class=\"pod-header__items pod-items\"><div class=\"pod-items__title\">L\u00e6r norsk n\u00e5!<\/div><div class=\"pod-items__desc\"><p>\u201cL\u00e6r Norsk N\u00e5!\u201d is a podcast for the intermediate Norwegian learner (B1-B2) who wants to listen to authentic Norwegian spoken in a clear and slow manner. Transcriptions for the episodes are easily available at the website for the podcast, providing textual support for the spoken material. The podcast deals with many different topics including history, culture, science, literature, the Norwegian language and more; this provides the learner with a range of different topics in Norwegian, leading to ample opportunity to improve one\u2019s Norwegian. It is also a fun and engaging way of learning!<\/p>\n<\/div><div class=\"pod-items__navi-menu\"><a href=\"https:\/\/podcasts.apple.com\/us\/podcast\/l%C3%A6r-norsk-n%C3%A5\/id1509716748\" class=\"subscribe-item pp-badge apple-sub\" target=\"_blank\"><svg class=\"icon icon-pp-apple\" aria-hidden=\"true\" role=\"img\" focusable=\"false\"><use href=\"#icon-pp-apple\" xlink:href=\"#icon-pp-apple\"><\/use><\/svg><span class=\"sub-text\"><span class=\"sub-listen-text\">Esc\u00fachalo en:<\/span><span class=\"sub-item-text\">Apple Podcasts<\/span><\/span><\/a><a href=\"https:\/\/podcasts.google.com\/feed\/aHR0cHM6Ly9hbmNob3IuZm0vcy8xOWI1Y2JkOC9wb2RjYXN0L3Jzcw==\" class=\"subscribe-item pp-badge google-sub\" target=\"_blank\"><svg class=\"icon icon-pp-google\" aria-hidden=\"true\" role=\"img\" focusable=\"false\"><use href=\"#icon-pp-google\" xlink:href=\"#icon-pp-google\"><\/use><\/svg><span class=\"sub-text\"><span class=\"sub-listen-text\">Esc\u00fachalo en:<\/span><span class=\"sub-item-text\"><span>Google <\/span><span style=\"font-weight: normal;\">P\u00f3dcast<\/span><\/span><\/span><\/a><a href=\"https:\/\/open.spotify.com\/show\/6GWf9sFwRSFcGZMAeFPyvY\" class=\"subscribe-item pp-badge spotify-sub\" target=\"_blank\"><span class=\"sub-text\"><span class=\"sub-listen-text\">Esc\u00fachalo en:<\/span><\/span><svg class=\"icon icon-pp-spotify\" aria-hidden=\"true\" role=\"img\" focusable=\"false\"><use href=\"#icon-pp-spotify\" xlink:href=\"#icon-pp-spotify\"><\/use><\/svg><span class=\"sub-text\"><span class=\"sub-item-text\">Spotify<\/span><\/span><\/a><\/div><\/div><\/div><\/div><div class=\"pp-podcast__content pod-content\"><div class=\"pp-podcast__single\"><div class=\"pp-podcast__player\"><div class=\"pp-player-episode\"><audio id=\"pp-podcast-9659-player\" preload=\"none\" class=\"pp-podcast-episode\" style=\"width: 100%;\" controls=\"controls\"><source type=\"audio\/mpeg\" src=\"https:\/\/anchor.fm\/s\/19b5cbd8\/podcast\/play\/23458678\/https%3A%2F%2Fd3ctxlq1ktw2nl.cloudfront.net%2Fstaging%2F2020-11-3%2F8058c505-999f-3e43-f54a-0fbee7fcf628.mp3\" \/><\/audio><\/div><\/div><div class=\"pod-content__episode episode-single\"><button class=\"episode-single__close\" aria-expanded=\"false\" aria-label=\"Cerrar el episodio individual\"><span class=\"btn-icon-wrap\"><svg class=\"icon icon-pp-x\" aria-hidden=\"true\" role=\"img\" focusable=\"false\"><use href=\"#icon-pp-x\" xlink:href=\"#icon-pp-x\"><\/use><\/svg><\/span><\/button><div class=\"episode-single__wrapper\"><div class=\"episode-single__header\"><div class=\"episode-single__title\">43 &#8211; Advent<\/div><div class=\"episode-single__author\"><span class=\"byname\">por<\/span><span class=\"single-author\">Marius Stangeland<\/span><\/div><\/div><div class=\"episode-single__description\"><p>Epost: Laernorsknaa@gmail.com<\/p><p>Tekst til episoden: <a href=\"https:\/\/laernorsknaa.com\/es\/?p=664\" target=\"_blank\" rel=\"external noreferrer noopener\">https:\/\/laernorsknaa.com\/<strong>43-advent<\/strong>\/<\/a><\/p><p>YouTube:\u00a0<a href=\"https:\/\/www.youtube.com\/channel\/UCxdRJ5lW2QlUNRfff-ZoE-A\/videos\">\u2060\u2060\u2060https:\/\/www.youtube.com\/channel\/UCxdRJ5lW2QlUNRfff-ZoE-A\/videos\u2060\u2060<\/a><\/p><p><\/p><p><strong>St\u00f8tt podkasten: <\/strong><\/p><p>Patreon:\u00a0<a href=\"https:\/\/www.patreon.com\/laernorsknaa\">\u2060\u2060https:\/\/www.patreon.com\/laernorsknaa\u2060\u2060<\/a><\/p><p>Donasjon (Paypal):\u00a0<a href=\"https:\/\/www.paypal.com\/donate\/?hosted_button_id=KG22H9FPVG22N\">\u2060\u2060Doner (paypal.com)\u2060<\/a><\/p><p><\/p><p>Tenn lys (sang): <a href=\"https:\/\/www.youtube.com\/watch?v=EA0tJCaLAc8&amp;ab_channel=KirkensN%C3%B8dhjelp\">https:\/\/www.youtube.com\/watch?v=EA0tJCaLAc8&amp;ab_channel=KirkensN%C3%B8dhjelp<\/a><\/p><p>Luciasangen: <a href=\"https:\/\/www.youtube.com\/watch?v=TJ_dKMDxq4I&amp;ab_channel=Pudding-TV\">https:\/\/www.youtube.com\/watch?v=TJ_dKMDxq4I&amp;ab_channel=Pudding-TV<\/a><\/p><p><\/p><p>N\u00e5 g\u00e5r vi inn i adventstida her i Norge. Advent er ei kristen h\u00f8ytid som markerer begynnelsen av ventetida fram til julaften. Advent varer i fire uker fram til jul og begynner alltid p\u00e5 en s\u00f8ndag. Det betyr at advent kan starte p\u00e5 en dag mellom 27. november og 3. desember. Med advent begynner ogs\u00e5 kirke\u00e5ret. Kirke\u00e5ret er en kalender som viser alle de kristne feiringene som den Norske Kirka feirer. I \u00e5r, 2020, starta advent 29. november. I Norge er jula en av de viktigste h\u00f8ytidene i l\u00f8pet av \u00e5ret. Det er kanskje den viktigste h\u00f8ytida. Advent er ventetida f\u00f8r dette. Her i Norge har vi noen faste tradisjoner i adventstida. I dag tenkte jeg vi kunne se litt n\u00e6rmere p\u00e5 ventetida f\u00f8r jul.<\/p><p>Hva betyr advent? Advent kommer fra latin: <em>Adventus Redemptoris <\/em>eller <em>Adventus Domini<\/em>. Det betyr \u00abfrelserens ankomst\u00bb eller \u00abHerrens ankomst\u00bb. \u00abFrelseren\u00bb eller \u00abHerren\u00bb betyr i denne sammenhengen Jesus. Advent er en del av ei kristen feiring og det latinske navnet viser at det er en sv\u00e6rt gammel feiring. Navnet kommer fra den katolske kirka, men det har overlevd reformasjonen i Norge. Reformasjonen var da Norge gikk fra katolisismen til den Lutherske reformerte kristendommen. I dag er det mange som ikke tenker p\u00e5 advent som en kristen h\u00f8ytid, men ser p\u00e5 det som en viktig norsk h\u00f8ytid. Likevel er det ikke bare i Norge at man markerer advent. Markere advent vil si at man har noen faste markeringer for h\u00f8ytida. Ogs\u00e5 andre steder i verden feirer de advent.<\/p><\/div><\/div><div class=\"ppjs__img-wrapper\"><div class=\"ppjs__img-btn-cover\"><img decoding=\"async\" class=\"ppjs__img-btn\" src=\"https:\/\/laernorsknaa.com\/wp-content\/uploads\/2022\/06\/4213446-1607012006144-f65b5b90629ce.jpg\" srcset=\"https:\/\/laernorsknaa.com\/wp-content\/uploads\/2022\/06\/4213446-1607012006144-f65b5b90629ce.jpg 400w, https:\/\/laernorsknaa.com\/wp-content\/uploads\/2022\/06\/4213446-1607012006144-f65b5b90629ce-300x300.jpg 300w, https:\/\/laernorsknaa.com\/wp-content\/uploads\/2022\/06\/4213446-1607012006144-f65b5b90629ce-150x150.jpg 150w, https:\/\/laernorsknaa.com\/wp-content\/uploads\/2022\/06\/4213446-1607012006144-f65b5b90629ce-100x100.jpg 100w\" sizes=\"(max-width: 640px) 100vw, 300px\" alt=\"43 &#8211; Advent\"><\/div><span class=\"ppjs__img-btn-style\" style=\"display: block; width: 100%; padding-top: 100%\"><\/div><\/div><\/div><\/div><\/div><div class=\"pod-content__launcher pod-launch\"><button class=\"pod-launch__button pod-launch__info pod-button\" aria-expanded=\"false\"><span class=\"ppjs__offscreen\">Mostrar la informaci\u00f3n del p\u00f3dcast<\/span><span class=\"btn-icon-wrap\"><svg class=\"icon icon-pp-podcast\" aria-hidden=\"true\" role=\"img\" focusable=\"false\"><use href=\"#icon-pp-podcast\" xlink:href=\"#icon-pp-podcast\"><\/use><\/svg><svg class=\"icon icon-pp-x\" aria-hidden=\"true\" role=\"img\" focusable=\"false\"><use href=\"#icon-pp-x\" xlink:href=\"#icon-pp-x\"><\/use><\/svg><\/span><\/button><\/div><\/div>\n\n\n<h2 class=\"wp-block-heading\"><strong>Transcripci\u00f3n<\/strong><\/h2>\n\n\n\n<div class=\"wp-block-group transcript has-background\" style=\"background-color:#eff8ff\"><div class=\"wp-block-group__inner-container is-layout-flow wp-block-group-is-layout-flow\">\n<p>Hei og velkommen til en ny episode av \u201cL\u00e6r norsk n\u00e5!\u201d. I denne episoden skal vi snake om advent. F\u00f8r vi begynner vil jeg bare minne dere p\u00e5 at dere kan finne teksten til episoden p\u00e5 nettstedet til podkasten. I tillegg vil jeg bare nevne at det er mulig \u00e5 st\u00f8tte podkasten p\u00e5 \u00abPatreon\u00bb. Jeg legger ved en lenke i deskripsjonen.  Takk.<\/p>\n\n\n\n<p>N\u00e5 g\u00e5r vi inn i adventstida her i Norge. Advent er ei kristen h\u00f8ytid som markerer begynnelsen av ventetida fram til julaften. Advent varer i fire uker fram til jul og begynner alltid p\u00e5 en s\u00f8ndag. Det betyr at advent kan starte p\u00e5 en dag mellom 27. november og 3. desember. Med advent begynner ogs\u00e5 kirke\u00e5ret. Kirke\u00e5ret er en kalender som viser alle de kristne feiringene som den Norske Kirka feirer. I \u00e5r, 2020, starta advent 29. november. I Norge er jula en av de viktigste h\u00f8ytidene i l\u00f8pet av \u00e5ret. Det er kanskje den viktigste h\u00f8ytida. Advent er ventetida f\u00f8r dette. Her i Norge har vi noen faste tradisjoner i adventstida. I dag tenkte jeg vi kunne se litt n\u00e6rmere p\u00e5 ventetida f\u00f8r jul.<\/p>\n\n\n\n<p>Hva betyr advent? Advent kommer fra latin: <em>Adventus Redemptoris <\/em>eller <em>Adventus Domini<\/em>. Det betyr \u00abfrelserens ankomst\u00bb eller \u00abHerrens ankomst\u00bb. \u00abFrelseren\u00bb eller \u00abHerren\u00bb betyr i denne sammenhengen Jesus. Advent er en del av ei kristen feiring og det latinske navnet viser at det er en sv\u00e6rt gammel feiring. Navnet kommer fra den katolske kirka, men det har overlevd reformasjonen i Norge. Reformasjonen var da Norge gikk fra katolisismen til den Lutherske reformerte kristendommen. I dag er det mange som ikke tenker p\u00e5 advent som en kristen h\u00f8ytid, men ser p\u00e5 det som en viktig norsk h\u00f8ytid. Likevel er det ikke bare i Norge at man markerer advent. Markere advent vil si at man har noen faste markeringer for h\u00f8ytida. Ogs\u00e5 andre steder i verden feirer de advent.<\/p>\n\n\n\n<p>Man er ikke sikker p\u00e5 n\u00e5r folk f\u00f8rst begynte \u00e5 feire advent. Man vet likevel at det er en gammel tradisjon. P\u00e5 500-tallet ble adventstida nevnt i skriftlige kilder i Tours i Frankrike. Fra 600-tallet begynte egne liturgiske b\u00f8ker for adventtida \u00e5 komme ut. Liturgiske b\u00f8ker er b\u00f8ker som sier noe om kirka og kirkefeiringer. Det var likevel f\u00f8rst p\u00e5 1000-tallet at adventen blei satt til fire s\u00f8ndager f\u00f8r jul. Alts\u00e5 er adventsforma som vi feirer i Norge veldig gammel. F\u00f8r var det vanlig \u00e5 faste i adventstida. Faste betyr at man ikke spiser mat, eller holder seg unna noen typer matvarer som for eksempel kj\u00f8tt. Etter 1500-tallet slutta man \u00e5 faste i reformerte land. Norge skifta fra katolsk kristendom til Luthersk kristendom. Derfor slutta man ogs\u00e5 \u00e5 faste i adventstida i Norge p\u00e5 1500-tallet. Likevel var det mange norske b\u00f8nder som \u00e5t veldig lett og simpel mat dagene rett f\u00f8r julaften. I noen moderne katolske land er det fortsatt vanlig \u00e5 faste eller spise mer simpel mat rett f\u00f8r julaften.<\/p>\n\n\n\n<p>I dag er det ikke vanlig \u00e5 faste eller spise mer simpel mat f\u00f8r julaften. Faktisk er det vanlig \u00e5 spise julemat allerede i adventstida. I Norge er vanlig julemat ribbe (grisekj\u00f8tt), pinnekj\u00f8tt (salta sauekj\u00f8tt) og lutefisk (t\u00f8rka fisk, gjerne torsk, som et utbl\u00f8tt i vann og luta. Lut er det samme som et basisk stoff, alts\u00e5 omvendt av syrlige stoffer). Mange spiser julemat som ribbe allerede i adventstida, men mange venter til juletida. Likevel er det veldig vanlig at folk spiser litt mer i adventstida og spesielt i juletida.<\/p>\n\n\n\n<p>I adventstida er det vanlig \u00e5 begynne \u00e5 pynte hus med julelys. Mange henger opp ei adventsstjerne i vinduet. Adventsstjerner er en stjerneforma pyntegjenstand med lys inni. Adventsstjerner blei vanlig i Norge og Norden i mellomkrigstida, alts\u00e5 i tida mellom 1. verdenskrig og 2. verdenskrig. Det er alts\u00e5 ikke en veldig gammel skikk, men den er veldig vanlig n\u00e5. Tradisjonelt symboliserer stjerna Betlehemsstjerna. Betlehemsstjerna var den stjerna som if\u00f8lge bibelen (Matteus 2:2-10) viste vismennene veien til stallen (eller stedet) der Jesus blei f\u00f8dt. Det er alts\u00e5 en klart kristen tradisjon, akkurat som adventstida.<\/p>\n\n\n\n<p>En annen vanlig tradisjon er adventslys. Adventslys er fire lys i en lysestake. En lysestake er noe som holder lysene p\u00e5 plass. Det er vanlig \u00e5 tenne det f\u00f8rste lyset den f\u00f8rste s\u00f8ndagen i advent. Deretter begynner man \u00e5 tenne ogs\u00e5 det andre lyset den andre s\u00f8ndagen i advent. Det betyr at man ikke tenner alle lysene f\u00f8r den fjerde og siste s\u00f8ndagen i advent. Jeg husker at vi pleide \u00e5 tenne lys p\u00e5 skolen. Da pleide vi \u00e5 synge en strofe av en sang som heter \u00abTenn lys\u00bb for hvert lys vi tente. Her er et lite utdrag fra sangen:<\/p>\n\n\n\n<p>En annen vanlig tradisjon er adventskalender. En adventskalender er en kalender som brukes til \u00e5 telle ned dagene fra 1. desember til julaften 24. desember. I Norge er det vanlig \u00e5 ha flere adventskalendere. For eksempel kan man kj\u00f8pe en adventskalender som man skraper lukene p\u00e5. Dersom man f\u00e5r et visst antall av en figur kan man vinne en premie. Ofte pleier det \u00e5 v\u00e6re flere figurer og ulike premier. I tillegg er det veldig vanlig med sjokoladekalender, spesielt for barn. En sjokoladekalender inneholder 24 sjokolader, s\u00e5 \u00e5pner man en luke med en sjokolade hver dag i advent fram til julaften. Mange barn har ogs\u00e5 gavekalendere. Gavekalendere best\u00e5r av flere sm\u00e5gaver som man \u00e5pner hver dag eller et par dager i l\u00f8pet av advent. Ofte pleier det \u00e5 v\u00e6re sm\u00e5ting som barna trenger som blyant, blyantspisser og lignende ting.<\/p>\n\n\n\n<p>Mange i Norge sender julekort til hverandre. Disse julekorta har som regel et bilde av familien, alts\u00e5 foreldre og barn, og en liten hilsen. Det er vanlig \u00e5 sende slike kort til venner og familie. Det er vanlig \u00e5 sende dem ut i adventstida. Vi pleide \u00e5 henge disse kortene opp p\u00e5 veggen \u00e5 la dem henge der hele \u00e5ret. N\u00e5r det kom nye kort neste \u00e5r, tok vi ned de gamle og hang opp de nye. De fleste lar dem henge oppe i adventstida og jula, og tar dem ned etterp\u00e5. Det er en koselig skikk synes jeg.<\/p>\n\n\n\n<p>I adventstida er det vanlig \u00e5 bruke mye fargen lilla. Det er fargen for adventstida. P\u00e5 julaften er det vanlig \u00e5 bytte fra lilla til r\u00f8dt. Lilla skal symbolisere bot, anger, alvor og \u00e5nd. Tradisjonelt var tanken at man skulle gj\u00f8re sjel og kropp klar til \u00e5 ta imot julebudskapet. Jeg synes at \u00e5 pynte med lilla er veldig fint. Det er noe jeg forbinder med adventstida og jul.<\/p>\n\n\n\n<p>Det er mange merkedager i l\u00f8pet av adventstida. 6. desember er for eksempel Nilsmesse. Dagen feires for Sankt Nikolas som er en helgen i den katolske kirka. Mange forbinder Sankt Nikolaus med julenissen. Denne dagen er veldig stor i Nederland og Belgia, men den er ikke s\u00e5 vanlig i \u00e5 feire den i Norge. Likevel husker jeg at det var vanlig \u00e5 sette opp juletre p\u00e5 torget rundt 6. desember hjemme. Da satte man opp et stort juletre og gikk rundt det mens man holdt i hendene til hverandre. Det var vanlig \u00e5 synge julesanger. I tillegg var det vanlig at det var en som var utkledd som julenissen og ga oss barna en liten godtepose. Jeg husker det som en veldig fin feiring.<\/p>\n\n\n\n<p>8. desember er Maria unnfangelsesdag. Alts\u00e5 dagen foreldrene til Maria laga henne, hvis det er lov \u00e5 si. I Norge er det ikke vanlig \u00e5 feire denne dagen, men flere baker et s\u00e5kalt skuebr\u00f8d p\u00e5 denne dagen. Alts\u00e5 man baker et br\u00f8d som blir brukt til \u00e5 pynte med. Det var viktig \u00e5 dekorere det.<\/p>\n\n\n\n<p>En katolsk helgendag som faktisk fortsatt feires i Norge er Luciadagen 13. desember. Dagen blir feira for den sicilianske helgenen Lucia som d\u00f8de i \u00e5r 303. Alts\u00e5 for veldig lenge siden. Sicilia var p\u00e5 denne tida under det romerske imperiet. Sicilia er i dag en del av Italia og er den st\u00f8rste \u00f8ya i Middelhavet. Feiringen av Lucia ble utbredt, alts\u00e5 vanlig, i Sverige p\u00e5 1800-tallet. Feiringa spredde seg fra Sverige til Norge. I dag er det vanlig \u00e5 feire Luciadagen ogs\u00e5 i Norge, men mest i barnehager og skoler. Det er mindre vanlig \u00e5 feire Luciadagen i private hjem i Norge. Mange baker lussekatter p\u00e5 denne dagen, en slags gule boller med krydderet safran i seg. &nbsp;Dagen blir feira med at barn kler seg i hvite kapper og b\u00e6rer et lys i h\u00e5nda. Helt fremst g\u00e5r ei jente som skal symbolisere Lucia. Hun g\u00e5r med en krone med lys. Mens de g\u00e5r, er det vanlig \u00e5 synge Luciasangen. Den h\u00f8res slik ut: &nbsp;<\/p>\n\n\n\n<p>Thomasmessa blir feira 21. desember. Ogs\u00e5 det er en katolsk h\u00f8ytid. Likevel er dagen mest kjent for jule\u00f8let som man m\u00e5tte brygge f\u00f8r p\u00e5 denne dagen. Og ja, man m\u00e5tte brygge \u00f8l. Loven sa at man skulle brygge jule\u00f8l. Det var alts\u00e5 ulovelig \u00e5 ikke brygge slikt \u00f8l. \u00d8let skulle brygges sterkt, alts\u00e5 med mye alkohol i, ellers fikk man kjeft. \u00c5 f\u00e5 kjeft betyr at man f\u00e5r kritikk. Skikken er en f\u00f8rkristen skikk som ogs\u00e5 vikingene feira. Da brygga de \u00f8l for de norr\u00f8ne gudene som Odin og Tor. Da kristendommen kom til Norge, brygga man \u00f8let til \u00e6re for Jesus og Maria. \u00c5 brygge eget jule\u00f8l var vanlig helt fram til 1900-tallet. I dag er det ikke mange som brygger \u00f8l lenger. Det er heller ikke p\u00e5budt, alts\u00e5 noe du m\u00e5 gj\u00f8re.<\/p>\n\n\n\n<p>21. desember er det vintersolverv. Det er den dagen sola st\u00e5r p\u00e5 sitt laveste. Etter 21. desember snur sola. Etter det blir det lysere og lysere. Men 21. desember er den m\u00f8rkeste dagen i \u00e5ret. I Norge er dette en sv\u00e6rt m\u00f8rk dag. Her i Trondheim er soloppgang ca. kl. 10 og solnedgang kl. 14.30 p\u00e5 det m\u00f8rkeste. Det er alts\u00e5 bare fire og en halv time med sollys p\u00e5 det m\u00f8rkeste. Dersom man g\u00e5r lenger nord i Norge st\u00e5r ikke sola opp i det hele tatt. Da er det m\u00f8rketid. Mange tror faktisk at julefeiringa kan ha oppst\u00e5tt som en m\u00e5te \u00e5 feire at sola snur p\u00e5.<\/p>\n\n\n\n<p>Takk for at du har h\u00f8rt p\u00e5 denne episoden av \u00abL\u00e6r norsk n\u00e5!\u00bb. Dersom du har noen sp\u00f8rsm\u00e5l kan du sende dem til meg p\u00e5 e-post. Dere finner e-post adressen i deskripsjonen av denne episoden. Ellers vil jeg bare \u00f8nske dere en riktig god adventstid. Ha det bra!<\/p>\n<\/div><\/div>","protected":false},"excerpt":{"rendered":"<p>N\u00e5 g\u00e5r vi inn i adventstida her i Norge. Advent er ei kristen h\u00f8ytid som markerer begynnelsen av ventetida fram til julaften. Advent varer i fire uker fram til jul og begynner alltid p\u00e5 en s\u00f8ndag. Det betyr at advent kan starte p\u00e5 en dag mellom 27. november og 3. desember. Med advent begynner ogs\u00e5 kirke\u00e5ret. Kirke\u00e5ret er en kalender som viser alle de kristne feiringene som den Norske Kirka feirer. I \u00e5r, 2020, starta advent 29. november. I Norge er jula en av de viktigste h\u00f8ytidene i l\u00f8pet av \u00e5ret. Det er kanskje den viktigste h\u00f8ytida. Advent er ventetida f\u00f8r dette. Her i Norge har vi noen faste tradisjoner i adventstida. I dag tenkte jeg vi kunne se litt n\u00e6rmere p\u00e5 ventetida f\u00f8r jul.<\/p>","protected":false},"author":2,"featured_media":667,"comment_status":"open","ping_status":"closed","sticky":false,"template":"","format":"standard","meta":{"_monsterinsights_skip_tracking":false,"_monsterinsights_sitenote_active":false,"_monsterinsights_sitenote_note":"","_monsterinsights_sitenote_category":0,"footnotes":""},"categories":[5],"tags":[190,191,192,195,193,194],"class_list":["post-664","post","type-post","status-publish","format-standard","has-post-thumbnail","hentry","category-podcast","tag-advent","tag-jul","tag-julelys","tag-kristendom","tag-lilla","tag-luciadagen"],"yoast_head":"<!-- This site is optimized with the Yoast SEO plugin v26.4 - https:\/\/yoast.com\/wordpress\/plugins\/seo\/ -->\n<title>43 - Advent &#8211; L\u00e6r norsk n\u00e5<\/title>\n<meta name=\"robots\" content=\"index, follow, max-snippet:-1, max-image-preview:large, max-video-preview:-1\" \/>\n<link rel=\"canonical\" href=\"http:\/\/91.98.205.163:8089\/43-advent\/\" \/>\n<meta property=\"og:locale\" content=\"es_ES\" \/>\n<meta property=\"og:type\" content=\"article\" \/>\n<meta property=\"og:title\" content=\"43 - Advent &#8211; L\u00e6r norsk n\u00e5\" \/>\n<meta property=\"og:description\" content=\"N\u00e5 g\u00e5r vi inn i adventstida her i Norge. Advent er ei kristen h\u00f8ytid som markerer begynnelsen av ventetida fram til julaften. Advent varer i fire uker fram til jul og begynner alltid p\u00e5 en s\u00f8ndag. Det betyr at advent kan starte p\u00e5 en dag mellom 27. november og 3. desember. Med advent begynner ogs\u00e5 kirke\u00e5ret. Kirke\u00e5ret er en kalender som viser alle de kristne feiringene som den Norske Kirka feirer. I \u00e5r, 2020, starta advent 29. november. I Norge er jula en av de viktigste h\u00f8ytidene i l\u00f8pet av \u00e5ret. Det er kanskje den viktigste h\u00f8ytida. Advent er ventetida f\u00f8r dette. Her i Norge har vi noen faste tradisjoner i adventstida. I dag tenkte jeg vi kunne se litt n\u00e6rmere p\u00e5 ventetida f\u00f8r jul.\" \/>\n<meta property=\"og:url\" content=\"http:\/\/91.98.205.163:8089\/43-advent\/\" \/>\n<meta property=\"og:site_name\" content=\"L\u00e6r norsk n\u00e5\" \/>\n<meta property=\"article:published_time\" content=\"2020-12-07T05:55:00+00:00\" \/>\n<meta property=\"article:modified_time\" content=\"2021-11-30T12:46:58+00:00\" \/>\n<meta property=\"og:image\" content=\"http:\/\/91.98.205.163:8089\/wp-content\/uploads\/2020\/12\/advent.jpg\" \/>\n\t<meta property=\"og:image:width\" content=\"550\" \/>\n\t<meta property=\"og:image:height\" content=\"299\" \/>\n\t<meta property=\"og:image:type\" content=\"image\/jpeg\" \/>\n<meta name=\"author\" content=\"Marius Stangeland\" \/>\n<meta name=\"twitter:card\" content=\"summary_large_image\" \/>\n<meta name=\"twitter:label1\" content=\"Escrito por\" \/>\n\t<meta name=\"twitter:data1\" content=\"Marius Stangeland\" \/>\n\t<meta name=\"twitter:label2\" content=\"Tiempo de lectura\" \/>\n\t<meta name=\"twitter:data2\" content=\"8 minutos\" \/>\n<script type=\"application\/ld+json\" class=\"yoast-schema-graph\">{\"@context\":\"https:\/\/schema.org\",\"@graph\":[{\"@type\":\"Article\",\"@id\":\"http:\/\/91.98.205.163:8089\/43-advent\/#article\",\"isPartOf\":{\"@id\":\"http:\/\/91.98.205.163:8089\/43-advent\/\"},\"author\":{\"name\":\"Marius Stangeland\",\"@id\":\"http:\/\/91.98.205.163:8089\/#\/schema\/person\/372f7f766a136344430614732659b5f2\"},\"headline\":\"43 &#8211; Advent\",\"datePublished\":\"2020-12-07T05:55:00+00:00\",\"dateModified\":\"2021-11-30T12:46:58+00:00\",\"mainEntityOfPage\":{\"@id\":\"http:\/\/91.98.205.163:8089\/43-advent\/\"},\"wordCount\":1823,\"commentCount\":10,\"publisher\":{\"@id\":\"http:\/\/91.98.205.163:8089\/#\/schema\/person\/372f7f766a136344430614732659b5f2\"},\"image\":{\"@id\":\"http:\/\/91.98.205.163:8089\/43-advent\/#primaryimage\"},\"thumbnailUrl\":\"https:\/\/laernorsknaa.com\/wp-content\/uploads\/2020\/12\/advent.jpg\",\"keywords\":[\"Advent\",\"jul\",\"julelys\",\"kristendom\",\"lilla\",\"Luciadagen\"],\"articleSection\":[\"Podcast\"],\"inLanguage\":\"es\",\"potentialAction\":[{\"@type\":\"CommentAction\",\"name\":\"Comment\",\"target\":[\"http:\/\/91.98.205.163:8089\/43-advent\/#respond\"]}]},{\"@type\":\"WebPage\",\"@id\":\"http:\/\/91.98.205.163:8089\/43-advent\/\",\"url\":\"http:\/\/91.98.205.163:8089\/43-advent\/\",\"name\":\"43 - Advent &#8211; L\u00e6r norsk n\u00e5\",\"isPartOf\":{\"@id\":\"http:\/\/91.98.205.163:8089\/#website\"},\"primaryImageOfPage\":{\"@id\":\"http:\/\/91.98.205.163:8089\/43-advent\/#primaryimage\"},\"image\":{\"@id\":\"http:\/\/91.98.205.163:8089\/43-advent\/#primaryimage\"},\"thumbnailUrl\":\"https:\/\/laernorsknaa.com\/wp-content\/uploads\/2020\/12\/advent.jpg\",\"datePublished\":\"2020-12-07T05:55:00+00:00\",\"dateModified\":\"2021-11-30T12:46:58+00:00\",\"breadcrumb\":{\"@id\":\"http:\/\/91.98.205.163:8089\/43-advent\/#breadcrumb\"},\"inLanguage\":\"es\",\"potentialAction\":[{\"@type\":\"ReadAction\",\"target\":[\"http:\/\/91.98.205.163:8089\/43-advent\/\"]}]},{\"@type\":\"ImageObject\",\"inLanguage\":\"es\",\"@id\":\"http:\/\/91.98.205.163:8089\/43-advent\/#primaryimage\",\"url\":\"https:\/\/laernorsknaa.com\/wp-content\/uploads\/2020\/12\/advent.jpg\",\"contentUrl\":\"https:\/\/laernorsknaa.com\/wp-content\/uploads\/2020\/12\/advent.jpg\",\"width\":550,\"height\":299},{\"@type\":\"BreadcrumbList\",\"@id\":\"http:\/\/91.98.205.163:8089\/43-advent\/#breadcrumb\",\"itemListElement\":[{\"@type\":\"ListItem\",\"position\":1,\"name\":\"Home\",\"item\":\"http:\/\/91.98.205.163:8089\/\"},{\"@type\":\"ListItem\",\"position\":2,\"name\":\"43 &#8211; Advent\"}]},{\"@type\":\"WebSite\",\"@id\":\"http:\/\/91.98.205.163:8089\/#website\",\"url\":\"http:\/\/91.98.205.163:8089\/\",\"name\":\"L\u00e6r norsk n\u00e5!\",\"description\":\"Resources and podcasts to learn Norwegian\",\"publisher\":{\"@id\":\"http:\/\/91.98.205.163:8089\/#\/schema\/person\/372f7f766a136344430614732659b5f2\"},\"potentialAction\":[{\"@type\":\"SearchAction\",\"target\":{\"@type\":\"EntryPoint\",\"urlTemplate\":\"http:\/\/91.98.205.163:8089\/?s={search_term_string}\"},\"query-input\":{\"@type\":\"PropertyValueSpecification\",\"valueRequired\":true,\"valueName\":\"search_term_string\"}}],\"inLanguage\":\"es\"},{\"@type\":[\"Person\",\"Organization\"],\"@id\":\"http:\/\/91.98.205.163:8089\/#\/schema\/person\/372f7f766a136344430614732659b5f2\",\"name\":\"Marius Stangeland\",\"image\":{\"@type\":\"ImageObject\",\"inLanguage\":\"es\",\"@id\":\"http:\/\/91.98.205.163:8089\/#\/schema\/person\/image\/\",\"url\":\"https:\/\/secure.gravatar.com\/avatar\/3ed6f06da2edefcae6cf6bb78721e567c1d9117b6b5b9b98efa5ff3b8d0de5c0?s=96&d=retro&r=g\",\"contentUrl\":\"https:\/\/secure.gravatar.com\/avatar\/3ed6f06da2edefcae6cf6bb78721e567c1d9117b6b5b9b98efa5ff3b8d0de5c0?s=96&d=retro&r=g\",\"caption\":\"Marius Stangeland\"},\"logo\":{\"@id\":\"http:\/\/91.98.205.163:8089\/#\/schema\/person\/image\/\"}}]}<\/script>\n<!-- \/ Yoast SEO plugin. -->","yoast_head_json":{"title":"43 - Advent &#8211; L\u00e6r norsk n\u00e5","robots":{"index":"index","follow":"follow","max-snippet":"max-snippet:-1","max-image-preview":"max-image-preview:large","max-video-preview":"max-video-preview:-1"},"canonical":"http:\/\/91.98.205.163:8089\/43-advent\/","og_locale":"es_ES","og_type":"article","og_title":"43 - Advent &#8211; L\u00e6r norsk n\u00e5","og_description":"N\u00e5 g\u00e5r vi inn i adventstida her i Norge. Advent er ei kristen h\u00f8ytid som markerer begynnelsen av ventetida fram til julaften. Advent varer i fire uker fram til jul og begynner alltid p\u00e5 en s\u00f8ndag. Det betyr at advent kan starte p\u00e5 en dag mellom 27. november og 3. desember. Med advent begynner ogs\u00e5 kirke\u00e5ret. Kirke\u00e5ret er en kalender som viser alle de kristne feiringene som den Norske Kirka feirer. I \u00e5r, 2020, starta advent 29. november. I Norge er jula en av de viktigste h\u00f8ytidene i l\u00f8pet av \u00e5ret. Det er kanskje den viktigste h\u00f8ytida. Advent er ventetida f\u00f8r dette. Her i Norge har vi noen faste tradisjoner i adventstida. I dag tenkte jeg vi kunne se litt n\u00e6rmere p\u00e5 ventetida f\u00f8r jul.","og_url":"http:\/\/91.98.205.163:8089\/43-advent\/","og_site_name":"L\u00e6r norsk n\u00e5","article_published_time":"2020-12-07T05:55:00+00:00","article_modified_time":"2021-11-30T12:46:58+00:00","og_image":[{"width":550,"height":299,"url":"http:\/\/91.98.205.163:8089\/wp-content\/uploads\/2020\/12\/advent.jpg","type":"image\/jpeg"}],"author":"Marius Stangeland","twitter_card":"summary_large_image","twitter_misc":{"Escrito por":"Marius Stangeland","Tiempo de lectura":"8 minutos"},"schema":{"@context":"https:\/\/schema.org","@graph":[{"@type":"Article","@id":"http:\/\/91.98.205.163:8089\/43-advent\/#article","isPartOf":{"@id":"http:\/\/91.98.205.163:8089\/43-advent\/"},"author":{"name":"Marius Stangeland","@id":"http:\/\/91.98.205.163:8089\/#\/schema\/person\/372f7f766a136344430614732659b5f2"},"headline":"43 &#8211; Advent","datePublished":"2020-12-07T05:55:00+00:00","dateModified":"2021-11-30T12:46:58+00:00","mainEntityOfPage":{"@id":"http:\/\/91.98.205.163:8089\/43-advent\/"},"wordCount":1823,"commentCount":10,"publisher":{"@id":"http:\/\/91.98.205.163:8089\/#\/schema\/person\/372f7f766a136344430614732659b5f2"},"image":{"@id":"http:\/\/91.98.205.163:8089\/43-advent\/#primaryimage"},"thumbnailUrl":"https:\/\/laernorsknaa.com\/wp-content\/uploads\/2020\/12\/advent.jpg","keywords":["Advent","jul","julelys","kristendom","lilla","Luciadagen"],"articleSection":["Podcast"],"inLanguage":"es","potentialAction":[{"@type":"CommentAction","name":"Comment","target":["http:\/\/91.98.205.163:8089\/43-advent\/#respond"]}]},{"@type":"WebPage","@id":"http:\/\/91.98.205.163:8089\/43-advent\/","url":"http:\/\/91.98.205.163:8089\/43-advent\/","name":"43 - Advent &#8211; L\u00e6r norsk n\u00e5","isPartOf":{"@id":"http:\/\/91.98.205.163:8089\/#website"},"primaryImageOfPage":{"@id":"http:\/\/91.98.205.163:8089\/43-advent\/#primaryimage"},"image":{"@id":"http:\/\/91.98.205.163:8089\/43-advent\/#primaryimage"},"thumbnailUrl":"https:\/\/laernorsknaa.com\/wp-content\/uploads\/2020\/12\/advent.jpg","datePublished":"2020-12-07T05:55:00+00:00","dateModified":"2021-11-30T12:46:58+00:00","breadcrumb":{"@id":"http:\/\/91.98.205.163:8089\/43-advent\/#breadcrumb"},"inLanguage":"es","potentialAction":[{"@type":"ReadAction","target":["http:\/\/91.98.205.163:8089\/43-advent\/"]}]},{"@type":"ImageObject","inLanguage":"es","@id":"http:\/\/91.98.205.163:8089\/43-advent\/#primaryimage","url":"https:\/\/laernorsknaa.com\/wp-content\/uploads\/2020\/12\/advent.jpg","contentUrl":"https:\/\/laernorsknaa.com\/wp-content\/uploads\/2020\/12\/advent.jpg","width":550,"height":299},{"@type":"BreadcrumbList","@id":"http:\/\/91.98.205.163:8089\/43-advent\/#breadcrumb","itemListElement":[{"@type":"ListItem","position":1,"name":"Home","item":"http:\/\/91.98.205.163:8089\/"},{"@type":"ListItem","position":2,"name":"43 &#8211; Advent"}]},{"@type":"WebSite","@id":"http:\/\/91.98.205.163:8089\/#website","url":"http:\/\/91.98.205.163:8089\/","name":"L\u00e6r norsk n\u00e5!","description":"Recursos y podcasts para aprender noruego","publisher":{"@id":"http:\/\/91.98.205.163:8089\/#\/schema\/person\/372f7f766a136344430614732659b5f2"},"potentialAction":[{"@type":"SearchAction","target":{"@type":"EntryPoint","urlTemplate":"http:\/\/91.98.205.163:8089\/?s={search_term_string}"},"query-input":{"@type":"PropertyValueSpecification","valueRequired":true,"valueName":"search_term_string"}}],"inLanguage":"es"},{"@type":["Person","Organization"],"@id":"http:\/\/91.98.205.163:8089\/#\/schema\/person\/372f7f766a136344430614732659b5f2","name":"Marius Stangeland","image":{"@type":"ImageObject","inLanguage":"es","@id":"http:\/\/91.98.205.163:8089\/#\/schema\/person\/image\/","url":"https:\/\/secure.gravatar.com\/avatar\/3ed6f06da2edefcae6cf6bb78721e567c1d9117b6b5b9b98efa5ff3b8d0de5c0?s=96&d=retro&r=g","contentUrl":"https:\/\/secure.gravatar.com\/avatar\/3ed6f06da2edefcae6cf6bb78721e567c1d9117b6b5b9b98efa5ff3b8d0de5c0?s=96&d=retro&r=g","caption":"Marius Stangeland"},"logo":{"@id":"http:\/\/91.98.205.163:8089\/#\/schema\/person\/image\/"}}]}},"_links":{"self":[{"href":"https:\/\/laernorsknaa.com\/es\/wp-json\/wp\/v2\/posts\/664","targetHints":{"allow":["GET"]}}],"collection":[{"href":"https:\/\/laernorsknaa.com\/es\/wp-json\/wp\/v2\/posts"}],"about":[{"href":"https:\/\/laernorsknaa.com\/es\/wp-json\/wp\/v2\/types\/post"}],"author":[{"embeddable":true,"href":"https:\/\/laernorsknaa.com\/es\/wp-json\/wp\/v2\/users\/2"}],"replies":[{"embeddable":true,"href":"https:\/\/laernorsknaa.com\/es\/wp-json\/wp\/v2\/comments?post=664"}],"version-history":[{"count":3,"href":"https:\/\/laernorsknaa.com\/es\/wp-json\/wp\/v2\/posts\/664\/revisions"}],"predecessor-version":[{"id":2297,"href":"https:\/\/laernorsknaa.com\/es\/wp-json\/wp\/v2\/posts\/664\/revisions\/2297"}],"wp:featuredmedia":[{"embeddable":true,"href":"https:\/\/laernorsknaa.com\/es\/wp-json\/wp\/v2\/media\/667"}],"wp:attachment":[{"href":"https:\/\/laernorsknaa.com\/es\/wp-json\/wp\/v2\/media?parent=664"}],"wp:term":[{"taxonomy":"category","embeddable":true,"href":"https:\/\/laernorsknaa.com\/es\/wp-json\/wp\/v2\/categories?post=664"},{"taxonomy":"post_tag","embeddable":true,"href":"https:\/\/laernorsknaa.com\/es\/wp-json\/wp\/v2\/tags?post=664"}],"curies":[{"name":"wp","href":"https:\/\/api.w.org\/{rel}","templated":true}]}}