{"id":72721,"date":"2024-04-17T09:00:00","date_gmt":"2024-04-17T08:00:00","guid":{"rendered":"http:\/\/91.98.205.163:8089\/?p=72721"},"modified":"2024-04-17T09:54:29","modified_gmt":"2024-04-17T08:54:29","slug":"112-den-forste-innvandring-utenfor-europa-pakistanerne-pa-1960-og-70-tallet","status":"publish","type":"post","link":"https:\/\/laernorsknaa.com\/es\/112-den-forste-innvandring-utenfor-europa-pakistanerne-pa-1960-og-70-tallet\/","title":{"rendered":"112 &#8211; Den f\u00f8rste innvandring utenfor Europa: Pakistanerne p\u00e5 1960- og 70-tallet"},"content":{"rendered":"<p>16 april  2024 | 18 minutt<\/p>\n\n\n\t\t\t<style type=\"text\/css\">#pp-podcast-7318 a, .pp-modal-window .modal-7318 a, .pp-modal-window .aux-modal-7318 a, #pp-podcast-7318 .ppjs__more { color: #c8102e; } #pp-podcast-7318:not(.modern) .ppjs__audio .ppjs__button.ppjs__playpause-button button *, #pp-podcast-7318:not(.modern) .ppjs__audio .ppjs__button.ppjs__playpause-button button:hover *, #pp-podcast-7318:not(.modern) .ppjs__audio .ppjs__button.ppjs__playpause-button button:focus *, .pp-modal-window .modal-7318 .ppjs__audio .ppjs__button.ppjs__playpause-button button *, .pp-modal-window .modal-7318 .ppjs__audio .ppjs__button.ppjs__playpause-button button:hover *, .pp-modal-window .modal-7318 .ppjs__audio .ppjs__button.ppjs__playpause-button button:focus *, .pp-modal-window .aux-modal-7318 .pod-entry__play *, .pp-modal-window .aux-modal-7318 .pod-entry__play:hover * { color: #c8102e !important; } #pp-podcast-7318.postview .episode-list__load-more, .pp-modal-window .aux-modal-7318 .episode-list__load-more, #pp-podcast-7318:not(.modern) .ppjs__time-handle-content, .modal-7318 .ppjs__time-handle-content { border-color: #c8102e !important; } #pp-podcast-7318:not(.modern) .ppjs__audio-time-rail, #pp-podcast-7318.lv3 .pod-entry__play, #pp-podcast-7318.lv4 .pod-entry__play, #pp-podcast-7318.gv2 .pod-entry__play, #pp-podcast-7318.modern.wide-player .ppjs__audio .ppjs__button.ppjs__playpause-button button, #pp-podcast-7318.modern.wide-player .ppjs__audio .ppjs__button.ppjs__playpause-button button:hover, #pp-podcast-7318.modern.wide-player .ppjs__audio .ppjs__button.ppjs__playpause-button button:focus, .pp-modal-window .modal-7318 button.episode-list__load-more, .pp-modal-window .modal-7318 .ppjs__audio-time-rail, .pp-modal-window .modal-7318 button.pp-modal-close { background-color: #c8102e !important; } #pp-podcast-7318 .hasCover .ppjs__audio .ppjs__button.ppjs__playpause-button button { background-color: rgba(0, 0, 0, 0.5) !important; } .pp-modal-window .modal-7318 button.episode-list__load-more:hover, .pp-modal-window .modal-7318 button.episode-list__load-more:focus, .pp-modal-window .aux-modal-7318 button.episode-list__load-more:hover, .pp-modal-window .aux-modal-7318 button.episode-list__load-more:focus { background-color: rgba( 200,16,46, 0.7 ) !important; } #pp-podcast-7318 .ppjs__button.toggled-on, .pp-modal-window .modal-7318 .ppjs__button.toggled-on, #pp-podcast-7318.playerview .pod-entry.activeEpisode, .pp-modal-window .modal-7318.playerview .pod-entry.activeEpisode { background-color: rgba( 200,16,46, 0.1 ); } #pp-podcast-7318.postview .episode-list__load-more { background-color: transparent !important; } #pp-podcast-7318.modern:not(.wide-player) .ppjs__audio .ppjs__button.ppjs__playpause-button button *, #pp-podcast-7318.modern:not(.wide-player) .ppjs__audio .ppjs__button.ppjs__playpause-button button:hover *, #pp-podcast-7318.modern:not(.wide-player) .ppjs__audio .ppjs__button.ppjs__playpause-button button:focus * { color: #c8102e !important; } #pp-podcast-7318.modern:not(.wide-player) .ppjs__time-handle-content { border-color: #c8102e !important; } #pp-podcast-7318.modern:not(.wide-player) .ppjs__audio-time-rail { background-color: #c8102e !important; } #pp-podcast-7318, .modal-7318, .aux-modal-7318 { --pp-accent-color: #c8102e; }<\/style>\n\t\t\t<div id=\"pp-podcast-7318\" class=\"pp-podcast single-episode has-header header-hidden has-featured playerview media-audio\"  data-teaser=\"\" data-elength=\"25\" data-eunit=\"\" data-ppsdata=\"{&quot;ppe-7318-1&quot;:{&quot;title&quot;:&quot;112 &#8211; Den f\\u00f8rste innvandring utenfor Europa: Pakistanerne p\\u00e5 1960- og 70-tallet&quot;,&quot;description&quot;:&quot;&lt;p&gt;Epost: Laernorsknaa@gmail.com&lt;\\\/p&gt;\\n&lt;p&gt;&lt;\\\/p&gt;\\n&lt;p&gt;Episoden p\\u00e5 nettstedet: &lt;a href=\\&quot;https:\\\/\\\/laernorsknaa.com\\\/112-den-forste-innvandring-utenfor-europa-pakistanerne-pa-1960-og-70-tallet\\\/\\&quot;&gt;112 &#8211; Den f\\u00f8rste innvandring utenfor Europa: Pakistanerne p\\u00e5 1960- og 70-tallet \\u2013 L\\u00e6r norsk n\\u00e5 (laernorsknaa.com)&lt;\\\/a&gt;&lt;\\\/p&gt;\\n&lt;p&gt;&lt;a href=\\&quot;https:\\\/\\\/laernorsknaa.com\\\/108-forholdet-mellom-norge-og-tyskland\\\/\\&quot;&gt;\\u2060\\u2060&lt;\\\/a&gt;&lt;br \\\/&gt;\\nEpisode p\\u00e5 YouTube: &lt;a href=\\&quot;https:\\\/\\\/youtu.be\\\/oMYAGoB8KDE\\&quot; target=\\&quot;_blank\\&quot; rel=\\&quot;noopener noreferer\\&quot;&gt;https:\\\/\\\/youtu.be\\\/oMYAGoB8KDE&lt;\\\/a&gt;&lt;\\\/p&gt;\\n&lt;p&gt;&lt;\\\/p&gt;\\n&lt;p&gt;&lt;strong&gt;St\\u00f8tt podkasten: &lt;\\\/strong&gt;&lt;\\\/p&gt;\\n&lt;p&gt;Patreon:\\u00a0&lt;a href=\\&quot;https:\\\/\\\/www.patreon.com\\\/laernorsknaa\\&quot;&gt;\\u2060\\u2060\\u2060\\u2060https:\\\/\\\/www.patreon.com\\\/laernorsknaa\\u2060\\u2060\\u2060\\u2060&lt;\\\/a&gt;&lt;\\\/p&gt;\\n&lt;p&gt;Donasjon (Paypal):\\u00a0&lt;a href=\\&quot;https:\\\/\\\/www.paypal.com\\\/donate\\\/?hosted_button_id=KG22H9FPVG22N\\&quot;&gt;\\u2060\\u2060\\u2060\\u2060Doner (paypal.com)\\u2060&lt;\\\/a&gt;&lt;\\\/p&gt;\\n&lt;p&gt;&lt;\\\/p&gt;\\n&lt;p&gt;&lt;\\\/p&gt;\\n&lt;p&gt;&lt;\\\/p&gt;\\n&lt;p&gt;Hei alle sammen. F\\u00f8r vi starter vil jeg bare takke alle som har st\\u00f8ttet&lt;br \\\/&gt;\\nog st\\u00f8tter podkasten p\\u00e5 Patreon eller med en donasjon p\\u00e5 Paypal. Det tar sv\\u00e6rt&lt;br \\\/&gt;\\nmye tid for meg \\u00e5 produsere en episode, s\\u00e5 jeg setter veldig pris p\\u00e5 et lite&lt;br \\\/&gt;\\n\\u00f8konomisk bidrag.&lt;\\\/p&gt;\\n&lt;p&gt;Eller vil jeg bare si at dere ogs\\u00e5 har mulighet til \\u00e5 se denne episoden&lt;br \\\/&gt;\\np\\u00e5 YouTube. Der kan dere se litt aktuelle bilder og videoklipp fra&lt;br \\\/&gt;\\nnorsk-pakistanere som kom p\\u00e5 1960- og 1970-tallet. &lt;\\\/p&gt;\\n&lt;p&gt;Til slutt vil jeg nevne at jeg legger ut en ekstraepisode om de f\\u00f8rste&lt;br \\\/&gt;\\ntyrkerne som kom til Norge p\\u00e5 1970-tallet p\\u00e5 Patreon. Den er eksklusiv for de&lt;br \\\/&gt;\\nsom st\\u00f8tter meg p\\u00e5 Patreon som en takk for st\\u00f8tten. &lt;\\\/p&gt;\\n&lt;p&gt;\\u00a0&lt;\\\/p&gt;\\n&lt;p&gt;I denne episoden skal vi snakke om noen av de f\\u00f8rste innvandrerne som&lt;br \\\/&gt;\\nkom til Norge utenfor Europa. Fram til 1960-tallet var nemlig Norge et homogent&lt;br \\\/&gt;\\nsamfunn. Stort sett alle snakket norsk, var etnisk norske og innvandrerne som&lt;br \\\/&gt;\\nbodde i Norge var stort sett hvite og kom fra andre steder i Europa. P\\u00e5&lt;br \\\/&gt;\\n1960-tallet og utover 1970-tallet skulle dette endre seg. P\\u00e5 1970-tallet fikk&lt;br \\\/&gt;\\nvi den st\\u00f8rste betydelige innvandringen fra utenfor Europa. Disse innvandrerne&lt;br \\\/&gt;\\nkom s\\u00e6rlig fra Pakistan. I denne episoden skal vi snakke litt mer om disse pakistanerne&lt;br \\\/&gt;\\nsom kom til Norge p\\u00e5 1960- og 1970-tallet.&lt;\\\/p&gt;\\n&lt;p&gt;\\u00a0&lt;\\\/p&gt;\\n&lt;p&gt;Innvandrerne fra Pakistan p\\u00e5 1960- og 1970-tallet var selvf\\u00f8lgelig ikke&lt;br \\\/&gt;\\nde f\\u00f8rste som innvandret til Norge. For eksempel har det i flere hundre \\u00e5r&lt;br \\\/&gt;\\nkommet innvandrere fra land som Nederland, Tyskland og de nordiske landene som&lt;br \\\/&gt;\\nSverige, Danmark og Finland. Likevel var det som oftest ikke snakk om store&lt;br \\\/&gt;\\ninnvandrergrupper til Norge, og s\\u00e5 godt som ingen kom fra land utenfor Europa.&lt;br \\\/&gt;\\nFaktisk var nesten alle fra Nord-Europa. Dette vil si at Norge i 1960 var et&lt;br \\\/&gt;\\nsamfunn som nesten bare bestod av hvite personer med lignende skikker og&lt;br \\\/&gt;\\ntradisjoner. Protestantisk luthersk kristendom var den klart st\\u00f8rste&lt;br \\\/&gt;\\nreligionen.&lt;\\\/p&gt;\\n&lt;p&gt;\\u00a0&lt;\\\/p&gt;\\n&lt;p&gt;Historisk var det faktisk flere nordmenn som utvandret fra Norge, enn&lt;br \\\/&gt;\\nfolk som kom som innvandrere til Norge. For eksempel var det veldig mange&lt;br \\\/&gt;\\nnordmenn som reiste til USA p\\u00e5 andre halvdel av 1800-tallet og begynnelsen av&lt;br \\\/&gt;\\n1900-tallet. I tillegg reiste nordmenn til Danmark og Sverige. Mange reiste&lt;br \\\/&gt;\\nogs\\u00e5 til andre steder i Norge som for eksempel Nord-Norge.&lt;\\\/p&gt;\\n&quot;,&quot;author&quot;:&quot;Marius Stangeland&quot;,&quot;date&quot;:&quot;16-04-2024&quot;,&quot;link&quot;:&quot;https:\\\/\\\/podcasters.spotify.com\\\/pod\\\/show\\\/marius-stangeland\\\/episodes\\\/112---Den-frste-innvandring-utenfor-Europa-Pakistanerne-p-1960--og-70-tallet-e2ift6r&quot;,&quot;src&quot;:&quot;https:\\\/\\\/anchor.fm\\\/s\\\/19b5cbd8\\\/podcast\\\/play\\\/85504667\\\/https%3A%2F%2Fd3ctxlq1ktw2nl.cloudfront.net%2Fstaging%2F2024-3-17%2F00fa50c6-dfae-8faf-acb7-c6ad478a6887.mp3&quot;,&quot;featured&quot;:&quot;https:\\\/\\\/laernorsknaa.com\\\/wp-content\\\/uploads\\\/2024\\\/04\\\/4213446-1713290983667-c4a046ce2e2b1-768x768.jpg&quot;,&quot;featured_id&quot;:72717,&quot;mediatype&quot;:&quot;audio&quot;,&quot;season&quot;:0,&quot;categories&quot;:[],&quot;duration&quot;:&quot;18:05&quot;,&quot;episodetype&quot;:&quot;full&quot;,&quot;timestamp&quot;:1713291210,&quot;key&quot;:&quot;6ec9a3c1fb4c208f3a0277a8280c3a76&quot;,&quot;fset&quot;:&quot;https:\\\/\\\/laernorsknaa.com\\\/wp-content\\\/uploads\\\/2024\\\/04\\\/4213446-1713290983667-c4a046ce2e2b1-768x768.jpg 768w, https:\\\/\\\/laernorsknaa.com\\\/wp-content\\\/uploads\\\/2024\\\/04\\\/4213446-1713290983667-c4a046ce2e2b1-300x300.jpg 300w, https:\\\/\\\/laernorsknaa.com\\\/wp-content\\\/uploads\\\/2024\\\/04\\\/4213446-1713290983667-c4a046ce2e2b1-1024x1024.jpg 1024w, https:\\\/\\\/laernorsknaa.com\\\/wp-content\\\/uploads\\\/2024\\\/04\\\/4213446-1713290983667-c4a046ce2e2b1-150x150.jpg 150w, https:\\\/\\\/laernorsknaa.com\\\/wp-content\\\/uploads\\\/2024\\\/04\\\/4213446-1713290983667-c4a046ce2e2b1-1536x1536.jpg 1536w, https:\\\/\\\/laernorsknaa.com\\\/wp-content\\\/uploads\\\/2024\\\/04\\\/4213446-1713290983667-c4a046ce2e2b1-2048x2048.jpg 2048w, https:\\\/\\\/laernorsknaa.com\\\/wp-content\\\/uploads\\\/2024\\\/04\\\/4213446-1713290983667-c4a046ce2e2b1-12x12.jpg 12w, https:\\\/\\\/laernorsknaa.com\\\/wp-content\\\/uploads\\\/2024\\\/04\\\/4213446-1713290983667-c4a046ce2e2b1-100x100.jpg 100w&quot;,&quot;fratio&quot;:1},&quot;load_info&quot;:{&quot;loaded&quot;:1,&quot;displayed&quot;:1,&quot;offset&quot;:0,&quot;maxItems&quot;:1,&quot;src&quot;:&quot;b17db09ac4978c39be4e5d07ad0221d4&quot;,&quot;step&quot;:1,&quot;sortby&quot;:&quot;sort_date_desc&quot;,&quot;filterby&quot;:&quot;112 - Den f\\u00f8rste innvandring utenfor Europa: Pakistanerne&quot;,&quot;fixed&quot;:&quot;&quot;,&quot;args&quot;:{&quot;imgurl&quot;:&quot;https:\\\/\\\/d3t3ozftmdmh3i.cloudfront.net\\\/production\\\/podcast_uploaded\\\/4213446\\\/4213446-1585566145786-524dbdb4bc3cb.jpg&quot;,&quot;imgset&quot;:&quot;&quot;,&quot;display&quot;:&quot;&quot;,&quot;hddesc&quot;:0,&quot;hdfeat&quot;:0,&quot;oricov&quot;:&quot;https:\\\/\\\/d3t3ozftmdmh3i.cloudfront.net\\\/production\\\/podcast_uploaded\\\/4213446\\\/4213446-1585566145786-524dbdb4bc3cb.jpg&quot;,&quot;elength&quot;:25}},&quot;rdata&quot;:{&quot;permalink&quot;:&quot;https:\\\/\\\/laernorsknaa.com\\\/es\\\/wp-json\\\/wp\\\/v2\\\/posts\\\/72721&quot;,&quot;fprint&quot;:&quot;b17db09ac4978c39be4e5d07ad0221d4&quot;,&quot;from&quot;:&quot;feedurl&quot;,&quot;elen&quot;:25,&quot;eunit&quot;:&quot;&quot;,&quot;teaser&quot;:&quot;&quot;,&quot;title&quot;:&quot;L\\u00e6r norsk n\\u00e5!&quot;,&quot;autoplay&quot;:&quot;&quot;}}\"><div class=\"pp-podcast__wrapper\"><div class=\"pp-podcast__info pod-info\"><div class=\"pod-info__header pod-header\"><div class=\"pod-header__image\"><div class=\"pod-header__image-wrapper\"><img decoding=\"async\" class=\"podcast-cover-image\" src=\"https:\/\/d3t3ozftmdmh3i.cloudfront.net\/production\/podcast_uploaded\/4213446\/4213446-1585566145786-524dbdb4bc3cb.jpg\" srcset=\"\" sizes=\"(max-width: 640px) 100vw, 25vw\" alt=\"L\u00e6r norsk n\u00e5!\"><\/div><span class=\"pod-header__image-style\" style=\"display: block; width: 100%; padding-top: 100%\"><\/div><div class=\"pod-header__items pod-items\"><div class=\"pod-items__title\">L\u00e6r norsk n\u00e5!<\/div><div class=\"pod-items__desc\"><p>\u201cL\u00e6r Norsk N\u00e5!\u201d is a podcast for the intermediate Norwegian learner (B1-B2) who wants to listen to authentic Norwegian spoken in a clear and slow manner. Transcriptions for the episodes are easily available at the website for the podcast, providing textual support for the spoken material. The podcast deals with many different topics including history, culture, science, literature, the Norwegian language and more; this provides the learner with a range of different topics in Norwegian, leading to ample opportunity to improve one\u2019s Norwegian. It is also a fun and engaging way of learning!<\/p>\n<\/div><div class=\"pod-items__navi-menu\"><a href=\"https:\/\/podcasts.apple.com\/us\/podcast\/l%C3%A6r-norsk-n%C3%A5\/id1509716748\" class=\"subscribe-item pp-badge apple-sub\" target=\"_blank\"><svg class=\"icon icon-pp-apple\" aria-hidden=\"true\" role=\"img\" focusable=\"false\"><use href=\"#icon-pp-apple\" xlink:href=\"#icon-pp-apple\"><\/use><\/svg><span class=\"sub-text\"><span class=\"sub-listen-text\">Esc\u00fachalo en:<\/span><span class=\"sub-item-text\">Apple Podcasts<\/span><\/span><\/a><a href=\"https:\/\/podcasts.google.com\/feed\/aHR0cHM6Ly9hbmNob3IuZm0vcy8xOWI1Y2JkOC9wb2RjYXN0L3Jzcw==\" class=\"subscribe-item pp-badge google-sub\" target=\"_blank\"><svg class=\"icon icon-pp-google\" aria-hidden=\"true\" role=\"img\" focusable=\"false\"><use href=\"#icon-pp-google\" xlink:href=\"#icon-pp-google\"><\/use><\/svg><span class=\"sub-text\"><span class=\"sub-listen-text\">Esc\u00fachalo en:<\/span><span class=\"sub-item-text\"><span>Google <\/span><span style=\"font-weight: normal;\">P\u00f3dcast<\/span><\/span><\/span><\/a><a href=\"https:\/\/open.spotify.com\/show\/6GWf9sFwRSFcGZMAeFPyvY\" class=\"subscribe-item pp-badge spotify-sub\" target=\"_blank\"><span class=\"sub-text\"><span class=\"sub-listen-text\">Esc\u00fachalo en:<\/span><\/span><svg class=\"icon icon-pp-spotify\" aria-hidden=\"true\" role=\"img\" focusable=\"false\"><use href=\"#icon-pp-spotify\" xlink:href=\"#icon-pp-spotify\"><\/use><\/svg><span class=\"sub-text\"><span class=\"sub-item-text\">Spotify<\/span><\/span><\/a><\/div><\/div><\/div><\/div><div class=\"pp-podcast__content pod-content\"><div class=\"pp-podcast__single\"><div class=\"pp-podcast__player\"><div class=\"pp-player-episode\"><audio id=\"pp-podcast-7318-player\" preload=\"none\" class=\"pp-podcast-episode\" style=\"width: 100%;\" controls=\"controls\"><source type=\"audio\/mpeg\" src=\"https:\/\/anchor.fm\/s\/19b5cbd8\/podcast\/play\/85504667\/https%3A%2F%2Fd3ctxlq1ktw2nl.cloudfront.net%2Fstaging%2F2024-3-17%2F00fa50c6-dfae-8faf-acb7-c6ad478a6887.mp3\" \/><\/audio><\/div><\/div><div class=\"pod-content__episode episode-single\"><button class=\"episode-single__close\" aria-expanded=\"false\" aria-label=\"Cerrar el episodio individual\"><span class=\"btn-icon-wrap\"><svg class=\"icon icon-pp-x\" aria-hidden=\"true\" role=\"img\" focusable=\"false\"><use href=\"#icon-pp-x\" xlink:href=\"#icon-pp-x\"><\/use><\/svg><\/span><\/button><div class=\"episode-single__wrapper\"><div class=\"episode-single__header\"><div class=\"episode-single__title\">112 &#8211; Den f\u00f8rste innvandring utenfor Europa: Pakistanerne p\u00e5 1960- og 70-tallet<\/div><div class=\"episode-single__author\"><span class=\"byname\">por<\/span><span class=\"single-author\">Marius Stangeland<\/span><\/div><\/div><div class=\"episode-single__description\"><p>Epost: Laernorsknaa@gmail.com<\/p><p><\/p><p>Episoden p\u00e5 nettstedet: <a href=\"https:\/\/laernorsknaa.com\/es\/112-den-forste-innvandring-utenfor-europa-pakistanerne-pa-1960-og-70-tallet\/\">112 &#8211; Den f\u00f8rste innvandring utenfor Europa: Pakistanerne p\u00e5 1960- og 70-tallet \u2013 L\u00e6r norsk n\u00e5 (laernorsknaa.com)<\/a><\/p><p><a href=\"https:\/\/laernorsknaa.com\/es\/108-forholdet-mellom-norge-og-tyskland\/\">\u2060\u2060<\/a><br \/>Episode p\u00e5 YouTube: <a href=\"https:\/\/youtu.be\/oMYAGoB8KDE\" target=\"_blank\" rel=\"noopener noreferer\">https:\/\/youtu.be\/oMYAGoB8KDE<\/a><\/p><p><\/p><p><strong>St\u00f8tt podkasten: <\/strong><\/p><p>Patreon:\u00a0<a href=\"https:\/\/www.patreon.com\/laernorsknaa\">\u2060\u2060\u2060\u2060https:\/\/www.patreon.com\/laernorsknaa\u2060\u2060\u2060\u2060<\/a><\/p><p>Donasjon (Paypal):\u00a0<a href=\"https:\/\/www.paypal.com\/donate\/?hosted_button_id=KG22H9FPVG22N\">\u2060\u2060\u2060\u2060Doner (paypal.com)\u2060<\/a><\/p><p><\/p><p><\/p><p><\/p><p>Hei alle sammen. F\u00f8r vi starter vil jeg bare takke alle som har st\u00f8ttet<br \/>og st\u00f8tter podkasten p\u00e5 Patreon eller med en donasjon p\u00e5 Paypal. Det tar sv\u00e6rt<br \/>mye tid for meg \u00e5 produsere en episode, s\u00e5 jeg setter veldig pris p\u00e5 et lite<br \/>\u00f8konomisk bidrag.<\/p><p>Eller vil jeg bare si at dere ogs\u00e5 har mulighet til \u00e5 se denne episoden<br \/>p\u00e5 YouTube. Der kan dere se litt aktuelle bilder og videoklipp fra<br \/>norsk-pakistanere som kom p\u00e5 1960- og 1970-tallet. <\/p><p>Til slutt vil jeg nevne at jeg legger ut en ekstraepisode om de f\u00f8rste<br \/>tyrkerne som kom til Norge p\u00e5 1970-tallet p\u00e5 Patreon. Den er eksklusiv for de<br \/>som st\u00f8tter meg p\u00e5 Patreon som en takk for st\u00f8tten. <\/p><p>\u00a0<\/p><p>I denne episoden skal vi snakke om noen av de f\u00f8rste innvandrerne som<br \/>kom til Norge utenfor Europa. Fram til 1960-tallet var nemlig Norge et homogent<br \/>samfunn. Stort sett alle snakket norsk, var etnisk norske og innvandrerne som<br \/>bodde i Norge var stort sett hvite og kom fra andre steder i Europa. P\u00e5<br \/>1960-tallet og utover 1970-tallet skulle dette endre seg. P\u00e5 1970-tallet fikk<br \/>vi den st\u00f8rste betydelige innvandringen fra utenfor Europa. Disse innvandrerne<br \/>kom s\u00e6rlig fra Pakistan. I denne episoden skal vi snakke litt mer om disse pakistanerne<br \/>som kom til Norge p\u00e5 1960- og 1970-tallet.<\/p><p>\u00a0<\/p><p>Innvandrerne fra Pakistan p\u00e5 1960- og 1970-tallet var selvf\u00f8lgelig ikke<br \/>de f\u00f8rste som innvandret til Norge. For eksempel har det i flere hundre \u00e5r<br \/>kommet innvandrere fra land som Nederland, Tyskland og de nordiske landene som<br \/>Sverige, Danmark og Finland. Likevel var det som oftest ikke snakk om store<br \/>innvandrergrupper til Norge, og s\u00e5 godt som ingen kom fra land utenfor Europa.<br \/>Faktisk var nesten alle fra Nord-Europa. Dette vil si at Norge i 1960 var et<br \/>samfunn som nesten bare bestod av hvite personer med lignende skikker og<br \/>tradisjoner. Protestantisk luthersk kristendom var den klart st\u00f8rste<br \/>religionen.<\/p><p>\u00a0<\/p><p>Historisk var det faktisk flere nordmenn som utvandret fra Norge, enn<br \/>folk som kom som innvandrere til Norge. For eksempel var det veldig mange<br \/>nordmenn som reiste til USA p\u00e5 andre halvdel av 1800-tallet og begynnelsen av<br \/>1900-tallet. I tillegg reiste nordmenn til Danmark og Sverige. Mange reiste<br \/>ogs\u00e5 til andre steder i Norge som for eksempel Nord-Norge.<\/p><\/div><\/div><div class=\"ppjs__img-wrapper\"><div class=\"ppjs__img-btn-cover\"><img decoding=\"async\" class=\"ppjs__img-btn\" src=\"https:\/\/laernorsknaa.com\/wp-content\/uploads\/2024\/04\/4213446-1713290983667-c4a046ce2e2b1-768x768.jpg\" srcset=\"https:\/\/laernorsknaa.com\/wp-content\/uploads\/2024\/04\/4213446-1713290983667-c4a046ce2e2b1-768x768.jpg 768w, https:\/\/laernorsknaa.com\/wp-content\/uploads\/2024\/04\/4213446-1713290983667-c4a046ce2e2b1-300x300.jpg 300w, https:\/\/laernorsknaa.com\/wp-content\/uploads\/2024\/04\/4213446-1713290983667-c4a046ce2e2b1-1024x1024.jpg 1024w, https:\/\/laernorsknaa.com\/wp-content\/uploads\/2024\/04\/4213446-1713290983667-c4a046ce2e2b1-150x150.jpg 150w, https:\/\/laernorsknaa.com\/wp-content\/uploads\/2024\/04\/4213446-1713290983667-c4a046ce2e2b1-1536x1536.jpg 1536w, https:\/\/laernorsknaa.com\/wp-content\/uploads\/2024\/04\/4213446-1713290983667-c4a046ce2e2b1-2048x2048.jpg 2048w, https:\/\/laernorsknaa.com\/wp-content\/uploads\/2024\/04\/4213446-1713290983667-c4a046ce2e2b1-12x12.jpg 12w, https:\/\/laernorsknaa.com\/wp-content\/uploads\/2024\/04\/4213446-1713290983667-c4a046ce2e2b1-100x100.jpg 100w\" sizes=\"(max-width: 640px) 100vw, 300px\" alt=\"112 &#8211; Den f\u00f8rste innvandring utenfor Europa: Pakistanerne p\u00e5 1960- og 70-tallet\"><\/div><span class=\"ppjs__img-btn-style\" style=\"display: block; width: 100%; padding-top: 100%\"><\/div><\/div><\/div><\/div><\/div><div class=\"pod-content__launcher pod-launch\"><button class=\"pod-launch__button pod-launch__info pod-button\" aria-expanded=\"false\"><span class=\"ppjs__offscreen\">Mostrar la informaci\u00f3n del p\u00f3dcast<\/span><span class=\"btn-icon-wrap\"><svg class=\"icon icon-pp-podcast\" aria-hidden=\"true\" role=\"img\" focusable=\"false\"><use href=\"#icon-pp-podcast\" xlink:href=\"#icon-pp-podcast\"><\/use><\/svg><svg class=\"icon icon-pp-x\" aria-hidden=\"true\" role=\"img\" focusable=\"false\"><use href=\"#icon-pp-x\" xlink:href=\"#icon-pp-x\"><\/use><\/svg><\/span><\/button><\/div><\/div>\n\n\n<h2 class=\"wp-block-heading\"><strong>Transcript<\/strong><\/h2>\n\n\n\n<div class=\"wp-block-group transcript has-background\" style=\"background-color:#eff8ff\"><div class=\"wp-block-group__inner-container is-layout-flow wp-block-group-is-layout-flow\">\n<p>Hei alle sammen. F\u00f8r vi starter vil jeg bare takke alle som har st\u00f8ttet og st\u00f8tter podkasten p\u00e5 Patreon eller med en donasjon p\u00e5 Paypal. Det tar sv\u00e6rt mye tid for meg \u00e5 produsere en episode, s\u00e5 jeg setter veldig pris p\u00e5 et lite \u00f8konomisk bidrag.<\/p>\n\n\n\n<p><a href=\"https:\/\/www.patreon.com\/laernorsknaa\">L\u00e6r Norsk N\u00e5! | creating Podcast | Patreon<\/a><\/p>\n\n\n\n<p><a href=\"https:\/\/www.paypal.com\/donate\/?hosted_button_id=KG22H9FPVG22N\">https:\/\/www.paypal.com\/donate\/?hosted_button_id=KG22H9FPVG22N<\/a><\/p>\n\n\n\n<p>Eller vil jeg bare si at dere ogs\u00e5 har mulighet til \u00e5 se denne episoden p\u00e5 YouTube. Der kan dere se litt aktuelle bilder og videoklipp fra norsk-pakistanere som kom p\u00e5 1960- og 1970-tallet.<\/p>\n\n\n\n<figure class=\"wp-block-embed is-type-video is-provider-youtube wp-block-embed-youtube wp-embed-aspect-16-9 wp-has-aspect-ratio\"><div class=\"wp-block-embed__wrapper\">\n<iframe loading=\"lazy\" title=\"The First Non-European Immigrants to Norway: The Pakistani | Norwegian Listening Practice\" width=\"525\" height=\"295\" src=\"https:\/\/www.youtube.com\/embed\/oMYAGoB8KDE?start=918&#038;feature=oembed\" frameborder=\"0\" allow=\"accelerometer; autoplay; clipboard-write; encrypted-media; gyroscope; picture-in-picture; web-share\" referrerpolicy=\"strict-origin-when-cross-origin\" allowfullscreen><\/iframe>\n<\/div><\/figure>\n\n\n\n<p>Til slutt vil jeg nevne at jeg legger ut en ekstraepisode om de f\u00f8rste tyrkerne som kom til Norge p\u00e5 1970-tallet p\u00e5 Patreon. Den er eksklusiv for de som st\u00f8tter meg p\u00e5 Patreon som en takk for st\u00f8tten.<\/p>\n\n\n\n<p>I denne episoden skal vi snakke om noen av de f\u00f8rste innvandrerne som kom til Norge utenfor Europa. Fram til 1960-tallet var nemlig Norge et homogent samfunn. Stort sett alle snakket norsk, var etnisk norske og innvandrerne som bodde i Norge var stort sett hvite og kom fra andre steder i Europa. P\u00e5 1960-tallet og utover 1970-tallet skulle dette endre seg. P\u00e5 1970-tallet fikk vi den st\u00f8rste betydelige innvandringen fra utenfor Europa. Disse innvandrerne kom s\u00e6rlig fra Pakistan. I denne episoden skal vi snakke litt mer om disse pakistanerne som kom til Norge p\u00e5 1960- og 1970-tallet.<\/p>\n\n\n\n<h1 class=\"wp-block-heading\">Innvandring fra Pakistan p\u00e5 1960- og 70-tallet<\/h1>\n\n\n\n<p>Innvandrerne fra Pakistan p\u00e5 1960- og 1970-tallet var selvf\u00f8lgelig ikke de f\u00f8rste som innvandret til Norge. For eksempel har det i flere hundre \u00e5r kommet innvandrere fra land som Nederland, Tyskland og de nordiske landene som Sverige, Danmark og Finland. Likevel var det som oftest ikke snakk om store innvandrergrupper til Norge, og s\u00e5 godt som ingen kom fra land utenfor Europa. Faktisk var nesten alle fra Nord-Europa. Dette vil si at Norge i 1960 var et samfunn som nesten bare bestod av hvite personer med lignende skikker og tradisjoner. Protestantisk luthersk kristendom var den klart st\u00f8rste religionen.<\/p>\n\n\n\n<p>Historisk var det faktisk flere nordmenn som utvandret fra Norge, enn folk som kom som innvandrere til Norge. For eksempel var det veldig mange nordmenn som reiste til USA p\u00e5 andre halvdel av 1800-tallet og begynnelsen av 1900-tallet. I tillegg reiste nordmenn til Danmark og Sverige. Mange reiste ogs\u00e5 til andre steder i Norge som for eksempel Nord-Norge.<\/p>\n\n\n\n<p>Norge ligger helt i periferien i Europa. Vi ligger langt oppi nord i Europa og vi har et kaldt klima. Lenge var Norge et relativt fattig land og det var f\u00e5 som ville reise s\u00e5 langt nord som Norge. Det var f\u00e5 norske politikere som trodde at mange kom til \u00e5 innvandre til Norge. Det var derfor veldig lett \u00e5 komme som innvandrer til Norge fram til 1975. Det var nesten ingen begrensinger p\u00e5 innvandring.<\/p>\n\n\n\n<p>Fra slutten av 1960-tallet skulle dette endre seg. Plutselig ble Norge et land innvandrere reiser til, ikke et land folk reiser fra. P\u00e5 midten av 1960-tallet kom de f\u00f8rste pakistanerne til Norge. De fleste kom fra landsbygda i Punjab, spesielt distriktet Kharain i Gujrat. Faktisk blir Kharain av og til omtalt som \u00abLittle Norway\u00bb av de som bor der siden s\u00e5 mange av dem har slektninger som bor i Norge.<\/p>\n\n\n\n<p>Det var relativt f\u00e5 pakistanere som kom til Norge i begynnelsen, men i 1971 \u00f8kte tallet voldsomt. Da kom det cirka 600 pakistanere til Norge i l\u00f8pet av f\u00f8rste halvdel av 1971. I l\u00f8pet av 1970-tallet kom det nesten 5000 pakistanere til Norge. Nesten alle pakistanerne som kom var unge og enslige menn. De ville nok reise til Norge for \u00e5 pr\u00f8ve \u00e5 f\u00e5 et bedre liv. Dette kan sammenlignes med de f\u00f8rste nordmennene som reiste til USA som ogs\u00e5 stort sett var enslige og unge menn. De aller fleste pakistanerne bosatte seg i Oslo eller omr\u00e5dene rundt Oslo.<\/p>\n\n\n\n<p>Selv om 5000 ikke h\u00f8res s\u00e5 mye ut, m\u00e5 vi huske p\u00e5 at dette var helt nytt i Norge. Det var f\u00e5 nordmenn som visste noe s\u00e6rlig om India. Kanskje hadde de ikke engang sett en person med en annen hudfarge f\u00f8r. Disse nye innvandrerne ble sett p\u00e5 som veldig annerledes. De hadde andre kl\u00e6r, de snakket et annet spr\u00e5k og de s\u00e5 veldig annerledes ut. De skilte seg veldig ut fra andre nordmenn. Men hvorfor kom pakistanerne til Norge?<\/p>\n\n\n\n<p>Det skyldes nok flere faktorer. En viktig faktor var at Norge var blitt rikere. Norge, som mange andre europeiske land, vokste sterkt etter andre verdenskrig. Norge begynte \u00e5 bli et relativt rikt land i en global sammenheng. S\u00e6rlig p\u00e5 1960-tallet ekspanderte \u00f8konomien og vi fikk en st\u00f8rre servicen\u00e6ring, alts\u00e5 en n\u00e6ring preget av tjenester som restauranter og fris\u00f8rer. Denne \u00f8konomiske veksten f\u00f8rte til flere jobber. Flere jobber gjorde at det var behov for flere arbeidere. Vi trengte flere arbeidere for \u00e5 fylle jobbene. Det var alts\u00e5 behov for arbeidsinnvandring p\u00e5 1960-tallet.<\/p>\n\n\n\n<p>I tillegg skjedde det noe sv\u00e6rt viktig i Norge i 1969: vi fant olje! Oljen\u00e6ringa gjorde at det var stor ettersp\u00f8rsel etter arbeidere. Det ble behov for langt flere arbeidere i Norge.<\/p>\n\n\n\n<p>Kanskje den viktigste grunnen var at flere andre land i Vest-Europa hadde innvandringsstopp. Danmark innf\u00f8rte for eksempel innvandringsstopp i 1970. I 1970 ble det alts\u00e5 veldig vanskelig \u00e5 komme til Danmark som arbeidsinnvandrer, spesielt utenfor Europa. Dette var ikke tilfelle i Norge. I Norge var det enn\u00e5 veldig lett \u00e5 komme til. Dette gjorde ogs\u00e5 at flere reiste s\u00e5 langt nord som til Norge.<\/p>\n\n\n\n<p>Det var ogs\u00e5 flere faktorer i Pakistan som gjorde at folk ville utvandre, alts\u00e5 reise bort derfra. Dette gjaldt spesielt rivaliseringen og v\u00e5penkappl\u00f8pet mellom Pakistan og India. Mange trodde ogs\u00e5 at det var fare for krig med India. I tillegg var det nok mange som \u00f8nsket \u00e5 utvandre for \u00e5 oppfylle dr\u00f8mmen om et bedre liv.<\/p>\n\n\n\n<p>Hvordan var det for de f\u00f8rste innvandrerne? Det var nok ikke lett. Mange av pakistanerne som kom til Norge hadde ikke bolig. Faktisk var det en del som sov i parkene i Oslo i 1971. Oslo R\u00f8de Kors laget derfor det f\u00f8rste asylmottaket i Norge. Dette var et sted pakistanerne kunne f\u00e5 bo en stund mens de s\u00f8kte arbeid og l\u00e6rte spr\u00e5ket. Men det var enkle boforhold; pakistanerne bodde trangt i Norge.<\/p>\n\n\n\n<p>Pakistanerne som kom til Norge fikk ofte tunge, slitsomme og lavt betalte jobber som f\u00e5 nordmenn egentlig \u00f8nsket. Norske industrier \u00f8nsket billige og motiverte arbeidere, mens pakistanerne var villige til \u00e5 ta de jobbene som var ledige.<\/p>\n\n\n\n<p>I tillegg var det ulike holdninger blant befolkningen til disse nye innvandrerne. Noen var skeptiske og mente at disse innvandrerne var altfor annerledes. Andre mente at det var greit s\u00e5 lenge det var behov for arbeid. Likevel var det langt mer rasisme p\u00e5 den tida i Norge enn det er i dag. Det var sv\u00e6rt f\u00e5 nordmenn som hadde mye erfaring med folk fra land som var s\u00e5 langt borte. De fleste nordmenn visste egentlig ikke s\u00e5 veldig mye om land og kulturer utenfor Europa. Pakistan f\u00f8ltes nok utrolig langt borte for de fleste nordmenn. Mediene var ogs\u00e5 ganske kritiske til innvandringen. Det er klart at mange av pakistanerne som kom til Norge ble utsatt for hets og rasisme.<\/p>\n\n\n\n<p>La oss h\u00f8re p\u00e5 et lite klipp fra 1971 fra NRK om hva folk i Norge synes om de nye innvandrerne.<\/p>\n\n\n\n<p>Reporter: Synes De at pakistanske fremmedarbeidere har noe i V\u00e5rt Land \u00e5 gj\u00f8re.<\/p>\n\n\n\n<p>Jo det synes jeg absolutt.<\/p>\n\n\n\n<p>Alts\u00e5, jeg mener det at det blir for mange av dem. Det kan bli en farlig invasjon her i landet syns jeg. Hadde de kommet en del av dem hadde det g\u00e5tt alts\u00e5, kunne de kanskje f\u00e5tt seg arbeid. Men det er ikke arbeid til alle disse folka. Ikke boliger heller. Jeg mener &#8230; det er ikke godt for de \u00e5 velge<\/p>\n\n\n\n<p>Nei.<\/p>\n\n\n\n<p>Ja, jeg syns det at de skal f\u00e5 v\u00e6re i fred, de som andre foll, og de trenger hjelp og st\u00f8tte i den tida de trenger. Til de kommer i gang, s\u00e5 syns jeg dem b\u00f8r f\u00e5 hjelp.<\/p>\n\n\n\n<p>Nei, jeg tror ikke det. De har ikke noe \u00e5 gj\u00f8re her.<\/p>\n\n\n\n<p>Selvf\u00f8lgelig kan det v\u00e6re velkomne hadde det v\u00e6rt arbeid til dem. Men som tidene kan kanskje utvikle seg, s\u00e5 kan det v\u00e6re fare for \u00e5 beholde dem. Og en annen ting er at det ikke trives n\u00e5r vinteren kommer. Og kulda.<\/p>\n\n\n\n<p>Hvis de kan snakke spr\u00e5ket, og hvis de kan gj\u00f8re en jobb likt som oss andre folk, skal de ikke bli stilt utenom. Vi er et demokratisk land og da m\u00e5 de ogs\u00e5 f\u00e5 lov \u00e5 v\u00e6re her.<\/p>\n\n\n\n<p>Jeg syns synd p\u00e5 de stakkars menneskene.<\/p>\n\n\n\n<p>Jeg syns de er like gode borgere de som en norsk er i grunnen. &nbsp;Hvis de bare retter seg etter norske lover og norske forhold.<\/p>\n\n\n\n<p>Ja, det er vanskelig det.<\/p>\n\n\n\n<p>Jeg syns n\u00e5 ikke det har noen andre steder \u00e5 v\u00e6re. Og de har jo oppf\u00f8rt seg s\u00e5 fint som jeg har inntrykk av at de har gjort. Og at arbeidsgiverne er forn\u00f8yd med dem. S\u00e5 syns jeg at de i h\u00f8y grad har noe her \u00e5 gj\u00f8re.<\/p>\n\n\n\n<p>Reporter: Hvor mener De at de burde gj\u00f8re av seg?<\/p>\n\n\n\n<p>Der de h\u00f8rer hjemme.<\/p>\n\n\n\n<p>Reporter: Pakistan?<\/p>\n\n\n\n<p>&nbsp;Ja.<\/p>\n\n\n\n<p>Ja, de har vel et hjemland.<\/p>\n\n\n\n<p>Men ikke bare komme her og snylte p\u00e5 samfunnet. De b\u00f8r de ikke gj\u00f8r.<\/p>\n\n\n\n<p>Jeg har inntrykk av at det fins en viss motvilje blant enkelte mennesker.<\/p>\n\n\n\n<p>Reporter: De er ikke enig i at en l\u00f8sning \u00e5 sende dem tilbake til der de kommer fra?<\/p>\n\n\n\n<p>De har vel i grunnen kommet seg ut fra sitt hjemsted for \u00e5 fors\u00f8ke \u00e5 starte p\u00e5 noe bedre. Og hvis vi skal sende dem tilbake, s\u00e5 begynner jo de p\u00e5 b\u00e5nn igjen.<\/p>\n\n\n\n<p>Men det kommer an p\u00e5 om det ikke var best \u00e5 la dem v\u00e6re der nede og sende hjelp til dem p\u00e5 den m\u00e5ten.<\/p>\n\n\n\n<p>Som dere h\u00f8rer er det delte meninger blant nordmenn, akkurat som det er delt meninger i dag om hva folk synes om innvandring. Likevel var det nok st\u00f8rre aksept den gangen for rasistiske ytringer, og mange f\u00f8lte nok at pakistanerne ikke passet inn i Norge. I tillegg oppstod et nytt skjellsord, \u00abpakkis\u00bb, for \u00e5 beskrive pakistanere i Norge. Et skjellsord er et nedsettende ord. Det er et ord, ofte rasistisk, som bevisst blir brukt til \u00e5 se ned p\u00e5 folk. Dette ordet \u00abpakkis\u00bb ble brukt til \u00e5 beskrive pakistanere p\u00e5 en nedsettende m\u00e5te.<\/p>\n\n\n\n<p>I 1975 innf\u00f8rte Norge en stopp for arbeidsinnvandring. Etter dette skulle det blir vanskeligere for folk utenfor Norden \u00e5 reise til Norge. Kravene til arbeidsinnvandring \u00f8kte. For eksempel ble det mye vanskeligere for folk uten utdanning \u00e5 komme til Norge som innvandrere. Likevel var det mange pakistanere som kom som familieinnvandrere til Norge etter hvert. Dette var i st\u00f8rre grad kvinner og barn.<\/p>\n\n\n\n<p>I dag er det ca. 40&nbsp;000 norsk-pakistanere i Norge. 20&nbsp;000 er innvandrere og 20&nbsp;000 er norskf\u00f8dte, alts\u00e5 f\u00f8dt i Norge. Det vil si at det er ca. 50-50 fordeling mellom de som ikke er f\u00f8dt i Norge og de som er f\u00f8dt i Norge. F\u00f8rstegenerasjonen, alts\u00e5 innvandrerne, er i varierende grad integrert i det norske samfunnet. Mange kan norsk, men i veldig varierende grad, og det er ikke alle som snakker det flytende. Blant f\u00f8rstegenerasjonen er det mange som har lavinntektsjobber som for eksempel renholdere og butikkarbeidere. F\u00f8rstegenerasjonen jobbet hardt for at barna deres skulle f\u00e5 et bedre liv i Norge og ofret kanskje sitt eget sosiale liv. Dermed ble de ogs\u00e5 mindre integrert i Norge.<\/p>\n\n\n\n<p>Andre generasjonen av norsk-pakistanere er derimot veldig godt integrerte i det norske samfunnet. De snakker norsk uten aksent, er ofte godt utdannet og kjenner godt til det norske samfunnet. I andregenerasjonen kvinnelige norsk-pakistanere mellom 19 og 24 \u00e5r tar 39 % h\u00f8yere utdanning, mot 36 % av norske kvinner. Blant mannlige norsk-pakistanere mellom 19 og 24 \u00e5r tar 30 % h\u00f8yere utdanning mot 23 % blant norske menn. I tillegg er norsk-pakistanere overrepresentert blant medisinstudenter.<\/p>\n\n\n\n<p>Andregenerasjons norsk-pakistanere gj\u00f8r det derfor sv\u00e6rt godt i det norske samfunnet. Dette ser vi ogs\u00e5 n\u00e5 blant politikere. For eksempel kan vi nevne stortingsrepresentanten Hadia Tajik fra Arbeiderpartiet som har v\u00e6rt kulturminister og arbeidsminister i Norge.<\/p>\n\n\n\n<p>Med pakistanerne kom det nye skikker, ny mat og en ny religion til Norge. Pakistanerne tok med seg matretter fra Pakistan og de tok med seg religionen sin islam. De var muslimer og de fleste norsk-pakistanere i dag er ogs\u00e5 muslimer. En ny sport ble ogs\u00e5 brakt til Norge: Cricket.<\/p>\n\n\n\n<p>Den norsk-pakistanske innvandringen p\u00e5 1960- og 70-tallet markerte et skille i Norge. De var ikke mange, men de ble viktige. Pakistanerne var selvsagt ikke de eneste som kom til Norge i denne perioden. For eksempel var det ogs\u00e5 en del som kom fra Tyrkia, men det var pakistanerne som var den st\u00f8rste gruppa. Det var ogs\u00e5 pakistanere som fikk st\u00f8rst oppmerksomhet.<\/p>\n\n\n\n<p>&nbsp;Med dette ble Norge et mer internasjonalt og flerkulturelt samfunn. Dette er noe som har blitt enda mer framtredende i dag. I dag er Norge et samfunn med mange forskjellige grupper.<\/p>\n<\/div><\/div>","protected":false},"excerpt":{"rendered":"<p>I denne episoden skal vi snakke om noen av de f\u00f8rste innvandrerne som kom til Norge utenfor Europa. Fram til 1960-tallet var nemlig Norge et homogent samfunn. Stort sett alle snakket norsk, var etnisk norske og innvandrerne som bodde i Norge var stort sett hvite og kom fra andre steder i Europa. P\u00e5 1960-tallet og utover 1970-tallet skulle dette endre seg. P\u00e5 1970-tallet fikk vi den st\u00f8rste betydelige innvandringen fra utenfor Europa. Disse innvandrerne kom s\u00e6rlig fra Pakistan. I denne episoden skal vi snakke litt mer om disse pakistanerne som kom til Norge p\u00e5 1960- og 1970-tallet.<\/p>","protected":false},"author":2,"featured_media":72717,"comment_status":"open","ping_status":"closed","sticky":false,"template":"","format":"standard","meta":{"_monsterinsights_skip_tracking":false,"_monsterinsights_sitenote_active":false,"_monsterinsights_sitenote_note":"","_monsterinsights_sitenote_category":0,"footnotes":""},"categories":[5],"tags":[],"class_list":["post-72721","post","type-post","status-publish","format-standard","has-post-thumbnail","hentry","category-podcast"],"yoast_head":"<!-- This site is optimized with the Yoast SEO plugin v26.4 - https:\/\/yoast.com\/wordpress\/plugins\/seo\/ -->\n<title>112 - Den f\u00f8rste innvandring utenfor Europa: Pakistanerne p\u00e5 1960- og 70-tallet &#8211; L\u00e6r norsk n\u00e5<\/title>\n<meta name=\"robots\" content=\"index, follow, max-snippet:-1, max-image-preview:large, max-video-preview:-1\" \/>\n<link rel=\"canonical\" href=\"http:\/\/91.98.205.163:8089\/112-den-forste-innvandring-utenfor-europa-pakistanerne-pa-1960-og-70-tallet\/\" \/>\n<meta property=\"og:locale\" content=\"es_ES\" \/>\n<meta property=\"og:type\" content=\"article\" \/>\n<meta property=\"og:title\" content=\"112 - Den f\u00f8rste innvandring utenfor Europa: Pakistanerne p\u00e5 1960- og 70-tallet &#8211; L\u00e6r norsk n\u00e5\" \/>\n<meta property=\"og:description\" content=\"I denne episoden skal vi snakke om noen av de f\u00f8rste innvandrerne som kom til Norge utenfor Europa. Fram til 1960-tallet var nemlig Norge et homogent samfunn. Stort sett alle snakket norsk, var etnisk norske og innvandrerne som bodde i Norge var stort sett hvite og kom fra andre steder i Europa. P\u00e5 1960-tallet og utover 1970-tallet skulle dette endre seg. P\u00e5 1970-tallet fikk vi den st\u00f8rste betydelige innvandringen fra utenfor Europa. Disse innvandrerne kom s\u00e6rlig fra Pakistan. I denne episoden skal vi snakke litt mer om disse pakistanerne som kom til Norge p\u00e5 1960- og 1970-tallet.\" \/>\n<meta property=\"og:url\" content=\"http:\/\/91.98.205.163:8089\/112-den-forste-innvandring-utenfor-europa-pakistanerne-pa-1960-og-70-tallet\/\" \/>\n<meta property=\"og:site_name\" content=\"L\u00e6r norsk n\u00e5\" \/>\n<meta property=\"article:published_time\" content=\"2024-04-17T08:00:00+00:00\" \/>\n<meta property=\"article:modified_time\" content=\"2024-04-17T08:54:29+00:00\" \/>\n<meta property=\"og:image\" content=\"http:\/\/91.98.205.163:8089\/wp-content\/uploads\/2024\/04\/4213446-1713290983667-c4a046ce2e2b1-scaled.jpg\" \/>\n\t<meta property=\"og:image:width\" content=\"2560\" \/>\n\t<meta property=\"og:image:height\" content=\"2560\" \/>\n\t<meta property=\"og:image:type\" content=\"image\/jpeg\" \/>\n<meta name=\"author\" content=\"Marius Stangeland\" \/>\n<meta name=\"twitter:card\" content=\"summary_large_image\" \/>\n<meta name=\"twitter:label1\" content=\"Escrito por\" \/>\n\t<meta name=\"twitter:data1\" content=\"Marius Stangeland\" \/>\n\t<meta name=\"twitter:label2\" content=\"Tiempo de lectura\" \/>\n\t<meta name=\"twitter:data2\" content=\"10 minutos\" \/>\n<script type=\"application\/ld+json\" class=\"yoast-schema-graph\">{\"@context\":\"https:\/\/schema.org\",\"@graph\":[{\"@type\":\"Article\",\"@id\":\"http:\/\/91.98.205.163:8089\/112-den-forste-innvandring-utenfor-europa-pakistanerne-pa-1960-og-70-tallet\/#article\",\"isPartOf\":{\"@id\":\"http:\/\/91.98.205.163:8089\/112-den-forste-innvandring-utenfor-europa-pakistanerne-pa-1960-og-70-tallet\/\"},\"author\":{\"name\":\"Marius Stangeland\",\"@id\":\"http:\/\/91.98.205.163:8089\/#\/schema\/person\/372f7f766a136344430614732659b5f2\"},\"headline\":\"112 &#8211; Den f\u00f8rste innvandring utenfor Europa: Pakistanerne p\u00e5 1960- og 70-tallet\",\"datePublished\":\"2024-04-17T08:00:00+00:00\",\"dateModified\":\"2024-04-17T08:54:29+00:00\",\"mainEntityOfPage\":{\"@id\":\"http:\/\/91.98.205.163:8089\/112-den-forste-innvandring-utenfor-europa-pakistanerne-pa-1960-og-70-tallet\/\"},\"wordCount\":2302,\"commentCount\":2,\"publisher\":{\"@id\":\"http:\/\/91.98.205.163:8089\/#\/schema\/person\/372f7f766a136344430614732659b5f2\"},\"image\":{\"@id\":\"http:\/\/91.98.205.163:8089\/112-den-forste-innvandring-utenfor-europa-pakistanerne-pa-1960-og-70-tallet\/#primaryimage\"},\"thumbnailUrl\":\"https:\/\/laernorsknaa.com\/wp-content\/uploads\/2024\/04\/4213446-1713290983667-c4a046ce2e2b1-scaled.jpg\",\"articleSection\":[\"Podcast\"],\"inLanguage\":\"es\",\"potentialAction\":[{\"@type\":\"CommentAction\",\"name\":\"Comment\",\"target\":[\"http:\/\/91.98.205.163:8089\/112-den-forste-innvandring-utenfor-europa-pakistanerne-pa-1960-og-70-tallet\/#respond\"]}]},{\"@type\":\"WebPage\",\"@id\":\"http:\/\/91.98.205.163:8089\/112-den-forste-innvandring-utenfor-europa-pakistanerne-pa-1960-og-70-tallet\/\",\"url\":\"http:\/\/91.98.205.163:8089\/112-den-forste-innvandring-utenfor-europa-pakistanerne-pa-1960-og-70-tallet\/\",\"name\":\"112 - Den f\u00f8rste innvandring utenfor Europa: Pakistanerne p\u00e5 1960- og 70-tallet &#8211; L\u00e6r norsk n\u00e5\",\"isPartOf\":{\"@id\":\"http:\/\/91.98.205.163:8089\/#website\"},\"primaryImageOfPage\":{\"@id\":\"http:\/\/91.98.205.163:8089\/112-den-forste-innvandring-utenfor-europa-pakistanerne-pa-1960-og-70-tallet\/#primaryimage\"},\"image\":{\"@id\":\"http:\/\/91.98.205.163:8089\/112-den-forste-innvandring-utenfor-europa-pakistanerne-pa-1960-og-70-tallet\/#primaryimage\"},\"thumbnailUrl\":\"https:\/\/laernorsknaa.com\/wp-content\/uploads\/2024\/04\/4213446-1713290983667-c4a046ce2e2b1-scaled.jpg\",\"datePublished\":\"2024-04-17T08:00:00+00:00\",\"dateModified\":\"2024-04-17T08:54:29+00:00\",\"breadcrumb\":{\"@id\":\"http:\/\/91.98.205.163:8089\/112-den-forste-innvandring-utenfor-europa-pakistanerne-pa-1960-og-70-tallet\/#breadcrumb\"},\"inLanguage\":\"es\",\"potentialAction\":[{\"@type\":\"ReadAction\",\"target\":[\"http:\/\/91.98.205.163:8089\/112-den-forste-innvandring-utenfor-europa-pakistanerne-pa-1960-og-70-tallet\/\"]}]},{\"@type\":\"ImageObject\",\"inLanguage\":\"es\",\"@id\":\"http:\/\/91.98.205.163:8089\/112-den-forste-innvandring-utenfor-europa-pakistanerne-pa-1960-og-70-tallet\/#primaryimage\",\"url\":\"https:\/\/laernorsknaa.com\/wp-content\/uploads\/2024\/04\/4213446-1713290983667-c4a046ce2e2b1-scaled.jpg\",\"contentUrl\":\"https:\/\/laernorsknaa.com\/wp-content\/uploads\/2024\/04\/4213446-1713290983667-c4a046ce2e2b1-scaled.jpg\",\"width\":2560,\"height\":2560},{\"@type\":\"BreadcrumbList\",\"@id\":\"http:\/\/91.98.205.163:8089\/112-den-forste-innvandring-utenfor-europa-pakistanerne-pa-1960-og-70-tallet\/#breadcrumb\",\"itemListElement\":[{\"@type\":\"ListItem\",\"position\":1,\"name\":\"Home\",\"item\":\"http:\/\/91.98.205.163:8089\/\"},{\"@type\":\"ListItem\",\"position\":2,\"name\":\"112 &#8211; Den f\u00f8rste innvandring utenfor Europa: Pakistanerne p\u00e5 1960- og 70-tallet\"}]},{\"@type\":\"WebSite\",\"@id\":\"http:\/\/91.98.205.163:8089\/#website\",\"url\":\"http:\/\/91.98.205.163:8089\/\",\"name\":\"L\u00e6r norsk n\u00e5!\",\"description\":\"Resources and podcasts to learn Norwegian\",\"publisher\":{\"@id\":\"http:\/\/91.98.205.163:8089\/#\/schema\/person\/372f7f766a136344430614732659b5f2\"},\"potentialAction\":[{\"@type\":\"SearchAction\",\"target\":{\"@type\":\"EntryPoint\",\"urlTemplate\":\"http:\/\/91.98.205.163:8089\/?s={search_term_string}\"},\"query-input\":{\"@type\":\"PropertyValueSpecification\",\"valueRequired\":true,\"valueName\":\"search_term_string\"}}],\"inLanguage\":\"es\"},{\"@type\":[\"Person\",\"Organization\"],\"@id\":\"http:\/\/91.98.205.163:8089\/#\/schema\/person\/372f7f766a136344430614732659b5f2\",\"name\":\"Marius Stangeland\",\"image\":{\"@type\":\"ImageObject\",\"inLanguage\":\"es\",\"@id\":\"http:\/\/91.98.205.163:8089\/#\/schema\/person\/image\/\",\"url\":\"https:\/\/secure.gravatar.com\/avatar\/3ed6f06da2edefcae6cf6bb78721e567c1d9117b6b5b9b98efa5ff3b8d0de5c0?s=96&d=retro&r=g\",\"contentUrl\":\"https:\/\/secure.gravatar.com\/avatar\/3ed6f06da2edefcae6cf6bb78721e567c1d9117b6b5b9b98efa5ff3b8d0de5c0?s=96&d=retro&r=g\",\"caption\":\"Marius Stangeland\"},\"logo\":{\"@id\":\"http:\/\/91.98.205.163:8089\/#\/schema\/person\/image\/\"}}]}<\/script>\n<!-- \/ Yoast SEO plugin. -->","yoast_head_json":{"title":"112 - Den f\u00f8rste innvandring utenfor Europa: Pakistanerne p\u00e5 1960- og 70-tallet &#8211; L\u00e6r norsk n\u00e5","robots":{"index":"index","follow":"follow","max-snippet":"max-snippet:-1","max-image-preview":"max-image-preview:large","max-video-preview":"max-video-preview:-1"},"canonical":"http:\/\/91.98.205.163:8089\/112-den-forste-innvandring-utenfor-europa-pakistanerne-pa-1960-og-70-tallet\/","og_locale":"es_ES","og_type":"article","og_title":"112 - Den f\u00f8rste innvandring utenfor Europa: Pakistanerne p\u00e5 1960- og 70-tallet &#8211; L\u00e6r norsk n\u00e5","og_description":"I denne episoden skal vi snakke om noen av de f\u00f8rste innvandrerne som kom til Norge utenfor Europa. Fram til 1960-tallet var nemlig Norge et homogent samfunn. Stort sett alle snakket norsk, var etnisk norske og innvandrerne som bodde i Norge var stort sett hvite og kom fra andre steder i Europa. P\u00e5 1960-tallet og utover 1970-tallet skulle dette endre seg. P\u00e5 1970-tallet fikk vi den st\u00f8rste betydelige innvandringen fra utenfor Europa. Disse innvandrerne kom s\u00e6rlig fra Pakistan. I denne episoden skal vi snakke litt mer om disse pakistanerne som kom til Norge p\u00e5 1960- og 1970-tallet.","og_url":"http:\/\/91.98.205.163:8089\/112-den-forste-innvandring-utenfor-europa-pakistanerne-pa-1960-og-70-tallet\/","og_site_name":"L\u00e6r norsk n\u00e5","article_published_time":"2024-04-17T08:00:00+00:00","article_modified_time":"2024-04-17T08:54:29+00:00","og_image":[{"width":2560,"height":2560,"url":"http:\/\/91.98.205.163:8089\/wp-content\/uploads\/2024\/04\/4213446-1713290983667-c4a046ce2e2b1-scaled.jpg","type":"image\/jpeg"}],"author":"Marius Stangeland","twitter_card":"summary_large_image","twitter_misc":{"Escrito por":"Marius Stangeland","Tiempo de lectura":"10 minutos"},"schema":{"@context":"https:\/\/schema.org","@graph":[{"@type":"Article","@id":"http:\/\/91.98.205.163:8089\/112-den-forste-innvandring-utenfor-europa-pakistanerne-pa-1960-og-70-tallet\/#article","isPartOf":{"@id":"http:\/\/91.98.205.163:8089\/112-den-forste-innvandring-utenfor-europa-pakistanerne-pa-1960-og-70-tallet\/"},"author":{"name":"Marius Stangeland","@id":"http:\/\/91.98.205.163:8089\/#\/schema\/person\/372f7f766a136344430614732659b5f2"},"headline":"112 &#8211; Den f\u00f8rste innvandring utenfor Europa: Pakistanerne p\u00e5 1960- og 70-tallet","datePublished":"2024-04-17T08:00:00+00:00","dateModified":"2024-04-17T08:54:29+00:00","mainEntityOfPage":{"@id":"http:\/\/91.98.205.163:8089\/112-den-forste-innvandring-utenfor-europa-pakistanerne-pa-1960-og-70-tallet\/"},"wordCount":2302,"commentCount":2,"publisher":{"@id":"http:\/\/91.98.205.163:8089\/#\/schema\/person\/372f7f766a136344430614732659b5f2"},"image":{"@id":"http:\/\/91.98.205.163:8089\/112-den-forste-innvandring-utenfor-europa-pakistanerne-pa-1960-og-70-tallet\/#primaryimage"},"thumbnailUrl":"https:\/\/laernorsknaa.com\/wp-content\/uploads\/2024\/04\/4213446-1713290983667-c4a046ce2e2b1-scaled.jpg","articleSection":["Podcast"],"inLanguage":"es","potentialAction":[{"@type":"CommentAction","name":"Comment","target":["http:\/\/91.98.205.163:8089\/112-den-forste-innvandring-utenfor-europa-pakistanerne-pa-1960-og-70-tallet\/#respond"]}]},{"@type":"WebPage","@id":"http:\/\/91.98.205.163:8089\/112-den-forste-innvandring-utenfor-europa-pakistanerne-pa-1960-og-70-tallet\/","url":"http:\/\/91.98.205.163:8089\/112-den-forste-innvandring-utenfor-europa-pakistanerne-pa-1960-og-70-tallet\/","name":"112 - Den f\u00f8rste innvandring utenfor Europa: Pakistanerne p\u00e5 1960- og 70-tallet &#8211; L\u00e6r norsk n\u00e5","isPartOf":{"@id":"http:\/\/91.98.205.163:8089\/#website"},"primaryImageOfPage":{"@id":"http:\/\/91.98.205.163:8089\/112-den-forste-innvandring-utenfor-europa-pakistanerne-pa-1960-og-70-tallet\/#primaryimage"},"image":{"@id":"http:\/\/91.98.205.163:8089\/112-den-forste-innvandring-utenfor-europa-pakistanerne-pa-1960-og-70-tallet\/#primaryimage"},"thumbnailUrl":"https:\/\/laernorsknaa.com\/wp-content\/uploads\/2024\/04\/4213446-1713290983667-c4a046ce2e2b1-scaled.jpg","datePublished":"2024-04-17T08:00:00+00:00","dateModified":"2024-04-17T08:54:29+00:00","breadcrumb":{"@id":"http:\/\/91.98.205.163:8089\/112-den-forste-innvandring-utenfor-europa-pakistanerne-pa-1960-og-70-tallet\/#breadcrumb"},"inLanguage":"es","potentialAction":[{"@type":"ReadAction","target":["http:\/\/91.98.205.163:8089\/112-den-forste-innvandring-utenfor-europa-pakistanerne-pa-1960-og-70-tallet\/"]}]},{"@type":"ImageObject","inLanguage":"es","@id":"http:\/\/91.98.205.163:8089\/112-den-forste-innvandring-utenfor-europa-pakistanerne-pa-1960-og-70-tallet\/#primaryimage","url":"https:\/\/laernorsknaa.com\/wp-content\/uploads\/2024\/04\/4213446-1713290983667-c4a046ce2e2b1-scaled.jpg","contentUrl":"https:\/\/laernorsknaa.com\/wp-content\/uploads\/2024\/04\/4213446-1713290983667-c4a046ce2e2b1-scaled.jpg","width":2560,"height":2560},{"@type":"BreadcrumbList","@id":"http:\/\/91.98.205.163:8089\/112-den-forste-innvandring-utenfor-europa-pakistanerne-pa-1960-og-70-tallet\/#breadcrumb","itemListElement":[{"@type":"ListItem","position":1,"name":"Home","item":"http:\/\/91.98.205.163:8089\/"},{"@type":"ListItem","position":2,"name":"112 &#8211; Den f\u00f8rste innvandring utenfor Europa: Pakistanerne p\u00e5 1960- og 70-tallet"}]},{"@type":"WebSite","@id":"http:\/\/91.98.205.163:8089\/#website","url":"http:\/\/91.98.205.163:8089\/","name":"L\u00e6r norsk n\u00e5!","description":"Recursos y podcasts para aprender noruego","publisher":{"@id":"http:\/\/91.98.205.163:8089\/#\/schema\/person\/372f7f766a136344430614732659b5f2"},"potentialAction":[{"@type":"SearchAction","target":{"@type":"EntryPoint","urlTemplate":"http:\/\/91.98.205.163:8089\/?s={search_term_string}"},"query-input":{"@type":"PropertyValueSpecification","valueRequired":true,"valueName":"search_term_string"}}],"inLanguage":"es"},{"@type":["Person","Organization"],"@id":"http:\/\/91.98.205.163:8089\/#\/schema\/person\/372f7f766a136344430614732659b5f2","name":"Marius Stangeland","image":{"@type":"ImageObject","inLanguage":"es","@id":"http:\/\/91.98.205.163:8089\/#\/schema\/person\/image\/","url":"https:\/\/secure.gravatar.com\/avatar\/3ed6f06da2edefcae6cf6bb78721e567c1d9117b6b5b9b98efa5ff3b8d0de5c0?s=96&d=retro&r=g","contentUrl":"https:\/\/secure.gravatar.com\/avatar\/3ed6f06da2edefcae6cf6bb78721e567c1d9117b6b5b9b98efa5ff3b8d0de5c0?s=96&d=retro&r=g","caption":"Marius Stangeland"},"logo":{"@id":"http:\/\/91.98.205.163:8089\/#\/schema\/person\/image\/"}}]}},"_links":{"self":[{"href":"https:\/\/laernorsknaa.com\/es\/wp-json\/wp\/v2\/posts\/72721","targetHints":{"allow":["GET"]}}],"collection":[{"href":"https:\/\/laernorsknaa.com\/es\/wp-json\/wp\/v2\/posts"}],"about":[{"href":"https:\/\/laernorsknaa.com\/es\/wp-json\/wp\/v2\/types\/post"}],"author":[{"embeddable":true,"href":"https:\/\/laernorsknaa.com\/es\/wp-json\/wp\/v2\/users\/2"}],"replies":[{"embeddable":true,"href":"https:\/\/laernorsknaa.com\/es\/wp-json\/wp\/v2\/comments?post=72721"}],"version-history":[{"count":3,"href":"https:\/\/laernorsknaa.com\/es\/wp-json\/wp\/v2\/posts\/72721\/revisions"}],"predecessor-version":[{"id":72725,"href":"https:\/\/laernorsknaa.com\/es\/wp-json\/wp\/v2\/posts\/72721\/revisions\/72725"}],"wp:featuredmedia":[{"embeddable":true,"href":"https:\/\/laernorsknaa.com\/es\/wp-json\/wp\/v2\/media\/72717"}],"wp:attachment":[{"href":"https:\/\/laernorsknaa.com\/es\/wp-json\/wp\/v2\/media?parent=72721"}],"wp:term":[{"taxonomy":"category","embeddable":true,"href":"https:\/\/laernorsknaa.com\/es\/wp-json\/wp\/v2\/categories?post=72721"},{"taxonomy":"post_tag","embeddable":true,"href":"https:\/\/laernorsknaa.com\/es\/wp-json\/wp\/v2\/tags?post=72721"}],"curies":[{"name":"wp","href":"https:\/\/api.w.org\/{rel}","templated":true}]}}